{"id":1143,"date":"2017-09-19T11:19:39","date_gmt":"2017-09-19T07:19:39","guid":{"rendered":"http:\/\/urpspharma.re\/?p=1143"},"modified":"2017-09-19T11:46:26","modified_gmt":"2017-09-19T07:46:26","slug":"la-dengue-8-aout-2017-3-5","status":"publish","type":"post","link":"https:\/\/urpspharma.re\/?p=1143","title":{"rendered":"Les accueils de jour \u00e0 La R\u00e9union"},"content":{"rendered":"<p>&nbsp;<\/p>\n<p>&nbsp;<\/p>\n<p>Pour Personnes \u00c2g\u00e9es atteintes de la Maladie d\u2019Alzheimer et de troubles apparent\u00e9s.<\/p>\n<p>&nbsp;<\/p>\n<p>&nbsp;<\/p>\n<p>&nbsp;<\/p>\n<p style=\"text-align: left;\"><span style=\"color: #0000ff;\"><strong>SECTEUR SUD<\/strong><\/span><\/p>\n<p><a href=\"https:\/\/drive.google.com\/open?id=0B6INdQizpimkUjNseHE0MlhuTC1wYjV3WHM2UUJEc1RnWF9B\" target=\"_blank\" rel=\"noopener\">Cliquez ici : Accueil Bois d&#8217;Olives<br \/>\n<\/a><\/p>\n<p><a href=\"https:\/\/drive.google.com\/open?id=0B6INdQizpimkTFdlR3pJZHRmQ0hxdkVHNkxxNGh4V05OTnpF\" target=\"_blank\" rel=\"noopener\">Cliquez ici : Accueil Ravine Blanche<\/a><\/p>\n<p><span style=\"color: #0000ff;\"><strong>SECTEUR NORD<\/strong><\/span><\/p>\n<p><a href=\"https:\/\/drive.google.com\/open?id=0B6INdQizpimkcE1keXplUGdkWDRLOTRGSWQwaWZjUnJ2X0k4\" target=\"_blank\" rel=\"noopener\">Cliquez ici : Accueil Croix Rouge Fran\u00e7aise<\/a><\/p>\n<p><a href=\"https:\/\/drive.google.com\/open?id=0B6INdQizpimkV3ZWQm1pajJJVGowWGZ3ZE1Ib1RSakRPUnlv\" target=\"_blank\" rel=\"noopener\">Cliquez ici : Accueil R\u00e9sidence Ast\u00e9ria<\/a><\/p>\n<p><span style=\"color: #0000ff;\"><strong>SECTEUR EST<\/strong><\/span><\/p>\n<p><a href=\"https:\/\/drive.google.com\/open?id=0B6INdQizpimkdDBzVE9NVUd4cVc5bnhRVFJvMXN1ZEFVOUU4\" target=\"_blank\" rel=\"noopener\">Cliquez ici : Accueil Multi sites sur 3 communes<\/a><\/p>\n<p><span style=\"color: #0000ff;\"><strong>SECTEUR OUEST<\/strong><\/span><\/p>\n<p>Un accueil de jour dans l&#8217;Ouest \u00e0 l&#8217;EHPAD M.F Dupuis \u00e0 saint gilles les bains devrait ouvrir ses portes en septembre 2017.<\/p>\n","protected":false},"excerpt":{"rendered":"<p>&nbsp; &nbsp; Pour Personnes \u00c2g\u00e9es atteintes de la Maladie d\u2019Alzheimer et de troubles apparent\u00e9s. &nbsp; &nbsp; &nbsp; SECTEUR SUD Cliquez ici : Accueil Bois d&#8217;Olives Cliquez ici : Accueil Ravine Blanche SECTEUR NORD Cliquez ici : Accueil Croix Rouge Fran\u00e7aise Cliquez ici : Accueil R\u00e9sidence Ast\u00e9ria SECTEUR EST Cliquez ici : Accueil Multi sites sur&hellip;<\/p>\n","protected":false},"author":3,"featured_media":1240,"comment_status":"open","ping_status":"open","sticky":false,"template":"","format":"standard","meta":{"footnotes":""},"categories":[183],"tags":[191,193,190,192],"amp_enabled":true,"_links":{"self":[{"href":"https:\/\/urpspharma.re\/index.php?rest_route=\/wp\/v2\/posts\/1143"}],"collection":[{"href":"https:\/\/urpspharma.re\/index.php?rest_route=\/wp\/v2\/posts"}],"about":[{"href":"https:\/\/urpspharma.re\/index.php?rest_route=\/wp\/v2\/types\/post"}],"author":[{"embeddable":true,"href":"https:\/\/urpspharma.re\/index.php?rest_route=\/wp\/v2\/users\/3"}],"replies":[{"embeddable":true,"href":"https:\/\/urpspharma.re\/index.php?rest_route=%2Fwp%2Fv2%2Fcomments&post=1143"}],"version-history":[{"count":9,"href":"https:\/\/urpspharma.re\/index.php?rest_route=\/wp\/v2\/posts\/1143\/revisions"}],"predecessor-version":[{"id":1241,"href":"https:\/\/urpspharma.re\/index.php?rest_route=\/wp\/v2\/posts\/1143\/revisions\/1241"}],"wp:featuredmedia":[{"embeddable":true,"href":"https:\/\/urpspharma.re\/index.php?rest_route=\/wp\/v2\/media\/1240"}],"wp:attachment":[{"href":"https:\/\/urpspharma.re\/index.php?rest_route=%2Fwp%2Fv2%2Fmedia&parent=1143"}],"wp:term":[{"taxonomy":"category","embeddable":true,"href":"https:\/\/urpspharma.re\/index.php?rest_route=%2Fwp%2Fv2%2Fcategories&post=1143"},{"taxonomy":"post_tag","embeddable":true,"href":"https:\/\/urpspharma.re\/index.php?rest_route=%2Fwp%2Fv2%2Ftags&post=1143"}],"curies":[{"name":"wp","href":"https:\/\/api.w.org\/{rel}","templated":true}]}}