{"id":1254,"date":"2017-09-19T12:52:21","date_gmt":"2017-09-19T08:52:21","guid":{"rendered":"http:\/\/urpspharma.re\/?p=1254"},"modified":"2017-09-19T14:18:31","modified_gmt":"2017-09-19T10:18:31","slug":"la-dengue-8-aout-2017-3-6","status":"publish","type":"post","link":"https:\/\/urpspharma.re\/?p=1254","title":{"rendered":"Freestyle libre : communiqu\u00e9 de presse du 30\/08\/2017"},"content":{"rendered":"<p>L\u2019Union R\u00e9gionale des Professionnels de Sant\u00e9 (URPS) regroupant les Pharmaciens de la R\u00e9union d\u00e9plorent vivement que de fausses informations aient \u00e9t\u00e9 v\u00e9hicul\u00e9es par la presse quotidienne locale sans aucune v\u00e9rification s\u00e9rieuse au pr\u00e9alable.<br \/>\nLe Quotidien de La R\u00e9union a publi\u00e9 le lundi 28 ao\u00fbt un dossier sur un nouveau dispositif m\u00e9dical pr\u00e9sent\u00e9 comme \u201cr\u00e9volutionnaire\u201d pour les patients atteints de diab\u00e8te, en affirmant que le lecteur de glyc\u00e9mie freestyle libre n\u2019\u00e9tait pas disponible dans les pharmacies r\u00e9unionnaises. Il s\u2019agit d\u2019une fausse information regrettable qui m\u00e9rite un erratum.<br \/>\nCette \u201cfake news\u201d a de surcro\u00eet \u00e9t\u00e9 malheureusement reprise par une D\u00e9put\u00e9e de La R\u00e9union le jour m\u00eame, sans v\u00e9rification s\u00e9rieuse non plus, dans une lettre adress\u00e9e au Ministre de La Sant\u00e9 pour lui demander de \u201cd\u00e9bloquer cette situation insupportable\u201d (sic).<\/p>\n<p>Pour en savoir, communiqu\u00e9 de presse en cliquant <span style=\"font-size: 14pt;\"><a href=\"https:\/\/drive.google.com\/open?id=0B6INdQizpimkY0R0bklENGxqVjA\" target=\"_blank\" rel=\"noopener\">ICI<\/a><\/span><\/p>\n<p>Lettre de la D\u00e9put\u00e9e \u00e0 la Ministre en cliquant <span style=\"font-size: 14pt;\"><a href=\"https:\/\/www.clicanoo.re\/Societe\/Article\/2017\/08\/28\/Glucometre-Freestyle-Libre-Bareigts-ecrit-la-Ministre-de-la-sante_487460\" target=\"_blank\" rel=\"noopener\">ICI<\/a><\/span><\/p>\n<p>&nbsp;<\/p>\n<p>Eric CADET, Docteur en pharmacie,<br \/>\nPr\u00e9sident de L\u2019URPS Pharmaciens de La R\u00e9union.<\/p>\n","protected":false},"excerpt":{"rendered":"<p>L\u2019Union R\u00e9gionale des Professionnels de Sant\u00e9 (URPS) regroupant les Pharmaciens de la R\u00e9union d\u00e9plorent vivement que de fausses informations aient \u00e9t\u00e9 v\u00e9hicul\u00e9es par la presse quotidienne locale sans aucune v\u00e9rification s\u00e9rieuse au pr\u00e9alable. Le Quotidien de La R\u00e9union a publi\u00e9 le lundi 28 ao\u00fbt un dossier sur un nouveau dispositif m\u00e9dical pr\u00e9sent\u00e9 comme \u201cr\u00e9volutionnaire\u201d pour&hellip;<\/p>\n","protected":false},"author":3,"featured_media":1256,"comment_status":"open","ping_status":"open","sticky":false,"template":"","format":"standard","meta":{"footnotes":""},"categories":[182],"tags":[210,212,11,209,213,215,211,214],"amp_enabled":true,"_links":{"self":[{"href":"https:\/\/urpspharma.re\/index.php?rest_route=\/wp\/v2\/posts\/1254"}],"collection":[{"href":"https:\/\/urpspharma.re\/index.php?rest_route=\/wp\/v2\/posts"}],"about":[{"href":"https:\/\/urpspharma.re\/index.php?rest_route=\/wp\/v2\/types\/post"}],"author":[{"embeddable":true,"href":"https:\/\/urpspharma.re\/index.php?rest_route=\/wp\/v2\/users\/3"}],"replies":[{"embeddable":true,"href":"https:\/\/urpspharma.re\/index.php?rest_route=%2Fwp%2Fv2%2Fcomments&post=1254"}],"version-history":[{"count":2,"href":"https:\/\/urpspharma.re\/index.php?rest_route=\/wp\/v2\/posts\/1254\/revisions"}],"predecessor-version":[{"id":1258,"href":"https:\/\/urpspharma.re\/index.php?rest_route=\/wp\/v2\/posts\/1254\/revisions\/1258"}],"wp:featuredmedia":[{"embeddable":true,"href":"https:\/\/urpspharma.re\/index.php?rest_route=\/wp\/v2\/media\/1256"}],"wp:attachment":[{"href":"https:\/\/urpspharma.re\/index.php?rest_route=%2Fwp%2Fv2%2Fmedia&parent=1254"}],"wp:term":[{"taxonomy":"category","embeddable":true,"href":"https:\/\/urpspharma.re\/index.php?rest_route=%2Fwp%2Fv2%2Fcategories&post=1254"},{"taxonomy":"post_tag","embeddable":true,"href":"https:\/\/urpspharma.re\/index.php?rest_route=%2Fwp%2Fv2%2Ftags&post=1254"}],"curies":[{"name":"wp","href":"https:\/\/api.w.org\/{rel}","templated":true}]}}