{"id":1500,"date":"2018-02-27T11:32:16","date_gmt":"2018-02-27T07:32:16","guid":{"rendered":"http:\/\/urpspharma.re\/?p=1500"},"modified":"2019-03-07T11:41:52","modified_gmt":"2019-03-07T07:41:52","slug":"la-dengue-8-aout-2017-3-3-2-2-3-3","status":"publish","type":"post","link":"https:\/\/urpspharma.re\/?p=1500","title":{"rendered":"La Dengue : Risque \u00e9pid\u00e9mique \u00e9lev\u00e9"},"content":{"rendered":"<p>&nbsp;<\/p>\n<p><strong>Dengue \u00e0 la R\u00e9union : risque \u00e9lev\u00e9 de survenue d&#8217;une \u00e9pid\u00e9mie de dengue \u00e0 La R\u00e9union dans les semaines \u00e0 venir<\/strong><\/p>\n<p>Au cours des 15 derniers jours, 36 cas r\u00e9cents de dengue ont \u00e9t\u00e9 signal\u00e9s\u00a0portant \u00e0 61 le nombre total de cas, tous autochtones, d\u00e9clar\u00e9s depuis le 1er janvier 2018.<\/p>\n<p>&nbsp;<\/p>\n<p>&nbsp;<\/p>\n<p>Les cas sont localis\u00e9s dans des zones de circulation active du virus :<br \/>\n<strong>\u21d2dans l\u2019ouest<\/strong><br \/>\n&#8211; \u00e0 St-Paul quartiers Gare routi\u00e8re \/ Etang St-Paul (17 cas),<br \/>\n&#8211; \u00e0 St-Paul, Bois de N\u00e8fles (5 cas),<br \/>\n&#8211; \u00e0 Saint Gilles-les-Bains, quartier Carosse (4 cas),<br \/>\n&#8211; au Port, quartier Rivi\u00e8re des galets (2 cas)<\/p>\n<p><strong>\u21d2dans le sud<\/strong><br \/>\n&#8211; \u00e0 Ravine des Cabris, quartier Bois d\u2019Olives (6 cas)<br \/>\n&#8211; \u00e0 St Pierre, quartier Terre rouge (2 cas)<\/p>\n<p><span style=\"color: #0000ff;\">Quel risque pour les semaines \u00e0 venir ?<\/span><\/p>\n<p>L\u2019intensification r\u00e9cente de l\u2019activit\u00e9 virale dans les foyers de circulation du virus de la dengue d\u00e9j\u00e0 connus et l\u2019extension \u00e0 de foyers dans l\u2019ouest et le sud pourraient entra\u00eener des flamb\u00e9es \u00e9pid\u00e9miques au cours des semaines \u00e0 venir. Le risque de survenue d\u2019une \u00e9pid\u00e9mie de dengue \u00e0 La R\u00e9union pour la saison 2017\/2018 est \u00e9lev\u00e9.<br \/>\nCe contexte de circulation persistante du virus de la dengue durant l\u2019hiver austral et sur plusieurs communes rappelle l\u2019\u00e9pid\u00e9mie de chikungunya de 2005\/2006 qui avait vu \u00e9galement la persistance d\u2019une circulation virale pendant tout l\u2019hiver austral 2005 avant d\u2019exploser d\u00e9but 2006. Bien que les situations soient distinctes (diff\u00e9rences de virus, du dimensionnement du service de lutte antivectorielle &#8230;), il nous semble important de se pr\u00e9parer, \u00e0 un risque \u00e9lev\u00e9 de survenue d&#8217;une \u00e9pid\u00e9mie de dengue \u00e0 La R\u00e9union dans les semaines \u00e0 venir, par rapport aux ann\u00e9es pr\u00e9c\u00e9dentes.<br \/>\nAussi, afin d\u2019identifier au plus vite la survenue de nouveaux cas, l\u2019apparition puis l\u2019installation de formes graves ou l\u2019identification de nouvelles zones de transmission active du virus sur l\u2019\u00eele, les professionnels de sant\u00e9 doivent rester vigilants, et faire confirmer biologiquement toute suspicion clinique de dengue.<\/p>\n<p>&nbsp;<\/p>\n<p>Point \u00e9pid\u00e9miologique N\u00b012 du 19 f\u00e9vrier 2018 en cliquant<span style=\"color: #0000ff;\"><a style=\"color: #0000ff;\" href=\"https:\/\/drive.google.com\/open?id=0B6INdQizpimkcjFyZy1Ra3lLUWNwUVJFS1R6N29xVGRzU19z\" target=\"_blank\" rel=\"noopener noreferrer\"><span style=\"font-size: 14pt;\"> ICI<\/span><\/a><\/span><\/p>\n<p>Vous pouvez \u00e9galement retrouver plus d&#8217;informations sur le site Sant\u00e9 public France en cliquant<span style=\"font-size: 14pt; color: #0000ff;\"> <a style=\"color: #0000ff;\" href=\"http:\/\/invs.santepubliquefrance.fr\/Publications-et-outils\/Points-epidemiologiques\/(node_id)\/109\/(aa_localisation)\/La%2BR%C3%A9union\" target=\"_blank\" rel=\"noopener noreferrer\">ICI<\/a><\/span><\/p>\n","protected":false},"excerpt":{"rendered":"<p>&nbsp; Dengue \u00e0 la R\u00e9union : risque \u00e9lev\u00e9 de survenue d&#8217;une \u00e9pid\u00e9mie de dengue \u00e0 La R\u00e9union dans les semaines \u00e0 venir Au cours des 15 derniers jours, 36 cas r\u00e9cents de dengue ont \u00e9t\u00e9 signal\u00e9s\u00a0portant \u00e0 61 le nombre total de cas, tous autochtones, d\u00e9clar\u00e9s depuis le 1er janvier 2018. &nbsp; &nbsp; Les cas&hellip;<\/p>\n","protected":false},"author":3,"featured_media":1487,"comment_status":"open","ping_status":"open","sticky":false,"template":"","format":"standard","meta":{"footnotes":""},"categories":[183,293],"tags":[185,48,186,184],"amp_enabled":true,"_links":{"self":[{"href":"https:\/\/urpspharma.re\/index.php?rest_route=\/wp\/v2\/posts\/1500"}],"collection":[{"href":"https:\/\/urpspharma.re\/index.php?rest_route=\/wp\/v2\/posts"}],"about":[{"href":"https:\/\/urpspharma.re\/index.php?rest_route=\/wp\/v2\/types\/post"}],"author":[{"embeddable":true,"href":"https:\/\/urpspharma.re\/index.php?rest_route=\/wp\/v2\/users\/3"}],"replies":[{"embeddable":true,"href":"https:\/\/urpspharma.re\/index.php?rest_route=%2Fwp%2Fv2%2Fcomments&post=1500"}],"version-history":[{"count":4,"href":"https:\/\/urpspharma.re\/index.php?rest_route=\/wp\/v2\/posts\/1500\/revisions"}],"predecessor-version":[{"id":2061,"href":"https:\/\/urpspharma.re\/index.php?rest_route=\/wp\/v2\/posts\/1500\/revisions\/2061"}],"wp:featuredmedia":[{"embeddable":true,"href":"https:\/\/urpspharma.re\/index.php?rest_route=\/wp\/v2\/media\/1487"}],"wp:attachment":[{"href":"https:\/\/urpspharma.re\/index.php?rest_route=%2Fwp%2Fv2%2Fmedia&parent=1500"}],"wp:term":[{"taxonomy":"category","embeddable":true,"href":"https:\/\/urpspharma.re\/index.php?rest_route=%2Fwp%2Fv2%2Fcategories&post=1500"},{"taxonomy":"post_tag","embeddable":true,"href":"https:\/\/urpspharma.re\/index.php?rest_route=%2Fwp%2Fv2%2Ftags&post=1500"}],"curies":[{"name":"wp","href":"https:\/\/api.w.org\/{rel}","templated":true}]}}