{"id":1791,"date":"2018-05-15T09:37:38","date_gmt":"2018-05-15T05:37:38","guid":{"rendered":"http:\/\/urpspharma.re\/?p=1791"},"modified":"2018-05-20T10:00:33","modified_gmt":"2018-05-20T06:00:33","slug":"rencontre-interprofessionnelle","status":"publish","type":"post","link":"https:\/\/urpspharma.re\/?p=1791","title":{"rendered":"Rencontre Interprofessionnelle"},"content":{"rendered":"<p><span style=\"font-size: 10pt;\"><strong>RENCONTRE INTERPROFESSIONNELLE &#8211; Grossesse Et Alcool : Quels Acteurs En Jeu Sur Votre Territoire ?<\/strong><\/span><\/p>\n<p><span style=\"font-size: 10pt;\"><strong>Les 22 mai et 04 juin 2018<\/strong><\/span><\/p>\n<p>&nbsp;<\/p>\n<p><img loading=\"lazy\" decoding=\"async\" class=\"aligncenter size-full wp-image-1792\" src=\"http:\/\/urpspharma.re\/wp-content\/uploads\/2018\/05\/IMAGE-RENCONTRE-INTERPROFESSIONNELLE.png\" alt=\"\" width=\"920\" height=\"182\" srcset=\"https:\/\/urpspharma.re\/wp-content\/uploads\/2018\/05\/IMAGE-RENCONTRE-INTERPROFESSIONNELLE.png 920w, https:\/\/urpspharma.re\/wp-content\/uploads\/2018\/05\/IMAGE-RENCONTRE-INTERPROFESSIONNELLE-300x59.png 300w, https:\/\/urpspharma.re\/wp-content\/uploads\/2018\/05\/IMAGE-RENCONTRE-INTERPROFESSIONNELLE-768x152.png 768w\" sizes=\"(max-width: 920px) 100vw, 920px\" \/><\/p>\n<div><\/div>\n<div>\n<div style=\"text-align: justify;\"><\/div>\n<div><\/div>\n<\/div>\n<div>\n<div>\n<div>SAOME organise<strong>\u00a0deux rencontres interprofessionnelles<\/strong>\u00a0sur la th\u00e9matique : \u201c\u00a0<strong>Grossesse et alcool : quels acteurs en jeu sur votre territoire ?\u00a0<\/strong>\u201d<\/div>\n<div>\nL&#8217;objectif de ces soir\u00e9es est de permettre aux professionnels (de sant\u00e9, de la p\u00e9rinatalit\u00e9, de l&#8217;addictologie, du m\u00e9dico-social, du social\u2026) d&#8217;identifier plus facilement les dispositifs de soins et de prise en charge existants pour les femmes et leurs enfants dans le cadre du plan d&#8217;action r\u00e9gional d&#8217;action sur la pr\u00e9vention et la prise en charge des Troubles Caus\u00e9s par l&#8217;Alcoolisation F\u0153tale.<\/div>\n<div>\nDans ce cadre,<\/div>\n<ul>\n<li>le\u00a0<strong>centre de ressources ETCAF*<\/strong>,<\/li>\n<li>les\u00a0<strong>\u00e9quipes mobiles de l&#8217;A.N.P.A.A.974 \u00ab Fil d&#8217;ARIAAN \u00bb<\/strong>\u00a0(<em>Agir contre les Risques Inh\u00e9rents \u00e0 l&#8217;Alcoolisation Ant\u00e9natale<\/em>),<\/li>\n<li>le\u00a0<strong>r\u00e9seau p\u00e9rinatal R\u00e9union \u2013 REPERE<\/strong>\u00a0(<em>R\u00e9seau p\u00e9rinatal de La R\u00e9union<\/em>),<\/li>\n<li>le\u00a0<strong>r\u00e9seau r\u00e9gional d&#8217;addictologie \u2013 SAOME<\/strong>\u00a0(<em>Sant\u00e9 Addictions Outre-Mer<\/em>),<\/li>\n<\/ul>\n<div>*\u00a0<em>Ensemble des Troubles Caus\u00e9s par l&#8217;Alcoolisation F\u0153tale<\/em><\/div>\n<div><\/div>\n<div>vous attendent nombreux pour ces deux soir\u00e9es.<\/div>\n<div><\/div>\n<div>Ces rencontres seront aussi l&#8217;occasion d&#8217;\u00e9changes entre les professionnels pr\u00e9sents.<\/div>\n<div><\/div>\n<div>\n<ul>\n<li><span style=\"color: #33cccc;\"><strong>Programme pr\u00e9visionnel :<\/strong><\/span>\n<ul>\n<li><strong>Pr\u00e9sentation du contexte de prise en charge des TCAF<\/strong>\u00a0par le Pr B\u00e9r\u00e9nice Doray, directrice du Centre ressources ETCAF.<\/li>\n<li><strong>Vignettes cliniques et \u00e9changes interactifs<\/strong>\u00a0avec les participants.<\/li>\n<li><strong>Pr\u00e9sentation des structures ou dispositifs<\/strong>\u00a0:\n<ul>\n<li>Centre de ressources ETCAF \u2013 Pr B\u00e9r\u00e9nice DORAY \u2013 Barbara DELMOTTE<\/li>\n<li>Equipes mobiles de l&#8217;ANPAA 974 \u2013 Karine JOSSE \u2013 St\u00e9phanie SOTACA<\/li>\n<li>REPERE \u2013 Sylvie BOUKERROU<\/li>\n<\/ul>\n<\/li>\n<\/ul>\n<\/li>\n<\/ul>\n<div><\/div>\n<div>Ces pr\u00e9sentations seront suivies d&#8217;\u00e9changes avec les participants, et de propositions d&#8217;implications des volontaires pr\u00e9sents dans les r\u00e9flexions \u00e0 venir.<\/div>\n<\/div>\n<div><\/div>\n<\/div>\n<ul>\n<li><span style=\"color: #33cccc;\"><strong>Public cible :<\/strong><\/span>\n<ul>\n<li>M\u00e9decins,<\/li>\n<li>Infirmiers,<\/li>\n<li>Sage femmes,<\/li>\n<li>Psychologues,<\/li>\n<li>Educateurs sp\u00e9cialis\u00e9s,<\/li>\n<li>Assistants sociaux,<\/li>\n<li>Autres professionnels (notamment du 1er recours).<\/li>\n<\/ul>\n<\/li>\n<\/ul>\n<div><\/div>\n<ul>\n<li><span style=\"color: #33cccc;\"><strong>Horaires :<\/strong><\/span>\n<ul>\n<li><strong>19 h 30<\/strong>\u00a0&#8211;\u00a0<strong>21 h 30<\/strong><\/li>\n<\/ul>\n<\/li>\n<\/ul>\n<\/div>\n<div><img loading=\"lazy\" decoding=\"async\" class=\"aligncenter  wp-image-1794\" src=\"http:\/\/urpspharma.re\/wp-content\/uploads\/2018\/05\/dates.png\" alt=\"\" width=\"450\" height=\"174\" srcset=\"https:\/\/urpspharma.re\/wp-content\/uploads\/2018\/05\/dates.png 719w, https:\/\/urpspharma.re\/wp-content\/uploads\/2018\/05\/dates-300x116.png 300w\" sizes=\"(max-width: 450px) 100vw, 450px\" \/><\/div>\n<div><\/div>\n<div>\n<div>Nous vous remercions de\u00a0<strong>confirmer votre participation<\/strong>\u00a0en remplissant ce<span style=\"color: #33cccc;\">\u00a0<a style=\"color: #33cccc;\" href=\"http:\/\/z4xl.r.a.d.sendibm1.com\/track\/click\/k4wpsodc6pj3d\" target=\"_blank\" rel=\"noopener noreferrer\" data-saferedirecturl=\"https:\/\/www.google.com\/url?hl=fr&amp;q=http:\/\/z4xl.r.a.d.sendibm1.com\/track\/click\/k4wpsodc6pj3d&amp;source=gmail&amp;ust=1526449109248000&amp;usg=AFQjCNESiZX4iVfFBK5I5BhlMTvQlbNF8A\">formulaire d&#8217;inscription<\/a>,<\/span> ou en t\u00e9l\u00e9phonant au 0262 22 10 04.<\/div>\n<div><\/div>\n<div>Pour toute information compl\u00e9mentaire, n&#8217;h\u00e9sitez pas \u00e0 joindre\u00a0<strong>M. Didier FILO<\/strong>, infirmier coordinateur d&#8217;appui au 0692 82 07 19, ou\u00a0<strong>Mme Sandrine MARIN<\/strong>, coordinatrice d&#8217;appui au 0692 82 06 18.<\/div>\n<p><em>Un buffet froid sera offert au cours de la soir\u00e9e.<\/em><\/div>\n<div><\/div>\n<div><\/div>\n<div><a href=\"http:\/\/rra974.saome.fr\/\" target=\"_blank\" rel=\"noopener\"><img loading=\"lazy\" decoding=\"async\" class=\"aligncenter  wp-image-1795\" src=\"http:\/\/urpspharma.re\/wp-content\/uploads\/2018\/05\/visiter-le-site.png\" alt=\"\" width=\"342\" height=\"50\" srcset=\"https:\/\/urpspharma.re\/wp-content\/uploads\/2018\/05\/visiter-le-site.png 506w, https:\/\/urpspharma.re\/wp-content\/uploads\/2018\/05\/visiter-le-site-300x44.png 300w\" sizes=\"(max-width: 342px) 100vw, 342px\" \/><\/a><\/div>\n<div><\/div>\n<div><\/div>\n","protected":false},"excerpt":{"rendered":"<p>RENCONTRE INTERPROFESSIONNELLE &#8211; Grossesse Et Alcool : Quels Acteurs En Jeu Sur Votre Territoire ? Les 22 mai et 04 juin 2018 &nbsp; SAOME organise\u00a0deux rencontres interprofessionnelles\u00a0sur la th\u00e9matique : \u201c\u00a0Grossesse et alcool : quels acteurs en jeu sur votre territoire ?\u00a0\u201d L&#8217;objectif de ces soir\u00e9es est de permettre aux professionnels (de sant\u00e9, de la&hellip;<\/p>\n","protected":false},"author":3,"featured_media":1799,"comment_status":"open","ping_status":"open","sticky":false,"template":"","format":"standard","meta":{"footnotes":""},"categories":[196,182],"tags":[269,270,20,102,255,268,267,21,239],"amp_enabled":true,"_links":{"self":[{"href":"https:\/\/urpspharma.re\/index.php?rest_route=\/wp\/v2\/posts\/1791"}],"collection":[{"href":"https:\/\/urpspharma.re\/index.php?rest_route=\/wp\/v2\/posts"}],"about":[{"href":"https:\/\/urpspharma.re\/index.php?rest_route=\/wp\/v2\/types\/post"}],"author":[{"embeddable":true,"href":"https:\/\/urpspharma.re\/index.php?rest_route=\/wp\/v2\/users\/3"}],"replies":[{"embeddable":true,"href":"https:\/\/urpspharma.re\/index.php?rest_route=%2Fwp%2Fv2%2Fcomments&post=1791"}],"version-history":[{"count":5,"href":"https:\/\/urpspharma.re\/index.php?rest_route=\/wp\/v2\/posts\/1791\/revisions"}],"predecessor-version":[{"id":1802,"href":"https:\/\/urpspharma.re\/index.php?rest_route=\/wp\/v2\/posts\/1791\/revisions\/1802"}],"wp:featuredmedia":[{"embeddable":true,"href":"https:\/\/urpspharma.re\/index.php?rest_route=\/wp\/v2\/media\/1799"}],"wp:attachment":[{"href":"https:\/\/urpspharma.re\/index.php?rest_route=%2Fwp%2Fv2%2Fmedia&parent=1791"}],"wp:term":[{"taxonomy":"category","embeddable":true,"href":"https:\/\/urpspharma.re\/index.php?rest_route=%2Fwp%2Fv2%2Fcategories&post=1791"},{"taxonomy":"post_tag","embeddable":true,"href":"https:\/\/urpspharma.re\/index.php?rest_route=%2Fwp%2Fv2%2Ftags&post=1791"}],"curies":[{"name":"wp","href":"https:\/\/api.w.org\/{rel}","templated":true}]}}