{"id":1856,"date":"2018-07-18T09:49:38","date_gmt":"2018-07-18T05:49:38","guid":{"rendered":"http:\/\/urpspharma.re\/?p=1856"},"modified":"2020-02-21T15:44:02","modified_gmt":"2020-02-21T11:44:02","slug":"la-dengue-8-aout-2017-3-3-2-2-3-3-2-3-2","status":"publish","type":"post","link":"https:\/\/urpspharma.re\/?p=1856","title":{"rendered":"DENGUE : MAINTIEN DE L\u2019\u00c9PID\u00c9MIE A UN NIVEAU \u00c9LEV\u00c9"},"content":{"rendered":"<p><strong>Maintien de l\u2019\u00e9pid\u00e9mie \u00e0 un niveau \u00e9lev\u00e9 malgr\u00e9 une baisse du nombre de cas.<\/strong><\/p>\n<p>Depuis le d\u00e9but de l\u2019ann\u00e9e 2018, 6152 cas de dengue biologiquement confirm\u00e9s ou pro-<br \/>\nbables ont \u00e9t\u00e9 signal\u00e9s.<\/p>\n<p style=\"text-align: justify;\"><strong>Du 2 juillet au 08 juillet,\u00a0119 cas de dengue probables ou confirm\u00e9s ont \u00e9t\u00e9 diagnostiqu\u00e9s et sont r\u00e9partis dans les zones suivantes\u00a0:<\/strong><\/p>\n<p><strong><span style=\"text-decoration: underline;\">Dans l\u2019ouest<\/span> : <\/strong><\/p>\n<p><strong>Bois de N\u00e8fles et La Plaine (12 cas), St-Paul, Gare routi\u00e8re et<\/strong><br \/>\n<strong>Etang (14 cas), Le Port (21 cas), La Possession (18 cas), St-Gilles-les-Bains<\/strong><br \/>\n<strong>(9 cas), St-Leu (3 cas), St-Gilles-les-Hauts (5 cas).<\/strong><\/p>\n<p><strong><span style=\"text-decoration: underline;\">Dans le sud<\/span> : <\/strong><\/p>\n<p><strong>Ravine des Cabris (5 cas), St-Pierre (4 cas), Etang Sal\u00e9 (3 cas),<\/strong><br \/>\n<strong>St Louis (5 cas), le Tampon (4 cas), Les Avirons (3 cas), Saint-Joseph (1 cas)<\/strong><br \/>\n<strong>et St Philippe (1 cas).<\/strong><\/p>\n<p><strong><span style=\"text-decoration: underline;\">Dans le nord<\/span> : <\/strong><\/p>\n<p><strong>St-Denis ville (3 cas), La Montagne (1 cas), Ste-Clotilde (2 cas),<\/strong><br \/>\n<strong>Ste-Marie (1 cas).<\/strong><\/p>\n<p>Point \u00e9pid\u00e9miologique N\u00b056 du 17 juillet 2018 en cliquant<a href=\"https:\/\/drive.google.com\/file\/d\/0B6INdQizpimkTEhjbDAxT1VIS1YyZlUwRWFYbmFmZUVHcjBF\/view?usp=sharing\" target=\"_blank\" rel=\"noopener noreferrer\"><span style=\"color: #0000ff;\"><span style=\"font-size: 14pt;\"> ICI<\/span><\/span><\/a><\/p>\n<p>Vous pouvez \u00e9galement retrouver plus d&#8217;informations sur le site Sant\u00e9 public France en cliquant<span style=\"font-size: 14pt; color: #0000ff;\"> <a style=\"color: #0000ff;\" href=\"http:\/\/invs.santepubliquefrance.fr\/Publications-et-outils\/Points-epidemiologiques\/(node_id)\/109\/(aa_localisation)\/La%2BR%C3%A9union\" target=\"_blank\" rel=\"noopener noreferrer\">ICI<\/a><\/span><\/p>\n","protected":false},"excerpt":{"rendered":"<p>Maintien de l\u2019\u00e9pid\u00e9mie \u00e0 un niveau \u00e9lev\u00e9 malgr\u00e9 une baisse du nombre de cas. Depuis le d\u00e9but de l\u2019ann\u00e9e 2018, 6152 cas de dengue biologiquement confirm\u00e9s ou pro- bables ont \u00e9t\u00e9 signal\u00e9s. Du 2 juillet au 08 juillet,\u00a0119 cas de dengue probables ou confirm\u00e9s ont \u00e9t\u00e9 diagnostiqu\u00e9s et sont r\u00e9partis dans les zones suivantes\u00a0: Dans&hellip;<\/p>\n","protected":false},"author":3,"featured_media":1487,"comment_status":"open","ping_status":"open","sticky":false,"template":"","format":"standard","meta":{"footnotes":""},"categories":[182,183,293],"tags":[80,185,48,283,65,186,184,100],"amp_enabled":true,"_links":{"self":[{"href":"https:\/\/urpspharma.re\/index.php?rest_route=\/wp\/v2\/posts\/1856"}],"collection":[{"href":"https:\/\/urpspharma.re\/index.php?rest_route=\/wp\/v2\/posts"}],"about":[{"href":"https:\/\/urpspharma.re\/index.php?rest_route=\/wp\/v2\/types\/post"}],"author":[{"embeddable":true,"href":"https:\/\/urpspharma.re\/index.php?rest_route=\/wp\/v2\/users\/3"}],"replies":[{"embeddable":true,"href":"https:\/\/urpspharma.re\/index.php?rest_route=%2Fwp%2Fv2%2Fcomments&post=1856"}],"version-history":[{"count":2,"href":"https:\/\/urpspharma.re\/index.php?rest_route=\/wp\/v2\/posts\/1856\/revisions"}],"predecessor-version":[{"id":2057,"href":"https:\/\/urpspharma.re\/index.php?rest_route=\/wp\/v2\/posts\/1856\/revisions\/2057"}],"wp:featuredmedia":[{"embeddable":true,"href":"https:\/\/urpspharma.re\/index.php?rest_route=\/wp\/v2\/media\/1487"}],"wp:attachment":[{"href":"https:\/\/urpspharma.re\/index.php?rest_route=%2Fwp%2Fv2%2Fmedia&parent=1856"}],"wp:term":[{"taxonomy":"category","embeddable":true,"href":"https:\/\/urpspharma.re\/index.php?rest_route=%2Fwp%2Fv2%2Fcategories&post=1856"},{"taxonomy":"post_tag","embeddable":true,"href":"https:\/\/urpspharma.re\/index.php?rest_route=%2Fwp%2Fv2%2Ftags&post=1856"}],"curies":[{"name":"wp","href":"https:\/\/api.w.org\/{rel}","templated":true}]}}