{"id":1890,"date":"2018-10-09T09:52:56","date_gmt":"2018-10-09T05:52:56","guid":{"rendered":"http:\/\/urpspharma.re\/?p=1890"},"modified":"2018-11-19T12:10:07","modified_gmt":"2018-11-19T08:10:07","slug":"la-dengue-8-aout-2017-3-4-3","status":"publish","type":"post","link":"https:\/\/urpspharma.re\/?p=1890","title":{"rendered":"Lib&#8217; sans tabac &#8211; INSCRIPTION Formation DPC"},"content":{"rendered":"<div><\/div>\n<div>\n<div class=\"fl-col-group fl-node-5b00f2f2b592a fl-col-group-nested\" data-node=\"5b00f2f2b592a\">\n<div class=\"fl-col fl-node-5b00f2f2b5c40\" data-node=\"5b00f2f2b5c40\">\n<div class=\"fl-col-content fl-node-content\">\n<div class=\"fl-module fl-module-rich-text fl-node-59d330c18284a\" data-node=\"59d330c18284a\">\n<div class=\"fl-module-content fl-node-content\">\n<div class=\"fl-rich-text\">\n<table style=\"width: 100%; border-collapse: collapse; background-color: #285087;\" border=\"1\">\n<tbody>\n<tr>\n<td style=\"width: 100%;\">\n<p style=\"text-align: center;\"><span style=\"color: #ffffff;\"><strong>Formations\u00a0<span class=\"il\">DPC<\/span>\u00a0\u00ab\u00a0Comment prescrire et accompagner le sevrage tabagique de vos patients\u00a0\u00bb<\/strong><\/span><\/p>\n<p style=\"text-align: center;\"><span style=\"color: #ffffff;\">Inter-URPS oc\u00e9an indien &#8211; Tip@sant\u00e9<\/span><br \/>\n<span style=\"color: #ffffff;\">Entre septembre et octobre 2018<\/span><\/p>\n<\/td>\n<\/tr>\n<\/tbody>\n<\/table>\n<\/div>\n<\/div>\n<\/div>\n<div class=\"fl-module fl-module-rich-text fl-node-5aa34de534a3b\" data-node=\"5aa34de534a3b\">\n<div class=\"fl-module-content fl-node-content\">\n<div class=\"fl-rich-text\">\n<div>\n<div>\n<div>\n<div>\n<div dir=\"ltr\">\n<div dir=\"ltr\">\n<div dir=\"ltr\">\n<div dir=\"ltr\">\n<div dir=\"ltr\">\n<div dir=\"ltr\">\n<div dir=\"ltr\">\n<div dir=\"ltr\">\n<div dir=\"ltr\">\n<div dir=\"ltr\">\n<div>\n<p>&nbsp;<\/p>\n<\/div>\n<\/div>\n<\/div>\n<\/div>\n<\/div>\n<\/div>\n<\/div>\n<\/div>\n<\/div>\n<\/div>\n<\/div>\n<\/div>\n<\/div>\n<\/div>\n<\/div>\n<\/div>\n<\/div>\n<\/div>\n<\/div>\n<\/div>\n<\/div>\n<div class=\"fl-module fl-module-rich-text fl-node-5bbb3dfdc2f61\" data-node=\"5bbb3dfdc2f61\">\n<div class=\"fl-module-content fl-node-content\">\n<div class=\"fl-rich-text\">\n<div><strong id=\"m_-2202968188115714451docs-internal-guid-52f78536-7fff-5e71-3ea2-5fd11c5255b0\">Dans le cadre de son dispositif de lutte contre le tabagisme\u00a0Lib\u2019sans tabac, l\u2019inter-URPS<\/strong>[1]<strong>\u00a0(l\u2019association Tip@sant\u00e9)\u00a0propose aux praticiens lib\u00e9raux<\/strong>\u00a0(pharmaciens, m\u00e9decins g\u00e9n\u00e9ralistes, addictologues, sages-femmes, infirmiers, masseurs-kin\u00e9sith\u00e9rapeutes et chirurgiens-dentistes)<strong>\u00a0une journ\u00e9e de formation\u00a0<span class=\"il\">DPC<\/span>\u00a0sur le th\u00e8me suivant :<\/strong><\/div>\n<p>&nbsp;<\/p>\n<p><center><strong>Comment prescrire et accompagner<br \/>\nle sevrage tabagique de vos patients\u00a0?<\/strong><\/center><\/p>\n<div>\n<p>La formation \u00e9tant \u00e9ligible au\u00a0<span class=\"il\">DPC<\/span>\u00a0[2]\u00a0(sauf pour les chirurgiens-dentistes), vous pouvez vous inscrire directement en ligne sur le site<strong><a href=\"https:\/\/www.mondpc.fr\/\" target=\"_blank\" rel=\"noopener\" data-saferedirecturl=\"https:\/\/www.google.com\/url?q=https:\/\/www.mondpc.fr\/&amp;source=gmail&amp;ust=1539083886917000&amp;usg=AFQjCNHpqH24zoHHBNKE0-4a-rIGv3xMFQ\">mondpc.fr<\/a><\/strong>\u00a0(apr\u00e8s avoir cr\u00e9\u00e9 votre compte si besoin).\u00a0<strong>N\u00b0\u00a0de la formation 36101800006<\/strong>.<\/p>\n<p>Vous devez adresser vos ch\u00e8que de caution et bulletin d\u2019inscription \u00e0 REPERE (organisme de formation) pour validation compl\u00e8te de votre inscription.<\/p>\n<\/div>\n<p>Trois choix de sessions sont propos\u00e9es :<\/p>\n<ul>\n<li>Le mercredi\u00a0<strong>26 septembre<\/strong>\u00a02018, \u00e0 l\u2019h\u00f4tel Akoya,\u00a0<strong>La Saline les Bains<\/strong>,<\/li>\n<li>Le mercredi\u00a0<strong>10 octobre<\/strong>\u00a02018, \u00e0 l\u2019h\u00f4tel Bellepierre,<strong>\u00a0Saint Denis<\/strong>,<\/li>\n<li>Le mercredi\u00a0<strong>24 octobre<\/strong>\u00a02018, \u00e0 l\u2019h\u00f4tel Le battant des lames,\u00a0<strong>Saint Pierre<\/strong>.<\/li>\n<\/ul>\n<p>Formation\u00a0<span class=\"il\">DPC<\/span>\u00a0pr\u00e9sentielle ouverte aux professionnels de Mayotte en visio-conf\u00e9rence\u00a0&#8211; contacter Didier FILO\u00a0:\u00a0<a href=\"mailto:dfilo.reseau@saome.fr\" target=\"_blank\" rel=\"noopener\">dfilo.reseau@saome.fr<\/a>\u00a0\/ 0692 82 07 19<\/p>\n<p>Contact : secretariat@repere.re &#8211; 02.62.35.15.59<\/p>\n<p>&nbsp;<\/p>\n<p>[1]\u00a0Union r\u00e9gionale des professionnels de sant\u00e9<\/p>\n<p>[2]\u00a0D\u00e9veloppement Professionnel Continu<\/p>\n<\/div>\n<\/div>\n<\/div>\n<\/div>\n<p>&nbsp;<\/p>\n<table style=\"width: 99.8995%; border-collapse: collapse; background-color: #285087;\" border=\"1\">\n<tbody>\n<tr>\n<td style=\"width: 99.8995%; text-align: center;\"><span style=\"color: #ffffff;\"><a style=\"color: #ffffff;\" href=\"https:\/\/drive.google.com\/file\/d\/0B6INdQizpimkWTk0NTdhVFBoU3pQVjZWMVpJaGl4ZV9jaXJ3\/view\" target=\"_blank\" rel=\"noopener\">CONSULTEZ LE PROGRAMME : en cliquant ICI<\/a><\/span><\/td>\n<\/tr>\n<\/tbody>\n<\/table>\n<p>&nbsp;<\/p>\n<table style=\"width: 99.8995%; border-collapse: collapse; background-color: #285087;\" border=\"1\">\n<tbody>\n<tr>\n<td style=\"width: 99.8995%; text-align: center;\"><a href=\"https:\/\/drive.google.com\/file\/d\/11V5wLMdUmi08Vc9Q11gAeGl5p4MeumWZ\/view\" target=\"_blank\" rel=\"noopener\">TELECHARGEZ LE BULLETIN D&#8217;INSCRIPTION : en cliquant ICI<\/a><\/td>\n<\/tr>\n<\/tbody>\n<\/table>\n<div>\n<div class=\"fl-module fl-module-rich-text fl-node-5bbb3dfdc2f61\" data-node=\"5bbb3dfdc2f61\">\n<div class=\"fl-module-content fl-node-content\">\n<div class=\"fl-rich-text\"><\/div>\n<\/div>\n<\/div>\n<\/div>\n<div><\/div>\n<div><\/div>\n<div>\n<div>\n<div><\/div>\n<div>\n<div>\n<div dir=\"ltr\">\n<div dir=\"ltr\">\n<div dir=\"ltr\">\n<div dir=\"ltr\">\n<div dir=\"ltr\">\n<div dir=\"ltr\">\n<div dir=\"ltr\">\n<div dir=\"ltr\">\n<div dir=\"ltr\">\n<div dir=\"ltr\">\n<div dir=\"ltr\"><\/div>\n<\/div>\n<\/div>\n<\/div>\n<\/div>\n<\/div>\n<\/div>\n<\/div>\n<\/div>\n<\/div>\n<\/div>\n<\/div>\n<\/div>\n<\/div>\n<\/div>\n","protected":false},"excerpt":{"rendered":"<p>Formations\u00a0DPC\u00a0\u00ab\u00a0Comment prescrire et accompagner le sevrage tabagique de vos patients\u00a0\u00bb Inter-URPS oc\u00e9an indien &#8211; Tip@sant\u00e9 Entre septembre et octobre 2018 &nbsp; Dans le cadre de son dispositif de lutte contre le tabagisme\u00a0Lib\u2019sans tabac, l\u2019inter-URPS[1]\u00a0(l\u2019association Tip@sant\u00e9)\u00a0propose aux praticiens lib\u00e9raux\u00a0(pharmaciens, m\u00e9decins g\u00e9n\u00e9ralistes, addictologues, sages-femmes, infirmiers, masseurs-kin\u00e9sith\u00e9rapeutes et chirurgiens-dentistes)\u00a0une journ\u00e9e de formation\u00a0DPC\u00a0sur le th\u00e8me suivant : &nbsp; Comment&hellip;<\/p>\n","protected":false},"author":3,"featured_media":1897,"comment_status":"open","ping_status":"open","sticky":false,"template":"","format":"standard","meta":{"footnotes":""},"categories":[284,182],"tags":[221,220,223,219,222,56,18,218],"amp_enabled":true,"_links":{"self":[{"href":"https:\/\/urpspharma.re\/index.php?rest_route=\/wp\/v2\/posts\/1890"}],"collection":[{"href":"https:\/\/urpspharma.re\/index.php?rest_route=\/wp\/v2\/posts"}],"about":[{"href":"https:\/\/urpspharma.re\/index.php?rest_route=\/wp\/v2\/types\/post"}],"author":[{"embeddable":true,"href":"https:\/\/urpspharma.re\/index.php?rest_route=\/wp\/v2\/users\/3"}],"replies":[{"embeddable":true,"href":"https:\/\/urpspharma.re\/index.php?rest_route=%2Fwp%2Fv2%2Fcomments&post=1890"}],"version-history":[{"count":3,"href":"https:\/\/urpspharma.re\/index.php?rest_route=\/wp\/v2\/posts\/1890\/revisions"}],"predecessor-version":[{"id":1895,"href":"https:\/\/urpspharma.re\/index.php?rest_route=\/wp\/v2\/posts\/1890\/revisions\/1895"}],"wp:featuredmedia":[{"embeddable":true,"href":"https:\/\/urpspharma.re\/index.php?rest_route=\/wp\/v2\/media\/1897"}],"wp:attachment":[{"href":"https:\/\/urpspharma.re\/index.php?rest_route=%2Fwp%2Fv2%2Fmedia&parent=1890"}],"wp:term":[{"taxonomy":"category","embeddable":true,"href":"https:\/\/urpspharma.re\/index.php?rest_route=%2Fwp%2Fv2%2Fcategories&post=1890"},{"taxonomy":"post_tag","embeddable":true,"href":"https:\/\/urpspharma.re\/index.php?rest_route=%2Fwp%2Fv2%2Ftags&post=1890"}],"curies":[{"name":"wp","href":"https:\/\/api.w.org\/{rel}","templated":true}]}}