{"id":1949,"date":"2018-11-21T17:23:28","date_gmt":"2018-11-21T13:23:28","guid":{"rendered":"http:\/\/urpspharma.re\/?p=1949"},"modified":"2018-11-22T11:02:10","modified_gmt":"2018-11-22T07:02:10","slug":"la-dengue-8-aout-2017-3-3-2-2-3-3-2-3-2-3-2-2","status":"publish","type":"post","link":"https:\/\/urpspharma.re\/?p=1949","title":{"rendered":"Demain, nous ne pourrons peut-\u00eatre plus vous soigner !"},"content":{"rendered":"<p style=\"text-align: center;\"><span style=\"color: #ff0000;\">COMMUNIQUE DE PRESSE <\/span><\/p>\n<p style=\"text-align: center;\"><span style=\"color: #ff0000;\">au 20 novembre 2018<\/span><\/p>\n<p style=\"padding-left: 30px;\">Tribu Inter Pro Sant\u00e9 regroupe les repr\u00e9sentants de 10 professions lib\u00e9rales de sant\u00e9 exer\u00e7ant \u00e0 La R\u00e9union et d\u00e9plore que :<\/p>\n<p style=\"padding-left: 30px;\">\n\u2022 42% de nos concitoyens vivent en de\u00e7\u00e0 du seuil de pauvret\u00e9. C\u2019est insupportable.<br \/>\nToutefois, si quiconque ne doit \u00eatre laiss\u00e9 au bord du chemin, chacun, en fonction<br \/>\nde ses capacit\u00e9s, doit assumer sa part de responsabilit\u00e9.<br \/>\nSolidarit\u00e9 de tous envers tous et responsabilit\u00e9 de chacun au sein de la<br \/>\ncommunaut\u00e9 nationale. Pour aller vers une d\u00e9mocratie alors apais\u00e9e face aux<br \/>\nconstats r\u00e9it\u00e9r\u00e9s d\u2019une soci\u00e9t\u00e9 qui se fracture de plus en plus, voire s\u2019affronte ;<br \/>\n\u2022 la rue soit l&#8217;unique mani\u00e8re d&#8217;esp\u00e9rer faire entendre la voix de \u201cmonsieur tout le<br \/>\nmonde\u201d, cette voix des modestes et des anonymes ;<br \/>\n\u2022 cette voix l\u00e9gitime soit pervertie. Par ceux qui \u00e0 l\u2019aune de leurs frustrations amplifi\u00e9es<br \/>\npar une soci\u00e9t\u00e9 de consommation cr\u00e9ant les esclaves des temps modernes, profitent<br \/>\nde la situation dramatique que nous connaissons pour faire actes de violences tels<br \/>\ndes bandits de grands chemins des temps pr\u00e9sents, et autres attaques \u00ab de<br \/>\ndiligences \u00bb, avec parfois demande de ran\u00e7ons \u00e0 la clef ;.<br \/>\n\u2022 de la sorte des \u00e9meutes d\u00e9vastatrices entra\u00eenent d\u00e9gradations et pillages Y compris<br \/>\ncontre des pharmacies et autres cabinets de soins dont les d\u00e9vou\u00e9s professionnels<br \/>\nde Sant\u00e9 (que l\u2019on interdit parfois de circuler pour aller chez leurs patients) sont<br \/>\ndurant toute l\u2019ann\u00e9e aux c\u00f4t\u00e9s de ceux qui souffrent, inlassablement ;<\/p>\n<p>Enfin, ces \u00e9meutiers pilleurs qui devront \u00eatre jug\u00e9s pour leurs actes d\u00e9lictueux, ne sont pas<br \/>\n\u00e0 confondre avec les \u00ab gilets jaunes \u00bb<\/p>\n<p>&nbsp;<\/p>\n<table style=\"width: 100%; border-collapse: collapse; background-color: #285087;\" border=\"1\">\n<tbody>\n<tr>\n<td style=\"width: 100%; text-align: center;\"><a href=\"https:\/\/drive.google.com\/file\/d\/19vDfJ-GKfwfTH_wA7KpoDmHap8Y8LXQt\/view?usp=sharing\" target=\"_blank\" rel=\"noopener\"><strong><span style=\"color: #ffffff;\">VISUALISATION DU COMMUNIQUE DE PRESSE<\/span><\/strong><\/a><\/td>\n<\/tr>\n<\/tbody>\n<\/table>\n<p>&nbsp;<\/p>\n<p>&nbsp;<\/p>\n<p>&nbsp;<\/p>\n","protected":false},"excerpt":{"rendered":"<p>COMMUNIQUE DE PRESSE au 20 novembre 2018 Tribu Inter Pro Sant\u00e9 regroupe les repr\u00e9sentants de 10 professions lib\u00e9rales de sant\u00e9 exer\u00e7ant \u00e0 La R\u00e9union et d\u00e9plore que : \u2022 42% de nos concitoyens vivent en de\u00e7\u00e0 du seuil de pauvret\u00e9. C\u2019est insupportable. Toutefois, si quiconque ne doit \u00eatre laiss\u00e9 au bord du chemin, chacun, en&hellip;<\/p>\n","protected":false},"author":3,"featured_media":1955,"comment_status":"open","ping_status":"open","sticky":false,"template":"","format":"standard","meta":{"footnotes":""},"categories":[182,7],"tags":[80,289,210,287,23,288,290,214,161,218,100],"amp_enabled":true,"_links":{"self":[{"href":"https:\/\/urpspharma.re\/index.php?rest_route=\/wp\/v2\/posts\/1949"}],"collection":[{"href":"https:\/\/urpspharma.re\/index.php?rest_route=\/wp\/v2\/posts"}],"about":[{"href":"https:\/\/urpspharma.re\/index.php?rest_route=\/wp\/v2\/types\/post"}],"author":[{"embeddable":true,"href":"https:\/\/urpspharma.re\/index.php?rest_route=\/wp\/v2\/users\/3"}],"replies":[{"embeddable":true,"href":"https:\/\/urpspharma.re\/index.php?rest_route=%2Fwp%2Fv2%2Fcomments&post=1949"}],"version-history":[{"count":3,"href":"https:\/\/urpspharma.re\/index.php?rest_route=\/wp\/v2\/posts\/1949\/revisions"}],"predecessor-version":[{"id":1958,"href":"https:\/\/urpspharma.re\/index.php?rest_route=\/wp\/v2\/posts\/1949\/revisions\/1958"}],"wp:featuredmedia":[{"embeddable":true,"href":"https:\/\/urpspharma.re\/index.php?rest_route=\/wp\/v2\/media\/1955"}],"wp:attachment":[{"href":"https:\/\/urpspharma.re\/index.php?rest_route=%2Fwp%2Fv2%2Fmedia&parent=1949"}],"wp:term":[{"taxonomy":"category","embeddable":true,"href":"https:\/\/urpspharma.re\/index.php?rest_route=%2Fwp%2Fv2%2Fcategories&post=1949"},{"taxonomy":"post_tag","embeddable":true,"href":"https:\/\/urpspharma.re\/index.php?rest_route=%2Fwp%2Fv2%2Ftags&post=1949"}],"curies":[{"name":"wp","href":"https:\/\/api.w.org\/{rel}","templated":true}]}}