{"id":2434,"date":"2019-04-19T15:50:45","date_gmt":"2019-04-19T11:50:45","guid":{"rendered":"http:\/\/urpspharma.re\/?p=2434"},"modified":"2019-05-17T10:54:11","modified_gmt":"2019-05-17T06:54:11","slug":"la-dengue-8-aout-2017-3-3-2-2-3-3-2-2-3-2-2-2","status":"publish","type":"post","link":"https:\/\/urpspharma.re\/?p=2434","title":{"rendered":"Grippe : Vaccination en cours"},"content":{"rendered":"<div style=\"text-align: center;\"><strong>La campagne de vaccination contre la grippe se d\u00e9roule <\/strong><\/div>\n<div style=\"text-align: center;\"><strong>du 15 avril au 30 septembre 2019.<\/strong><\/div>\n<div>&nbsp;<\/div>\n<div><center><\/center><p><\/p>\n<p>La grippe n&#8217;est pas une maladie b\u00e9nigne, chaque ann\u00e9e \u00e0 La R\u00e9union, des d\u00e9c\u00e8s sont constat\u00e9s notamment chez les personnes \u00e2g\u00e9es et celles atteintes de pathologies chroniques.<\/p>\n<p>Il faut compter environ 15 jours entre la vaccination et le moment o\u00f9 l\u2019organisme est prot\u00e9g\u00e9 contre la grippe.<\/p>\n<p>Alors, n&#8217;attendons plus&#8230;.<\/p>\n<h1 style=\"text-align: center;\">Prot\u00e9geons-nous, prot\u00e9geons nos proches, vaccinons-nous !<\/h1>\n<p>Des questions ? mieux comprendre la vaccination, rendez-vous sur :<\/p>\n<ul>\n<li><span style=\"color: #000000;\"><span style=\"color: #0000ff;\"><strong><a style=\"color: #0000ff;\" href=\"https:\/\/www.ameli.fr\/la-reunion\/assure\/actualites\/toute-une-semaine-pour-mieux-comprendre-la-vaccination\" target=\"_blank\" rel=\"noopener noreferrer\">L&#8217;Assurance maladie<\/a><\/strong><\/span> (ameli.fr)<\/span><\/li>\n<li><strong><span style=\"color: #0000ff;\"><a style=\"color: #0000ff;\" href=\"https:\/\/www.ocean-indien.ars.sante.fr\/grippe-saisonniere-protegeons-nous-protegeons-nos-proches-vaccinons-nous\" target=\"_blank\" rel=\"noopener noreferrer\">L&#8217;ars<\/a><\/span><\/strong> (Agence r\u00e9gionale de Sant\u00e9)<\/li>\n<\/ul>\n<p><\/p>\n<\/div>\n<div>\n<table class=\"aligncenter\" style=\"width: 100%; border-collapse: collapse;\">\n<tbody>\n<tr>\n<td style=\"width: 50%;\"><img loading=\"lazy\" decoding=\"async\" class=\"aligncenter size-full wp-image-2437\" src=\"http:\/\/urpspharma.re\/wp-content\/uploads\/2019\/04\/grippe-image-cgss.png\" alt=\"\" width=\"431\" height=\"197\" srcset=\"https:\/\/urpspharma.re\/wp-content\/uploads\/2019\/04\/grippe-image-cgss.png 431w, https:\/\/urpspharma.re\/wp-content\/uploads\/2019\/04\/grippe-image-cgss-300x137.png 300w\" sizes=\"(max-width: 431px) 100vw, 431px\" \/><\/td>\n<td style=\"width: 50%;\"><img loading=\"lazy\" decoding=\"async\" class=\"aligncenter size-full wp-image-2438\" src=\"http:\/\/urpspharma.re\/wp-content\/uploads\/2019\/04\/logos-cgss-ars.png\" alt=\"\" width=\"312\" height=\"109\" srcset=\"https:\/\/urpspharma.re\/wp-content\/uploads\/2019\/04\/logos-cgss-ars.png 312w, https:\/\/urpspharma.re\/wp-content\/uploads\/2019\/04\/logos-cgss-ars-300x105.png 300w\" sizes=\"(max-width: 312px) 100vw, 312px\" \/><\/td>\n<\/tr>\n<\/tbody>\n<\/table>\n<\/div>\n<div>&nbsp;<\/div>\n<div>&nbsp;<\/div>\n<div>&nbsp;<\/div>\n<div>&nbsp;<\/div>\n\n\n<p><\/p>\n","protected":false},"excerpt":{"rendered":"<p>La campagne de vaccination contre la grippe se d\u00e9roule du 15 avril au 30 septembre 2019. &nbsp; La grippe n&#8217;est pas une maladie b\u00e9nigne, chaque ann\u00e9e \u00e0 La R\u00e9union, des d\u00e9c\u00e8s sont constat\u00e9s notamment chez les personnes \u00e2g\u00e9es et celles atteintes de pathologies chroniques. Il faut compter environ 15 jours entre la vaccination et le&hellip;<\/p>\n","protected":false},"author":3,"featured_media":2450,"comment_status":"open","ping_status":"open","sticky":false,"template":"","format":"standard","meta":{"footnotes":""},"categories":[183],"tags":[80,299,241,79,300,297,91,68],"amp_enabled":true,"_links":{"self":[{"href":"https:\/\/urpspharma.re\/index.php?rest_route=\/wp\/v2\/posts\/2434"}],"collection":[{"href":"https:\/\/urpspharma.re\/index.php?rest_route=\/wp\/v2\/posts"}],"about":[{"href":"https:\/\/urpspharma.re\/index.php?rest_route=\/wp\/v2\/types\/post"}],"author":[{"embeddable":true,"href":"https:\/\/urpspharma.re\/index.php?rest_route=\/wp\/v2\/users\/3"}],"replies":[{"embeddable":true,"href":"https:\/\/urpspharma.re\/index.php?rest_route=%2Fwp%2Fv2%2Fcomments&post=2434"}],"version-history":[{"count":2,"href":"https:\/\/urpspharma.re\/index.php?rest_route=\/wp\/v2\/posts\/2434\/revisions"}],"predecessor-version":[{"id":2464,"href":"https:\/\/urpspharma.re\/index.php?rest_route=\/wp\/v2\/posts\/2434\/revisions\/2464"}],"wp:featuredmedia":[{"embeddable":true,"href":"https:\/\/urpspharma.re\/index.php?rest_route=\/wp\/v2\/media\/2450"}],"wp:attachment":[{"href":"https:\/\/urpspharma.re\/index.php?rest_route=%2Fwp%2Fv2%2Fmedia&parent=2434"}],"wp:term":[{"taxonomy":"category","embeddable":true,"href":"https:\/\/urpspharma.re\/index.php?rest_route=%2Fwp%2Fv2%2Fcategories&post=2434"},{"taxonomy":"post_tag","embeddable":true,"href":"https:\/\/urpspharma.re\/index.php?rest_route=%2Fwp%2Fv2%2Ftags&post=2434"}],"curies":[{"name":"wp","href":"https:\/\/api.w.org\/{rel}","templated":true}]}}