{"id":2515,"date":"2019-05-31T08:48:44","date_gmt":"2019-05-31T04:48:44","guid":{"rendered":"http:\/\/urpspharma.re\/?p=2515"},"modified":"2019-06-03T09:04:28","modified_gmt":"2019-06-03T05:04:28","slug":"la-dengue-8-aout-2017-3-3-2-2-3-3-2-2-3-2-2-2-2","status":"publish","type":"post","link":"https:\/\/urpspharma.re\/?p=2515","title":{"rendered":"31 mai 2019 : Journ\u00e9e mondiale sans tabac"},"content":{"rendered":"<div style=\"text-align: center;\"><strong>La journ\u00e9e mondiale sans tabac 2019 sera ax\u00e9e sur<\/strong><\/div>\n<div style=\"text-align: center;\"><strong>&#8220;le tabac et la sant\u00e9 pulmonaire&#8221;<\/strong><\/div>\n<div>\u00a0<\/div>\n<div>\n<p>Chaque ann\u00e9e, le 31 mai, l\u2019Organisation mondiale de la Sant\u00e9 (OMS) et ses partenaires mondiaux marquent la Journ\u00e9e mondiale sans tabac. Cette campagne annuelle est l\u2019occasion de sensibiliser aux effets nocifs et mortels de l\u2019exposition au tabagisme ou \u00e0 la fum\u00e9e des autres et de d\u00e9courager la consommation du tabac sous quelque forme que ce soit.<\/p>\n<p>La Journ\u00e9e mondiale sans tabac de 2019 sera ax\u00e9e sur \u00ab le tabac et la sant\u00e9 pulmonaire \u00bb.<\/p>\n<ul>\n<li>l\u2019effet n\u00e9gatif que le tabac a sur la sant\u00e9 pulmonaire, allant du cancer aux maladies respiratoires chroniques.<\/li>\n<li>le r\u00f4le fondamental des poumons dans la sant\u00e9 et le bien \u00eatre de tous.<\/li>\n<\/ul>\n<\/div>\n<p><span style=\"color: #0000ff;\"><a style=\"color: #0000ff;\" href=\"https:\/\/www.who.int\/fr\/news-room\/events\/detail\/2019\/05\/31\/default-calendar\/world-no-tobacco-day\" target=\"_blank\" rel=\"noopener noreferrer\">Site Organisation Mondiale de la Sant\u00e9<\/a><\/span><\/p>\n<p style=\"text-align: center;\"><span style=\"color: #ff0000;\"><strong>Le tabac \u00e0 La R\u00e9union ?<\/strong><\/span><\/p>\n<p><b>Comportements<\/b><span style=\"font-weight: 400;\"> :<\/span><\/p>\n<p><span style=\"font-weight: 400;\">1 R\u00e9unionnais sur 4 fume tous les jours <\/span><\/p>\n<p><span style=\"font-weight: 400;\">22% des jeunes de 17 ans fument tous les jours <\/span><\/p>\n<p><span style=\"font-weight: 400;\">40% des jeunes de 17 ans ont d\u00e9j\u00e0 exp\u00e9riment\u00e9 la cigarette \u00e9lectronique<\/span><\/p>\n<p><span style=\"font-weight: 400;\">18% de la population de 15 \u00e0 75 ans ont d\u00e9j\u00e0 essay\u00e9 la e-cigarette<\/span><\/p>\n<p><span style=\"font-weight: 400; font-size: 8pt;\">(Sources : ORS Les comportements addictifs \u00e0 La R\u00e9union \u2013 Actualisation 2018 des indicateurs de suivi)<\/span><\/p>\n<div>\n<p><img loading=\"lazy\" decoding=\"async\" class=\"aligncenter size-full wp-image-2516\" src=\"http:\/\/urpspharma.re\/wp-content\/uploads\/2019\/06\/R\u00e9sultat-tabagisme-r\u00e9union-ors.png\" alt=\"\" width=\"406\" height=\"305\" srcset=\"https:\/\/urpspharma.re\/wp-content\/uploads\/2019\/06\/R\u00e9sultat-tabagisme-r\u00e9union-ors.png 406w, https:\/\/urpspharma.re\/wp-content\/uploads\/2019\/06\/R\u00e9sultat-tabagisme-r\u00e9union-ors-300x225.png 300w\" sizes=\"(max-width: 406px) 100vw, 406px\" \/><\/p>\n<p>\u00a0<\/p>\n<\/div>\n<div>\u00a0<\/div>\n<div>\u00a0<\/div>\n<div>\u00a0<\/div>\n<div>\u00a0<\/div>\n<div>\u00a0<\/div>\n\n\n<p><\/p>\n","protected":false},"excerpt":{"rendered":"<p>La journ\u00e9e mondiale sans tabac 2019 sera ax\u00e9e sur &#8220;le tabac et la sant\u00e9 pulmonaire&#8221; \u00a0 Chaque ann\u00e9e, le 31 mai, l\u2019Organisation mondiale de la Sant\u00e9 (OMS) et ses partenaires mondiaux marquent la Journ\u00e9e mondiale sans tabac. Cette campagne annuelle est l\u2019occasion de sensibiliser aux effets nocifs et mortels de l\u2019exposition au tabagisme ou \u00e0&hellip;<\/p>\n","protected":false},"author":3,"featured_media":2517,"comment_status":"open","ping_status":"open","sticky":false,"template":"","format":"standard","meta":{"footnotes":""},"categories":[183],"tags":[307,205,297,57,306],"amp_enabled":true,"_links":{"self":[{"href":"https:\/\/urpspharma.re\/index.php?rest_route=\/wp\/v2\/posts\/2515"}],"collection":[{"href":"https:\/\/urpspharma.re\/index.php?rest_route=\/wp\/v2\/posts"}],"about":[{"href":"https:\/\/urpspharma.re\/index.php?rest_route=\/wp\/v2\/types\/post"}],"author":[{"embeddable":true,"href":"https:\/\/urpspharma.re\/index.php?rest_route=\/wp\/v2\/users\/3"}],"replies":[{"embeddable":true,"href":"https:\/\/urpspharma.re\/index.php?rest_route=%2Fwp%2Fv2%2Fcomments&post=2515"}],"version-history":[{"count":2,"href":"https:\/\/urpspharma.re\/index.php?rest_route=\/wp\/v2\/posts\/2515\/revisions"}],"predecessor-version":[{"id":2519,"href":"https:\/\/urpspharma.re\/index.php?rest_route=\/wp\/v2\/posts\/2515\/revisions\/2519"}],"wp:featuredmedia":[{"embeddable":true,"href":"https:\/\/urpspharma.re\/index.php?rest_route=\/wp\/v2\/media\/2517"}],"wp:attachment":[{"href":"https:\/\/urpspharma.re\/index.php?rest_route=%2Fwp%2Fv2%2Fmedia&parent=2515"}],"wp:term":[{"taxonomy":"category","embeddable":true,"href":"https:\/\/urpspharma.re\/index.php?rest_route=%2Fwp%2Fv2%2Fcategories&post=2515"},{"taxonomy":"post_tag","embeddable":true,"href":"https:\/\/urpspharma.re\/index.php?rest_route=%2Fwp%2Fv2%2Ftags&post=2515"}],"curies":[{"name":"wp","href":"https:\/\/api.w.org\/{rel}","templated":true}]}}