{"id":2552,"date":"2019-05-30T21:40:50","date_gmt":"2019-05-30T17:40:50","guid":{"rendered":"http:\/\/urpspharma.re\/?p=2552"},"modified":"2019-07-30T16:46:07","modified_gmt":"2019-07-30T12:46:07","slug":"la-dengue-8-aout-2017-3-3-2-2-3-3-2-3-2-3-4-2-2-3","status":"publish","type":"post","link":"https:\/\/urpspharma.re\/?p=2552","title":{"rendered":"SONDAGE EXPRESS &#8211; Vaccination par les pharmaciens d&#8217;officine"},"content":{"rendered":"<div>Des formations vous sont d&#8217;ores et d\u00e9j\u00e0 propos\u00e9es pour pouvoir vacciner vos patients. En l&#8217;absence d&#8217;honoraire jusqu\u2019\u00e0 la signature d&#8217;un nouvel avenant conventionnel avec l&#8217;Assurance Maladie (signature pr\u00e9vue en fin d&#8217;ann\u00e9e 2019) :\n<\/div>\n<div style=\"text-align: center;\"><strong>Volontaires pour se former ?<\/strong><br \/>\n<strong>D\u00e9j\u00e0 form\u00e9s ?<\/strong><br \/>\n<strong>D\u00e9j\u00e0 agr\u00e9\u00e9s pour vacciner ?<\/strong><\/div>\n<div style=\"text-align: center;\"><\/div>\n<div style=\"text-align: center;\"><strong>VOTRE AVIS NOUS INT\u00c9RESSE\u00a0!<\/strong><\/div>\n<div><\/div>\n<div>Votre contribution est importante afin de mieux organiser le plan de formation n\u00e9cessaire pour le r\u00e9seau officinal r\u00e9unionnais.<\/div>\n<div><\/div>\n<table style=\"width: 90%; border-collapse: collapse; border-color: #285087; background-color: #285087;\" border=\"1\" cellpadding=\"20\">\n<tbody>\n<tr style=\"height: 22px;\">\n<td style=\"width: 100%; height: 22px; text-align: center;\"><a href=\"https:\/\/docs.google.com\/forms\/d\/e\/1FAIpQLSdLr1bK1Be5eWggwrqVKuz5V35PZ8P1DlRYyPqjmqXePhFZIA\/closedform\" target=\"_blank\" rel=\"noopener noreferrer\"><span style=\"color: #ffffff;\">SONDAGE EXPRESS\u00a0<\/span><\/a><\/td>\n<\/tr>\n<\/tbody>\n<\/table>\n","protected":false},"excerpt":{"rendered":"<p>Des formations vous sont d&#8217;ores et d\u00e9j\u00e0 propos\u00e9es pour pouvoir vacciner vos patients. En l&#8217;absence d&#8217;honoraire jusqu\u2019\u00e0 la signature d&#8217;un nouvel avenant conventionnel avec l&#8217;Assurance Maladie (signature pr\u00e9vue en fin d&#8217;ann\u00e9e 2019) : Volontaires pour se former ? D\u00e9j\u00e0 form\u00e9s ? D\u00e9j\u00e0 agr\u00e9\u00e9s pour vacciner ? VOTRE AVIS NOUS INT\u00c9RESSE\u00a0! Votre contribution est importante afin&hellip;<\/p>\n","protected":false},"author":3,"featured_media":2538,"comment_status":"open","ping_status":"open","sticky":false,"template":"","format":"standard","meta":{"footnotes":""},"categories":[182],"tags":[302,220,214,100,68],"amp_enabled":true,"_links":{"self":[{"href":"https:\/\/urpspharma.re\/index.php?rest_route=\/wp\/v2\/posts\/2552"}],"collection":[{"href":"https:\/\/urpspharma.re\/index.php?rest_route=\/wp\/v2\/posts"}],"about":[{"href":"https:\/\/urpspharma.re\/index.php?rest_route=\/wp\/v2\/types\/post"}],"author":[{"embeddable":true,"href":"https:\/\/urpspharma.re\/index.php?rest_route=\/wp\/v2\/users\/3"}],"replies":[{"embeddable":true,"href":"https:\/\/urpspharma.re\/index.php?rest_route=%2Fwp%2Fv2%2Fcomments&post=2552"}],"version-history":[{"count":1,"href":"https:\/\/urpspharma.re\/index.php?rest_route=\/wp\/v2\/posts\/2552\/revisions"}],"predecessor-version":[{"id":2553,"href":"https:\/\/urpspharma.re\/index.php?rest_route=\/wp\/v2\/posts\/2552\/revisions\/2553"}],"wp:featuredmedia":[{"embeddable":true,"href":"https:\/\/urpspharma.re\/index.php?rest_route=\/wp\/v2\/media\/2538"}],"wp:attachment":[{"href":"https:\/\/urpspharma.re\/index.php?rest_route=%2Fwp%2Fv2%2Fmedia&parent=2552"}],"wp:term":[{"taxonomy":"category","embeddable":true,"href":"https:\/\/urpspharma.re\/index.php?rest_route=%2Fwp%2Fv2%2Fcategories&post=2552"},{"taxonomy":"post_tag","embeddable":true,"href":"https:\/\/urpspharma.re\/index.php?rest_route=%2Fwp%2Fv2%2Ftags&post=2552"}],"curies":[{"name":"wp","href":"https:\/\/api.w.org\/{rel}","templated":true}]}}