{"id":2562,"date":"2019-08-13T11:46:10","date_gmt":"2019-08-13T07:46:10","guid":{"rendered":"http:\/\/urpspharma.re\/?p=2562"},"modified":"2020-03-05T15:35:06","modified_gmt":"2020-03-05T11:35:06","slug":"la-dengue-8-aout-2017-3-4-3-3-2","status":"publish","type":"post","link":"https:\/\/urpspharma.re\/?p=2562","title":{"rendered":"Lib&#8217; sans tabac &#8211; Rappel : Formation DPC TABAC"},"content":{"rendered":"<div>\n<div class=\"fl-col-group fl-node-5b00f2f2b592a fl-col-group-nested\" data-node=\"5b00f2f2b592a\">\n<div class=\"fl-col fl-node-5b00f2f2b5c40\" data-node=\"5b00f2f2b5c40\">\n<div class=\"fl-col-content fl-node-content\">\n<div class=\"fl-module fl-module-rich-text fl-node-59d330c18284a\" data-node=\"59d330c18284a\">\n<div class=\"fl-module-content fl-node-content\">\n<div class=\"fl-rich-text\">\n<div style=\"text-align: center;\"><span style=\"color: #ff6600; font-size: 18pt;\"><strong>Formations DPC*:<\/strong><\/span><br \/><span style=\"color: #ff6600; font-size: 18pt;\"><strong>&#8220;Comment prescrire et accompagner le sevrage tabagique de vos patients ?&#8221;<\/strong><\/span><\/div>\n<p><span style=\"color: #ff6600; font-size: 10pt;\">*(Ouvertes \u00e0 tous les professionnels de sant\u00e9 et validantes DPC pour les M\u00e9decins g\u00e9n\u00e9ralistes, Infirmiers, Sages-femmes, Masseurs-kin\u00e9sith\u00e9rapeutes et Pharmaciens)<\/span><\/p>\n<\/div>\n<\/div>\n<\/div>\n<div class=\"fl-module fl-module-rich-text fl-node-5aa34de534a3b\" data-node=\"5aa34de534a3b\">\n<div class=\"fl-module-content fl-node-content\">\n<div class=\"fl-rich-text\">\n<div dir=\"ltr\">\n<div dir=\"ltr\">\n<div dir=\"ltr\">\n<div dir=\"ltr\">\n<div dir=\"ltr\">\n<div dir=\"ltr\">\n<div dir=\"ltr\">\n<div dir=\"ltr\">\n<div dir=\"ltr\">\n<div dir=\"ltr\">\n<div>Dans le cadre du dispositif r\u00e9gional Lib&#8217;sans tabac et de l&#8217;accompagnement des professionnels de sant\u00e9, l&#8217;association inter-URPS\u00a0Tip@sant\u00e9 propose en partenariat avec le r\u00e9seau p\u00e9rinatalit\u00e9 REPERE et l\u2019appui du r\u00e9seau SAOME, des formations validantes sur le sevrage tabagique et la prescription de TSN (Traitements de Substitution Nicotinique)\u00a0<\/div>\n<div><strong>Deux sessions<\/strong>\u00a0de formation vous sont propos\u00e9es<br \/>(Attention: nombre de places limit\u00e9)<\/div>\n<div>\u00a0<\/div>\n<table style=\"width: 100%; border-collapse: collapse; background-color: #e35538;\" border=\"1\">\n<tbody>\n<tr>\n<td style=\"width: 100%;\">\n<p style=\"text-align: center;\"><span style=\"color: #ffffff;\"><strong>Le Jeudi 29 Ao\u00fbt 2019<\/strong><\/span><br \/><span style=\"color: #ffffff;\">\u00e0 l&#8217;h\u00f4tel Mercure Cr\u00e9olia<\/span><br \/><span style=\"color: #ffffff;\">\u00e0 Saint Denis<\/span><\/p>\n<p style=\"text-align: center;\"><span style=\"color: #ffffff;\"><strong>Le Jeudi 5 Septembre 2019<\/strong><\/span><br \/><span style=\"color: #ffffff;\">\u00e0 l&#8217;h\u00f4tel Villa Delisle<\/span><br \/><span style=\"color: #ffffff;\">\u00e0 Saint Pierre<\/span><\/p>\n<p style=\"text-align: center;\"><span style=\"color: #ffffff;\">A partir de 8h30 jusqu&#8217;\u00e0 17h<\/span><\/p>\n<\/td>\n<\/tr>\n<\/tbody>\n<\/table>\n<\/div>\n<\/div>\n<\/div>\n<\/div>\n<\/div>\n<\/div>\n<\/div>\n<\/div>\n<\/div>\n<\/div>\n<\/div>\n<\/div>\n<\/div>\n<\/div>\n<\/div>\n<\/div>\n<\/div>\n<p style=\"text-align: center;\"><strong>SYNTHESE DU PROGRAMME<\/strong><\/p>\n<p><img loading=\"lazy\" decoding=\"async\" class=\"aligncenter size-full wp-image-2507\" src=\"http:\/\/urpspharma.re\/wp-content\/uploads\/2019\/05\/programme-dpc400.png\" alt=\"\" width=\"400\" height=\"402\" srcset=\"https:\/\/urpspharma.re\/wp-content\/uploads\/2019\/05\/programme-dpc400.png 400w, https:\/\/urpspharma.re\/wp-content\/uploads\/2019\/05\/programme-dpc400-150x150.png 150w\" sizes=\"(max-width: 400px) 100vw, 400px\" \/><\/p>\n<div>\u00a0<\/div>\n<div class=\"fl-rich-text\" style=\"text-align: center;\"><strong>MODALITES D&#8217;INSCRIPTION A LA FORMATION<\/strong>\u00a0:<\/div>\n<div>\u00a0<\/div>\n<div class=\"fl-rich-text\" style=\"text-align: center;\">\n<table style=\"border-collapse: collapse; width: 100%;\" border=\"1\">\n<tbody>\n<tr>\n<td style=\"width: 50%;\"><img decoding=\"async\" class=\"mcnImage\" src=\"https:\/\/gallery.mailchimp.com\/07e1c2e988d75c3f3beefa643\/images\/411b6d99-51f1-45ec-830d-40452147ff53.png\" alt=\"\" width=\"264\" \/><\/td>\n<td style=\"width: 50%; text-align: left;\">\n<p>Contacter\u00a0<strong>Repere\u00a0<\/strong>\u00e0<strong>\u00a0<a href=\"mailto:contact@repere.re?subject=Formation%20DPC\" target=\"_blank\" rel=\"noopener noreferrer\">contact@repere.re<\/a>\u00a0<\/strong>afin d&#8217;obtenir le bulletin d&#8217;inscription \u00e0 la formation<\/p>\n<\/td>\n<\/tr>\n<\/tbody>\n<\/table>\n<\/div>\n<div>\u00a0<\/div>\n<div style=\"text-align: center;\">OU<\/div>\n<div>\u00a0<\/div>\n<div>\n<table style=\"width: 100%; border-collapse: collapse; border-color: #000000;\" border=\"1\">\n<tbody>\n<tr>\n<td style=\"width: 41.0345%;\"><img decoding=\"async\" class=\"mcnImage aligncenter\" src=\"https:\/\/gallery.mailchimp.com\/07e1c2e988d75c3f3beefa643\/images\/4613dd6a-9ef2-4716-a65d-1e9682983c5d.png\" alt=\"\" width=\"100\" \/><\/td>\n<td style=\"width: 58.9655%;\">\n<p>Inscriptions directement sur votre compte <a href=\"https:\/\/www.mondpc.fr\/\" target=\"_blank\" rel=\"noopener noreferrer\">http:\/\/www.mondpc.fr<\/a>\u00a0avec le num\u00e9ro de formation ANDPC : 36101900002<br \/>Attention : La validation du DPC n\u00e9cessite la participation \u00e0 l\u2019int\u00e9gralit\u00e9 du programme.<\/p>\n<\/td>\n<\/tr>\n<\/tbody>\n<\/table>\n<\/div>\n<div>\u00a0<\/div>\n<div>\u00a0<\/div>\n<div>\n<table style=\"width: 100%; border-collapse: collapse; border-color: #ffffff;\">\n<tbody>\n<tr>\n<td style=\"width: 34.6551%;\"><img loading=\"lazy\" decoding=\"async\" class=\"aligncenter  wp-image-2506\" src=\"http:\/\/urpspharma.re\/wp-content\/uploads\/2019\/05\/mobilisez-vous1.png\" alt=\"\" width=\"185\" height=\"146\" srcset=\"https:\/\/urpspharma.re\/wp-content\/uploads\/2019\/05\/mobilisez-vous1.png 334w, https:\/\/urpspharma.re\/wp-content\/uploads\/2019\/05\/mobilisez-vous1-300x238.png 300w\" sizes=\"(max-width: 185px) 100vw, 185px\" \/><\/td>\n<td style=\"width: 65.3449%;\">\n<div>Pour toute information compl\u00e9mentaire et d\u00e9tails sur le programme, n\u2019h\u00e9sitez pas \u00e0 joindre Mme LEROUX MANON, coordinatrice du dispositif Lib&#8217;sanstabac :<\/div>\n<div>\u00a0<\/div>\n<div>Un site internet :\u00a0<a href=\"http:\/\/3rdw8.r.bh.d.sendibt3.com\/mk\/cl\/f\/jU22lR3-Np4RZ_SMQsuK19_w5aTakgfJAIXeWx91waZOs9ryG58baiaAzC4RgUw2k023XfCWyWf2wFpGrEr28e-KXBM10fMa0AqZB8PintjKtN_k9Hj4qcJVDemUEGHvPY8W4okvT9I-qSB2-uKGINY51HGWRGdZfw\" target=\"_blank\" rel=\"noopener noreferrer\" data-saferedirecturl=\"https:\/\/www.google.com\/url?q=http:\/\/3rdw8.r.bh.d.sendibt3.com\/mk\/cl\/f\/jU22lR3-Np4RZ_SMQsuK19_w5aTakgfJAIXeWx91waZOs9ryG58baiaAzC4RgUw2k023XfCWyWf2wFpGrEr28e-KXBM10fMa0AqZB8PintjKtN_k9Hj4qcJVDemUEGHvPY8W4okvT9I-qSB2-uKGINY51HGWRGdZfw&amp;source=gmail&amp;ust=1556691827083000&amp;usg=AFQjCNEqOSnZf1q-hBC2qK95F8AdwkGN4g\"><strong>libsanstabac.re<\/strong><\/a>\u00a0<\/div>\n<div>Un num\u00e9ro de t\u00e9l\u00e9phone d\u00e9di\u00e9 :\u00a0<strong>06 93 90 96 47<\/strong><\/div>\n<\/td>\n<\/tr>\n<\/tbody>\n<\/table>\n<\/div>\n<div>\n<div>\n<div>\u00a0<\/div>\n<div>\n<div>\n<div dir=\"ltr\">\n<div dir=\"ltr\">\n<div dir=\"ltr\">\n<div dir=\"ltr\">\n<div dir=\"ltr\">\n<div dir=\"ltr\">\n<div dir=\"ltr\">\n<div dir=\"ltr\">\n<div dir=\"ltr\">\n<div dir=\"ltr\">\n<div dir=\"ltr\">\u00a0<\/div>\n<\/div>\n<\/div>\n<\/div>\n<\/div>\n<\/div>\n<\/div>\n<\/div>\n<\/div>\n<\/div>\n<\/div>\n<\/div>\n<\/div>\n<\/div>\n<\/div>\n\n\n<p><\/p>\n","protected":false},"excerpt":{"rendered":"<p>Formations DPC*:&#8220;Comment prescrire et accompagner le sevrage tabagique de vos patients ?&#8221; *(Ouvertes \u00e0 tous les professionnels de sant\u00e9 et validantes DPC pour les M\u00e9decins g\u00e9n\u00e9ralistes, Infirmiers, Sages-femmes, Masseurs-kin\u00e9sith\u00e9rapeutes et Pharmaciens) Dans le cadre du dispositif r\u00e9gional Lib&#8217;sans tabac et de l&#8217;accompagnement des professionnels de sant\u00e9, l&#8217;association inter-URPS\u00a0Tip@sant\u00e9 propose en partenariat avec le r\u00e9seau p\u00e9rinatalit\u00e9&hellip;<\/p>\n","protected":false},"author":3,"featured_media":1897,"comment_status":"open","ping_status":"open","sticky":false,"template":"","format":"standard","meta":{"footnotes":""},"categories":[284,182],"tags":[221,220,223,219,222,56,18,218],"amp_enabled":true,"_links":{"self":[{"href":"https:\/\/urpspharma.re\/index.php?rest_route=\/wp\/v2\/posts\/2562"}],"collection":[{"href":"https:\/\/urpspharma.re\/index.php?rest_route=\/wp\/v2\/posts"}],"about":[{"href":"https:\/\/urpspharma.re\/index.php?rest_route=\/wp\/v2\/types\/post"}],"author":[{"embeddable":true,"href":"https:\/\/urpspharma.re\/index.php?rest_route=\/wp\/v2\/users\/3"}],"replies":[{"embeddable":true,"href":"https:\/\/urpspharma.re\/index.php?rest_route=%2Fwp%2Fv2%2Fcomments&post=2562"}],"version-history":[{"count":3,"href":"https:\/\/urpspharma.re\/index.php?rest_route=\/wp\/v2\/posts\/2562\/revisions"}],"predecessor-version":[{"id":2569,"href":"https:\/\/urpspharma.re\/index.php?rest_route=\/wp\/v2\/posts\/2562\/revisions\/2569"}],"wp:featuredmedia":[{"embeddable":true,"href":"https:\/\/urpspharma.re\/index.php?rest_route=\/wp\/v2\/media\/1897"}],"wp:attachment":[{"href":"https:\/\/urpspharma.re\/index.php?rest_route=%2Fwp%2Fv2%2Fmedia&parent=2562"}],"wp:term":[{"taxonomy":"category","embeddable":true,"href":"https:\/\/urpspharma.re\/index.php?rest_route=%2Fwp%2Fv2%2Fcategories&post=2562"},{"taxonomy":"post_tag","embeddable":true,"href":"https:\/\/urpspharma.re\/index.php?rest_route=%2Fwp%2Fv2%2Ftags&post=2562"}],"curies":[{"name":"wp","href":"https:\/\/api.w.org\/{rel}","templated":true}]}}