{"id":2742,"date":"2019-08-11T11:36:27","date_gmt":"2019-08-11T07:36:27","guid":{"rendered":"http:\/\/urpspharma.re\/?p=2742"},"modified":"2019-09-18T11:55:47","modified_gmt":"2019-09-18T07:55:47","slug":"la-dengue-8-aout-2017-3-3-2-2-3-3-2-3-3-2-2","status":"publish","type":"post","link":"https:\/\/urpspharma.re\/?p=2742","title":{"rendered":"Veille internationale de la semaine 31\/2019."},"content":{"rendered":"\n<p><span style=\"background-color: #e31056; color: #ffffff;\"><strong>P<span style=\"background-color: #e31056;\">oints<\/span> cl\u00e9s :<\/strong><\/span><\/p>\n<p><strong>ROUGEOLE &#8211; <span style=\"background-color: #ffffff; color: #e31056;\">Mise \u00e0 jour !<\/span><\/strong><br \/>Cas rapport\u00e9s r\u00e9cemment \u00e0 la R\u00e9union et \u00e0 Mayotte.<br \/>\u2022 Comores : \u00e9pid\u00e9mie depuis la semaine 21\/2019 (20\/05\/2019).<br \/>\u2022 France m\u00e9tropolitaine : circulation active du virus. Entre le 1er janvier et le 31 juillet 2019, 2 281 cas de rougeole d\u00e9clar\u00e9s.<br \/>\u2022 Europe &#8211; Afrique &#8211; Asie : circulation du virus dans diff\u00e9rents pays ; recrudescence confirm\u00e9e en<br \/>2019 en particulier en R\u00e9publique D\u00e9mocratique du Congo.<\/p>\n<p><strong>GRIPPE- <span style=\"color: #e31056;\">Nouveau !<\/span><\/strong><br \/>Saison grippale dans l\u2019h\u00e9misph\u00e8re Sud: activit\u00e9 faible et h\u00e9t\u00e9rog\u00e8ne d\u2019un pays \u00e0 l\u2019autre.<\/p>\n<p><strong>MERS COV &#8211; <span style=\"color: #e31056;\">Nouveau !<\/span><\/strong><br \/>Le Hadj se d\u00e9roulera du 9 au 14 ao\u00fbt 2019. Pas de changement r\u00e9cent de la situation \u00e9pid\u00e9miologique en Arabie Saoudite.<\/p>\n<p><strong>DENGUE &#8211; <span style=\"color: #e31056;\">Mise \u00e0 jour !<\/span><\/strong><br \/>P\u00e9riode inter-\u00e9pid\u00e9mique \u00e0 la R\u00e9union et cas autochtones rapport\u00e9s \u00e0 Mayotte.<br \/>\u2022 Saison des pluies en cours et pic \u00e9pid\u00e9mique plus important qu\u2019attendu dans plusieurs pays<br \/>d\u2019Asie : Tha\u00eflande, Cambodge, Philippines, Malaisie, Laos, Singapour, Maldives, Vi\u00eatnam.<br \/>\u2022 Retour de vacances \u00e0 venir : risque de cas import\u00e9s.<\/p>\n<p><strong>CHIKUNGUNYA &#8211; <span style=\"color: #e31056;\">Mise \u00e0 jour !<\/span><\/strong><br \/>\u2022 Congo : poursuite de l\u2019\u00e9pid\u00e9mie notifi\u00e9e le 09\/01\/2019, la 1<\/p>\n<p>\u00e8re depuis 2011 au Congo. Plus de 11 000 cas rapport\u00e9s au 07\/07\/2019.<br \/>\u2022 Des cas continuent d\u2019\u00eatre rapport\u00e9s en Tha\u00eflande et aux Maldives.<br \/>\u2022 Premier cas autochtone \u00e0 Ta\u00efwan.<\/p>\n<p><strong>PALUDISME &#8211; <span style=\"color: #e31056;\">Mise \u00e0 jour !<\/span><\/strong><br \/>\u2022 Mozambique et Burundi : augmentation du nombre de cas rapport\u00e9s.<br \/>\u2022 Malaisie : foyer rapport\u00e9 dans l\u2019est du pays.<\/p>\n<p><strong>WEST NILE VIRUS &#8211; <span style=\"color: #e31056;\">Nouveau !<\/span><\/strong><br \/>D\u00e9but de la surveillance en juin en Europe ; 13 cas rapport\u00e9s.<\/p>\n<p><strong>EBOLA &#8211; <span style=\"color: #e31056;\">Mise \u00e0 jour !<\/span><\/strong><br \/>\u2022 R\u00e9publique D\u00e9mocratique du Congo : \u00e9pid\u00e9mie d\u00e9clar\u00e9e le 01\/08\/2018 dans 2 provinces du pays. Urgence de sant\u00e9 publique de port\u00e9e internationale selon une d\u00e9claration de l\u2019OMS du 17\/07\/2019. Risque tr\u00e8s \u00e9lev\u00e9 de transmission au niveau national et r\u00e9gional. Plus de 2 260 cas et plus de 1500 d\u00e9c\u00e8s rapport\u00e9s 1 an apr\u00e8s le d\u00e9but de l\u2019\u00e9pid\u00e9mie, dont 2 \u00e0 Goma.<br \/>\u2022 Ouganda : au 24\/07\/2019, aucun nouveau cas n\u2019a \u00e9t\u00e9 identifi\u00e9.<\/p>\n<p><strong>CHOLERA &#8211; <span style=\"color: #e31056;\">Mise \u00e0 jour !<\/span><\/strong><br \/>Nombreuses \u00e9pid\u00e9mies notamment en Afrique de l\u2019Est.<\/p>\n<p>Note Veille internationale &#8211; S31\/2019 en<strong><a href=\"https:\/\/drive.google.com\/file\/d\/0B6INdQizpimkWkRtUDctbWJZMnBYa0c4U1Q4Y3lhWExvdGxn\/view?usp=sharing\" target=\"_blank\" rel=\"noopener noreferrer\"> cliquant ICI<\/a><\/strong><\/p>\n<p>Vous pouvez \u00e9galement retrouver plus d&#8217;informations sur le site Sant\u00e9 public France en <a href=\"https:\/\/www.santepubliquefrance.fr\/\" target=\"_blank\" rel=\"noreferrer noopener\" aria-label=\"cliquant ICI (opens in a new tab)\"><strong>cliquant ICI<\/strong><\/a><\/p>\n","protected":false},"excerpt":{"rendered":"","protected":false},"author":3,"featured_media":2743,"comment_status":"open","ping_status":"open","sticky":false,"template":"","format":"standard","meta":{"footnotes":""},"categories":[182],"tags":[184,100,333],"amp_enabled":true,"_links":{"self":[{"href":"https:\/\/urpspharma.re\/index.php?rest_route=\/wp\/v2\/posts\/2742"}],"collection":[{"href":"https:\/\/urpspharma.re\/index.php?rest_route=\/wp\/v2\/posts"}],"about":[{"href":"https:\/\/urpspharma.re\/index.php?rest_route=\/wp\/v2\/types\/post"}],"author":[{"embeddable":true,"href":"https:\/\/urpspharma.re\/index.php?rest_route=\/wp\/v2\/users\/3"}],"replies":[{"embeddable":true,"href":"https:\/\/urpspharma.re\/index.php?rest_route=%2Fwp%2Fv2%2Fcomments&post=2742"}],"version-history":[{"count":3,"href":"https:\/\/urpspharma.re\/index.php?rest_route=\/wp\/v2\/posts\/2742\/revisions"}],"predecessor-version":[{"id":2746,"href":"https:\/\/urpspharma.re\/index.php?rest_route=\/wp\/v2\/posts\/2742\/revisions\/2746"}],"wp:featuredmedia":[{"embeddable":true,"href":"https:\/\/urpspharma.re\/index.php?rest_route=\/wp\/v2\/media\/2743"}],"wp:attachment":[{"href":"https:\/\/urpspharma.re\/index.php?rest_route=%2Fwp%2Fv2%2Fmedia&parent=2742"}],"wp:term":[{"taxonomy":"category","embeddable":true,"href":"https:\/\/urpspharma.re\/index.php?rest_route=%2Fwp%2Fv2%2Fcategories&post=2742"},{"taxonomy":"post_tag","embeddable":true,"href":"https:\/\/urpspharma.re\/index.php?rest_route=%2Fwp%2Fv2%2Ftags&post=2742"}],"curies":[{"name":"wp","href":"https:\/\/api.w.org\/{rel}","templated":true}]}}