{"id":2827,"date":"2019-09-27T11:40:35","date_gmt":"2019-09-27T07:40:35","guid":{"rendered":"http:\/\/urpspharma.re\/?p=2827"},"modified":"2021-04-23T08:45:34","modified_gmt":"2021-04-23T04:45:34","slug":"rencontre-interprofessionnelle-2-2","status":"publish","type":"post","link":"https:\/\/urpspharma.re\/?p=2827","title":{"rendered":"Formation ODPC"},"content":{"rendered":"<div>&nbsp;<\/div>\n<div>&nbsp;<\/div>\n<div><span style=\"font-size: 1.2em; font-weight: 600;\">L&#8217;ASSOCIATION DE <\/span><span class=\"il\" style=\"font-size: 1.2em; font-weight: 600;\">FORMATION<\/span><span style=\"font-size: 1.2em; font-weight: 600;\">&nbsp;INTERPROFESSIONNELLE DE SANTE DE L&#8217;OCEAN INDIEN (AFIS)<\/span><\/div>\n<div>\n<h4>communique sur<\/h4>\n<\/div>\n<div>&nbsp;<\/div>\n<div>&nbsp;<\/div>\n<div>\n<div>\n<table style=\"width: 100%; border-collapse: collapse; background-color: #e7e7e7;\" cellspacing=\"5\" cellpadding=\"5\">\n<tbody>\n<tr>\n<td style=\"width: 100%;\">\n<p style=\"text-align: center;\"><span style=\"color: #a60a0a;\"><strong><span class=\"il\">Formation<\/span>&nbsp;DPC sur les perturbateurs endocriniens (y compris p\u00e9rinatalit\u00e9)<\/strong><\/span><\/p>\n<p><strong>Vendredi 04 octobre \u2013 de 8h30 \u00e0 17h30<br>au BELLEPIERRE (St Denis)<\/strong><\/p>\n<p style=\"text-align: left;\"><em>DI\u00c9T\u00c9TICIENS \u2013 ENDOCRINOLOGUES \u2013 INFIRMIERS \u2013 G\u00c9N\u00c9RALISTES \u2013 G\u00c9RIATRES &#8211; GYN\u00c9COLOGUES \u2013 P\u00c9DIATRES &#8211; PHARMACIENS \u2013 SAGES-FEMMES<\/em><\/p>\n<p><strong>R\u00e9f\u00e9rence programme : 85041900003<\/strong><\/p>\n<p style=\"text-align: center;\"><span style=\"color: #a60a0a;\"><strong>Expert&nbsp;: Dr SPIROUX&nbsp;Jo\u00ebl, sp\u00e9cialiste en m\u00e9decine environnementale \u00e0&nbsp;\u00c9vreux<\/strong><\/span><\/p>\n<\/td>\n<\/tr>\n<\/tbody>\n<\/table>\n<\/div>\n<\/div>\n<div>&nbsp;<\/div>\n<div>&nbsp;<\/div>\n<div>\n<table style=\"width: 100%; border-collapse: collapse; background-color: #e7e7e7;\">\n<tbody>\n<tr>\n<td style=\"width: 100%;\">\n<p style=\"text-align: center;\"><span style=\"color: #a60a0a;\"><strong><span class=\"il\">Formation<\/span>&nbsp;DPC sur l&#8217;\u00e9ducation th\u00e9rapeutique du patient<\/strong><\/span><\/p>\n<p><strong><span style=\"color: #333399;\">Module 1 :&nbsp;<\/span><\/strong><\/p>\n<p style=\"text-align: center;\"><strong>2 sessions au choix de 8h30 \u00e0 17h30<\/strong><\/p>\n<p style=\"text-align: center;\"><strong>Du 11 au 13 novembre 2019 au MERCURE CR\u00c9OLIA \u00e0 St Denis&nbsp;<br>OU<br>Du 14 au 16 novembre 2019 au PALM \u00e0 PETITE ILE<\/strong><\/p>\n<p><em>BIOLOGISTES, CHIRURGIENS-DENTISTES, INFIRMIERS, MASSEURS KIN\u00c9SITH\u00c9RAPEUTES, M\u00c9DECINS, ORTHOPHONISTES, ORTHOPTISTES, P\u00c9DICURES-PODOLOGUES, PHARMACIENS ET SAGES-FEMMES<\/em><\/p>\n<p><strong>R\u00c9F. DU PROGRAMME : 85041900001<\/strong><\/p>\n<p><strong><span style=\"color: #a60a0a;\">Experte&nbsp;:&nbsp;Dr BOURGEOIS Odile, Responsable du p\u00f4le ETP au D\u00e9partement Universitaire de M\u00e9decine G\u00e9n\u00e9rale&nbsp;; M\u00e9decin g\u00e9n\u00e9raliste&nbsp;; Ma\u00eetre de Conf\u00e9rence Associ\u00e9 Universit\u00e9 de Toulouse<\/span><br>&nbsp;<\/strong><\/p>\n<p><span style=\"color: #333399;\"><strong>Module 2 :<\/strong><\/span><\/p>\n<p>(obligatoire pour valider le programme ETP) :<\/p>\n<p style=\"text-align: center;\"><strong>Du 02 au 04 mars 2020 au PALM<br>et<br>du 05 au 07 mars 2020 au BELLEPIERRE pour le Nord)<\/strong><\/p>\n<\/td>\n<\/tr>\n<\/tbody>\n<\/table>\n<\/div>\n\n\n<p><strong><u>INSCRIPTION EN LIGNE&nbsp;:<\/u><\/strong><\/p>\n\n\n\n<p>Vous connecter \u00e0 votre espace personnel sur le site\u00a0<strong><span style=\"color: #333399;\"><a href=\"https:\/\/www.mondpc.fr\/\" target=\"_blank\" rel=\"noreferrer noopener\" aria-label=\"www.mondpc.fr (s\u2019ouvre dans un nouvel onglet)\">www.mondpc.fr<\/a><\/span><\/strong>\u00a0en indiquant votre identifiant et votre mot de passe<\/p>\n","protected":false},"excerpt":{"rendered":"<p>&nbsp; &nbsp; L&#8217;ASSOCIATION DE FORMATION&nbsp;INTERPROFESSIONNELLE DE SANTE DE L&#8217;OCEAN INDIEN (AFIS) communique sur &nbsp; &nbsp; Formation&nbsp;DPC sur les perturbateurs endocriniens (y compris p\u00e9rinatalit\u00e9) Vendredi 04 octobre \u2013 de 8h30 \u00e0 17h30au BELLEPIERRE (St Denis) DI\u00c9T\u00c9TICIENS \u2013 ENDOCRINOLOGUES \u2013 INFIRMIERS \u2013 G\u00c9N\u00c9RALISTES \u2013 G\u00c9RIATRES &#8211; GYN\u00c9COLOGUES \u2013 P\u00c9DIATRES &#8211; PHARMACIENS \u2013 SAGES-FEMMES R\u00e9f\u00e9rence programme : 85041900003&hellip;<\/p>\n","protected":false},"author":3,"featured_media":2834,"comment_status":"open","ping_status":"open","sticky":false,"template":"","format":"standard","meta":{"footnotes":""},"categories":[378,182],"tags":[20,342,343,341,345,344,18,239],"amp_enabled":true,"_links":{"self":[{"href":"https:\/\/urpspharma.re\/index.php?rest_route=\/wp\/v2\/posts\/2827"}],"collection":[{"href":"https:\/\/urpspharma.re\/index.php?rest_route=\/wp\/v2\/posts"}],"about":[{"href":"https:\/\/urpspharma.re\/index.php?rest_route=\/wp\/v2\/types\/post"}],"author":[{"embeddable":true,"href":"https:\/\/urpspharma.re\/index.php?rest_route=\/wp\/v2\/users\/3"}],"replies":[{"embeddable":true,"href":"https:\/\/urpspharma.re\/index.php?rest_route=%2Fwp%2Fv2%2Fcomments&post=2827"}],"version-history":[{"count":8,"href":"https:\/\/urpspharma.re\/index.php?rest_route=\/wp\/v2\/posts\/2827\/revisions"}],"predecessor-version":[{"id":4611,"href":"https:\/\/urpspharma.re\/index.php?rest_route=\/wp\/v2\/posts\/2827\/revisions\/4611"}],"wp:featuredmedia":[{"embeddable":true,"href":"https:\/\/urpspharma.re\/index.php?rest_route=\/wp\/v2\/media\/2834"}],"wp:attachment":[{"href":"https:\/\/urpspharma.re\/index.php?rest_route=%2Fwp%2Fv2%2Fmedia&parent=2827"}],"wp:term":[{"taxonomy":"category","embeddable":true,"href":"https:\/\/urpspharma.re\/index.php?rest_route=%2Fwp%2Fv2%2Fcategories&post=2827"},{"taxonomy":"post_tag","embeddable":true,"href":"https:\/\/urpspharma.re\/index.php?rest_route=%2Fwp%2Fv2%2Ftags&post=2827"}],"curies":[{"name":"wp","href":"https:\/\/api.w.org\/{rel}","templated":true}]}}