{"id":3112,"date":"2019-11-26T16:36:31","date_gmt":"2019-11-26T12:36:31","guid":{"rendered":"https:\/\/urpspharma.re\/?p=3112"},"modified":"2019-11-27T16:33:38","modified_gmt":"2019-11-27T12:33:38","slug":"la-dengue-8-aout-2017-3-3-2-2-3-3-2-3-3-2-3-4","status":"publish","type":"post","link":"https:\/\/urpspharma.re\/?p=3112","title":{"rendered":"Journ\u00e9e d\u00e9partementale de lutte contre la dengue le 27 novembre"},"content":{"rendered":"<h3>Nouvelle campagne de lutte contre la dengue\u00a0<br \/>SE PROTEGER, C\u2019EST AUSSI PROTEGER SES PROCHES !<\/h3>\n<table style=\"width: 100%; border-collapse: collapse; border-color: #e7e7e7; background-color: #e7e7e7;\">\n<tbody>\n<tr>\n<td style=\"width: 100%;\">\n<p style=\"text-align: justify;\"><strong>La\u00a0circulation active de la\u00a0<span class=\"il\">dengue<\/span>\u00a0laisse craindre une nouvelle vague d&#8217;\u00e9pid\u00e9mique majeure avec l\u2019arriv\u00e9e de l\u2019\u00e9t\u00e9 austral<\/strong>.<\/p>\n<p>C\u2019est la raison pour laquelle la Pr\u00e9fecture de La R\u00e9union et l\u2019ARS-OI ont d\u00e9cid\u00e9 de lancer une grande<strong>\u00a0journ\u00e9e d\u00e9partementale d\u00e9di\u00e9e \u00e0 la lutte contre la\u00a0<span class=\"il\">dengue<\/span>\u00a0le mercredi 27 novembre 2019<\/strong>\u00a0(<span style=\"color: #3366ff;\"><a style=\"color: #3366ff;\" href=\"https:\/\/drive.google.com\/file\/d\/0B6INdQizpimkOFpsQUI5SjQ1ME50SlQ1TFkwYmItLS1Pd2dN\/view?usp=sharing\" target=\"_blank\" rel=\"noopener noreferrer\" data-saferedirecturl=\"https:\/\/www.google.com\/url?q=https:\/\/drive.google.com\/file\/d\/0B6INdQizpimkOFpsQUI5SjQ1ME50SlQ1TFkwYmItLS1Pd2dN\/view?usp%3Dsharing&amp;source=gmail&amp;ust=1574856225130000&amp;usg=AFQjCNEG4dWXUmsxK13KEep6oETfqmCIDQ\">courrier<\/a>)<\/span><\/p>\n<p>En marge de cette journ\u00e9e, une campagne de communication est pr\u00e9vue (presse \u00e9crite \u2013 web \u2013 radio \u2013 r\u00e9seaux sociaux \u2026). Elle aura pour objectif de mobiliser et de sensibiliser le plus grand nombre aux gestes de protection. Dans ce cadre, une d\u00e9marche nouvelle est engag\u00e9e cette ann\u00e9e avec le lancement d\u2019un projet de communication engageante. Il s\u2019agit pour nos partenaires de s\u2019engager concr\u00e8tement dans la lutte contre les moustiques vecteurs et dans la promotion des gestes de pr\u00e9vention, au travers de la signature d\u2019une\u00a0<span style=\"color: #3366ff;\"><a style=\"color: #3366ff;\" href=\"https:\/\/drive.google.com\/file\/d\/0B6INdQizpimkakFDN2ZCMmJIMzlhN1ZVeHBQeW9wOVNnM0I0\/view?usp=sharing\" target=\"_blank\" rel=\"noopener noreferrer\" data-saferedirecturl=\"https:\/\/www.google.com\/url?q=https:\/\/drive.google.com\/file\/d\/0B6INdQizpimkakFDN2ZCMmJIMzlhN1ZVeHBQeW9wOVNnM0I0\/view?usp%3Dsharing&amp;source=gmail&amp;ust=1574856225130000&amp;usg=AFQjCNFNiFIzSL-b1dUOfvSTysoM5VQVQw\">charte d\u2019engagement<\/a>.<\/span><\/p>\n<p>La lutte contre les moustiques est l\u2019affaire de tous et votre r\u00f4le est important. Aussi, la Pr\u00e9fecture et l\u2019ARS OI vous invitent \u00e0 prendre part \u00e0 cette campagne de sensibilisation, en relayant les messages de pr\u00e9vention aupr\u00e8s de votre personnel et de vos publics.<\/p>\n<p>Le service de lutte anti-vectorielle est \u00e0 votre disposition pour toute information compl\u00e9mentaire \u00e0 l\u2019adresse suivante\u00a0<a href=\"mailto:ars-oi-kassmoustik@ars.sante.fr\" target=\"_blank\" rel=\"noopener noreferrer\">ars-oi-kassmoustik@<wbr \/>ars.sante.fr<\/a><\/p>\n<ul>\n<li><a title=\"Courrier de la pr\u00e9fecture et de l'ARS en cliquant ICI\" href=\"https:\/\/drive.google.com\/file\/d\/0B6INdQizpimkOFpsQUI5SjQ1ME50SlQ1TFkwYmItLS1Pd2dN\/view?usp=sharing\" target=\"_blank\" rel=\"noopener noreferrer\" data-saferedirecturl=\"https:\/\/www.google.com\/url?q=https:\/\/drive.google.com\/file\/d\/0B6INdQizpimkOFpsQUI5SjQ1ME50SlQ1TFkwYmItLS1Pd2dN\/view?usp%3Dsharing&amp;source=gmail&amp;ust=1574856225130000&amp;usg=AFQjCNEG4dWXUmsxK13KEep6oETfqmCIDQ\"><span style=\"color: #3366ff;\">Courrier de la pr\u00e9fecture et de l&#8217;ARS en cliquant ICI<\/span><\/a><\/li>\n<li><span style=\"color: #3366ff;\"><a style=\"color: #3366ff;\" title=\"Mon Etablissement s'engage dans la lutte contre la dengue (charte d'engagement) en cliquant ICI\" href=\"https:\/\/drive.google.com\/file\/d\/0B6INdQizpimkakFDN2ZCMmJIMzlhN1ZVeHBQeW9wOVNnM0I0\/view?usp=sharing\" target=\"_blank\" rel=\"noopener noreferrer\" data-saferedirecturl=\"https:\/\/www.google.com\/url?q=https:\/\/drive.google.com\/file\/d\/0B6INdQizpimkakFDN2ZCMmJIMzlhN1ZVeHBQeW9wOVNnM0I0\/view?usp%3Dsharing&amp;source=gmail&amp;ust=1574856225130000&amp;usg=AFQjCNFNiFIzSL-b1dUOfvSTysoM5VQVQw\">Mon Etablissement s&#8217;engage dans la lutte contre la <span class=\"il\">dengue<\/span>\u00a0(charte d&#8217;engagement) en cliquant ICI<\/a><\/span><\/li>\n<li><span style=\"color: #3366ff;\"><a style=\"color: #3366ff;\" title=\"Bilan de la journ\u00e9e d\u00e9partementale contre la dengue (formulaire) en cliquant ICI\" href=\"https:\/\/drive.google.com\/file\/d\/0B6INdQizpimkM003cFprVzhYbDZPMmVhMzJ1N0locWpUWjFn\/view?usp=sharing\" target=\"_blank\" rel=\"noopener noreferrer\" data-saferedirecturl=\"https:\/\/www.google.com\/url?q=https:\/\/drive.google.com\/file\/d\/0B6INdQizpimkM003cFprVzhYbDZPMmVhMzJ1N0locWpUWjFn\/view?usp%3Dsharing&amp;source=gmail&amp;ust=1574856225130000&amp;usg=AFQjCNHRizst7UvDo1WgqqSoXtzRFWTAoA\">Bilan de la journ\u00e9e d\u00e9partementale contre la <span class=\"il\">dengue<\/span>\u00a0(formulaire) en cliquant ICI<\/a><\/span><\/li>\n<\/ul>\n<p><b>Ensemble, MOBILISONS NOUS pour lutter contre la dengue\u00a0!<\/b><\/p>\n<\/td>\n<\/tr>\n<\/tbody>\n<\/table>\n\n\n<p>\u00a0<\/p>\n<table style=\"width: 100%; border-collapse: collapse; border-color: #e7e7e7; background-color: #e7e7e7;\">\n<tbody>\n<tr>\n<td style=\"width: 50%;\">\n<p><strong>Kit de communication \u00e0 t\u00e9l\u00e9charger sur le site de l&#8217;ARS en <span style=\"color: #0000ff;\"><a style=\"color: #0000ff;\" href=\"https:\/\/www.ocean-indien.ars.sante.fr\/nouvelle-campagne-de-lutte-contre-la-dengue-se-proteger-cest-aussi-proteger-ses-proches\" target=\"_blank\" rel=\"noopener noreferrer\">cliquant ICI<\/a><\/span><\/strong><\/p>\n<p><span style=\"color: #0000ff;\"><a style=\"color: #0000ff;\" href=\"https:\/\/www.ocean-indien.ars.sante.fr\/nouvelle-campagne-de-lutte-contre-la-dengue-se-proteger-cest-aussi-proteger-ses-proches\" target=\"_blank\" rel=\"noopener noreferrer\"><img loading=\"lazy\" decoding=\"async\" class=\"aligncenter  wp-image-3118\" src=\"https:\/\/urpspharma.re\/wp-content\/uploads\/2019\/11\/image-ars-affiche.png\" alt=\"\" width=\"243\" height=\"358\" srcset=\"https:\/\/urpspharma.re\/wp-content\/uploads\/2019\/11\/image-ars-affiche.png 545w, https:\/\/urpspharma.re\/wp-content\/uploads\/2019\/11\/image-ars-affiche-203x300.png 203w\" sizes=\"(max-width: 243px) 100vw, 243px\" \/><\/a><\/span><\/p>\n<\/td>\n<td style=\"width: 50%;\">\n<p>\u00a0<\/p>\n<p style=\"font-weight: 400;\"><span style=\"color: #000000;\"><strong>Communication externe<\/strong><\/span><\/p>\n<p style=\"font-weight: 400;\"><span style=\"color: #0000ff;\"><a style=\"color: #0000ff;\" href=\"http:\/\/www.ocean-indien.ars.sante.fr\/system\/files\/2019-11\/ARS_DENGUE_INTENSE_AFFICHE_nov2019.pdf\" data-saferedirecturl=\"https:\/\/www.google.com\/url?q=http:\/\/www.ocean-indien.ars.sante.fr\/system\/files\/2019-11\/ARS_DENGUE_INTENSE_AFFICHE_nov2019.pdf&amp;source=gmail&amp;ust=1574922591075000&amp;usg=AFQjCNE3bF50xZEJciizCYHV9FqWW7a6NQ\">Affiche<\/a><\/span><\/p>\n<p style=\"font-weight: 400;\"><span style=\"color: #0000ff;\"><a style=\"color: #0000ff;\" href=\"http:\/\/www.ocean-indien.ars.sante.fr\/system\/files\/2019-11\/ARS%20DENGUE%2020s.mp3\" data-saferedirecturl=\"https:\/\/www.google.com\/url?q=http:\/\/www.ocean-indien.ars.sante.fr\/system\/files\/2019-11\/ARS%2520DENGUE%252020s.mp3&amp;source=gmail&amp;ust=1574922591075000&amp;usg=AFQjCNHtjPY1QXhxSobspls6MURNV4iOGw\">Spot radio<\/a><\/span><\/p>\n<p style=\"font-weight: 400;\"><span style=\"color: #0000ff;\"><a style=\"color: #0000ff;\" href=\"http:\/\/www.ocean-indien.ars.sante.fr\/system\/files\/2019-11\/ARS_DENGUE_JD_BANDEAU_nov2019.jpg\" data-saferedirecturl=\"https:\/\/www.google.com\/url?q=http:\/\/www.ocean-indien.ars.sante.fr\/system\/files\/2019-11\/ARS_DENGUE_JD_BANDEAU_nov2019.jpg&amp;source=gmail&amp;ust=1574922591075000&amp;usg=AFQjCNF3iwu45sHTBiOlRoQpyYj4WS9liQ\">Bandeau pour les sites Internet et les courriels<\/a><\/span><\/p>\n<p style=\"font-weight: 400;\"><a href=\"http:\/\/www.ocean-indien.ars.sante.fr\/system\/files\/2019-11\/ARS_COMM_%C3%89T%C3%89_TWITTER_ENCART_211119_0.jpg\" data-saferedirecturl=\"https:\/\/www.google.com\/url?q=http:\/\/www.ocean-indien.ars.sante.fr\/system\/files\/2019-11\/ARS_COMM_%25C3%2589T%25C3%2589_TWITTER_ENCART_211119_0.jpg&amp;source=gmail&amp;ust=1574922591075000&amp;usg=AFQjCNECRzubK3mVdUNY0GyqRujZQzkXUA\"><span style=\"color: #0000ff;\">Bandeau pour Twitter<\/span><\/a><\/p>\n<p style=\"font-weight: 400;\"><span style=\"color: #0000ff;\"><a style=\"color: #0000ff;\" href=\"http:\/\/www.ocean-indien.ars.sante.fr\/system\/files\/video-thumbnails\/2019-11\/ARS_cover%20DENGUE_ETE_VIDEO_828X315_211119.mp4\" data-saferedirecturl=\"https:\/\/www.google.com\/url?q=http:\/\/www.ocean-indien.ars.sante.fr\/system\/files\/video-thumbnails\/2019-11\/ARS_cover%2520DENGUE_ETE_VIDEO_828X315_211119.mp4&amp;source=gmail&amp;ust=1574922591075000&amp;usg=AFQjCNENF0FNPzqdB3vlfaTdvQWGDpageA\">Bandeau anim\u00e9 pour Facebook<\/a><\/span><\/p>\n<p style=\"font-weight: 400;\"><span style=\"color: #0000ff;\"><a style=\"color: #0000ff;\" href=\"http:\/\/www.ocean-indien.ars.sante.fr\/system\/files\/video-thumbnails\/2019-11\/FACBOOK%20%28KIT%29.mp4\" data-saferedirecturl=\"https:\/\/www.google.com\/url?q=http:\/\/www.ocean-indien.ars.sante.fr\/system\/files\/video-thumbnails\/2019-11\/FACBOOK%2520%2528KIT%2529.mp4&amp;source=gmail&amp;ust=1574922591075000&amp;usg=AFQjCNFYVJvAALUC2-KN8ZEF-sM2t0Xqmg\">Spot anim\u00e9 Facebook &amp; Twitter (format 680&#215;680)<\/a><\/span><\/p>\n<p style=\"font-weight: 400;\"><span style=\"color: #0000ff;\"><a style=\"color: #0000ff;\" href=\"http:\/\/www.ocean-indien.ars.sante.fr\/system\/files\/video-thumbnails\/2019-11\/AKTION%20format%20paysage.mp4\" data-saferedirecturl=\"https:\/\/www.google.com\/url?q=http:\/\/www.ocean-indien.ars.sante.fr\/system\/files\/video-thumbnails\/2019-11\/AKTION%2520format%2520paysage.mp4&amp;source=gmail&amp;ust=1574922591075000&amp;usg=AFQjCNF6y6ww82ClyInOndDpGa78Cwx-4g\">Animation vid\u00e9o (format .MP4)<\/a><\/span><\/p>\n<p style=\"font-weight: 400;\"><span style=\"color: #0000ff;\"><a style=\"color: #0000ff;\" href=\"http:\/\/www.ocean-indien.ars.sante.fr\/system\/files\/2019-11\/ARS_DENGUE_ETE_ECRANS_CHU_211119.pdf\" data-saferedirecturl=\"https:\/\/www.google.com\/url?q=http:\/\/www.ocean-indien.ars.sante.fr\/system\/files\/2019-11\/ARS_DENGUE_ETE_ECRANS_CHU_211119.pdf&amp;source=gmail&amp;ust=1574922591075000&amp;usg=AFQjCNGkbZ_e84OqLwPTgTw8zSKBCXUSfw\">Animation vid\u00e9o (format .pdf)<\/a><\/span><\/p>\n<p>\u00a0<\/p>\n<\/td>\n<\/tr>\n<\/tbody>\n<\/table>\n\n\n\n<table style=\"width: 100%; border-collapse: collapse; border-color: #f2cece; background-color: #f2cece;\">\n<tbody>\n<tr>\n<td style=\"width: 100%;\">\n<p style=\"font-weight: 400; text-align: center;\"><strong>POUR EN SAVOIR PLUS\u00a0!<\/strong><\/p>\n<p style=\"font-weight: 400;\">&gt;\u00a0<strong>Site internet de l\u2019ARS OI :<\/strong><\/p>\n<p style=\"font-weight: 400;\">Retrouvez toute\u00a0l\u2019information\u00a0sur la situation de la dengue\u00a0\u00e0 La R\u00e9union\u00a0<span style=\"color: #0000ff;\"><u><a style=\"color: #0000ff;\" href=\"https:\/\/www.ocean-indien.ars.sante.fr\/situation-de-la-dengue-a-la-reunion\" data-saferedirecturl=\"https:\/\/www.google.com\/url?q=https:\/\/www.ocean-indien.ars.sante.fr\/situation-de-la-dengue-a-la-reunion&amp;source=gmail&amp;ust=1574922591075000&amp;usg=AFQjCNFXizzpvBDolgeN7lWbzXQHILHxiA\">cliquez ici<\/a><\/u><\/span><\/p>\n<p style=\"font-weight: 400;\">&gt;\u00a0<strong>Page Facebook \u00ab\u00a0Ensemble contre\u00a0les moustiques\u00a0\u00bb<\/strong><strong>\u2028<\/strong><span style=\"color: #0000ff;\"><u><a style=\"color: #0000ff;\" href=\"https:\/\/www.facebook.com\/Ensemblecontrelesmoustiques\/\" data-saferedirecturl=\"https:\/\/www.google.com\/url?q=https:\/\/www.facebook.com\/Ensemblecontrelesmoustiques\/&amp;source=gmail&amp;ust=1574922591075000&amp;usg=AFQjCNHhQbkKIkj4ECRDzsTqZ-bMn3AKiw\">cliquez ici<\/a><\/u><\/span><\/p>\n<p style=\"font-weight: 400;\"><strong>\u00a0<\/strong><em>N\u2019h\u00e9sitez pas \u00e0 liker la page et partager les informations\u00a0ou \u00e0 identifier notre page sur vos publications d\u2019actions!<\/em><\/p>\n<p style=\"font-weight: 400;\"><em>Et nous ferons de m\u00eame de notre c\u00f4t\u00e9, en relayant vos actions de communication sur notre page Facebook\u00a0!<\/em><\/p>\n<p style=\"font-weight: 400;\"><strong>\u00a0<\/strong><strong>&gt;\u00a0Page\u00a0<\/strong><strong>Twitter<\/strong><strong>\u00a0<\/strong><strong>Pr\u00e9fet de La R\u00e9union<\/strong><\/p>\n<p style=\"font-weight: 400;\">\u00a0\u00a0\u00a0<span style=\"color: #0000ff;\"><u><a style=\"color: #0000ff;\" href=\"https:\/\/twitter.com\/prefet974\" data-saferedirecturl=\"https:\/\/www.google.com\/url?q=https:\/\/twitter.com\/prefet974&amp;source=gmail&amp;ust=1574922591075000&amp;usg=AFQjCNGVZAebRwp7oVSmsNE29JwRPkdCqQ\">Cliquer ici<\/a><\/u><strong>\u00a0<\/strong><\/span><\/p>\n<\/td>\n<\/tr>\n<\/tbody>\n<\/table>\n<p>\u00a0<\/p>\n<table style=\"width: 100%; border-collapse: collapse; border-color: #e7e7e7; background-color: #e7e7e7; height: 60px;\">\n<tbody>\n<tr style=\"height: 60px;\">\n<td style=\"width: 50%; height: 60px;\">\n<p style=\"font-weight: 400;\"><strong>&gt;<span style=\"color: #ff0000;\"> LES MESSAGES<\/span><\/strong><\/p>\n<ul>\n<li style=\"font-weight: 400;\"><strong>Se prot\u00e9ger des piq\u00fbres de moustiques<\/strong>\u00a0:<\/li>\n<\/ul>\n<p style=\"font-weight: 400;\">r\u00e9pulsifs, moustiquaires b\u00e9b\u00e9, diffuseurs \u00e9lectriques, v\u00eatements longs,<\/p>\n<ul>\n<li style=\"font-weight: 400;\"><strong>Continuer de se prot\u00e9ger m\u00eame malade\u00a0:<\/strong><\/li>\n<\/ul>\n<p style=\"font-weight: 400;\">une personne qui a la dengue peut transmettre la maladie pendant 7 jours.<\/p>\n<p style=\"font-weight: 400;\">Ces gestes de pr\u00e9vention permettent d\u2019\u00e9viter de contracter la maladie mais aussi de la transmettre.<\/p>\n<ul>\n<li>Recommandations \u00e0 la population <span style=\"font-size: inherit; font-family: inherit; font-weight: inherit;\">en <\/span><a href=\"https:\/\/www.ocean-indien.ars.sante.fr\/recommandations-la-population\" target=\"_blank\" rel=\"noopener noreferrer\"><span style=\"color: #3366ff;\"><strong>cliquant ICI de l&#8217;Agence R\u00e9gionale de Sant\u00e9)<\/strong><\/span><\/a><\/li>\n<\/ul>\n<\/td>\n<\/tr>\n<\/tbody>\n<\/table>\n","protected":false},"excerpt":{"rendered":"<p>Nouvelle campagne de lutte contre la dengue\u00a0SE PROTEGER, C\u2019EST AUSSI PROTEGER SES PROCHES ! La\u00a0circulation active de la\u00a0dengue\u00a0laisse craindre une nouvelle vague d&#8217;\u00e9pid\u00e9mique majeure avec l\u2019arriv\u00e9e de l\u2019\u00e9t\u00e9 austral. C\u2019est la raison pour laquelle la Pr\u00e9fecture de La R\u00e9union et l\u2019ARS-OI ont d\u00e9cid\u00e9 de lancer une grande\u00a0journ\u00e9e d\u00e9partementale d\u00e9di\u00e9e \u00e0 la lutte contre la\u00a0dengue\u00a0le mercredi&hellip;<\/p>\n","protected":false},"author":3,"featured_media":3113,"comment_status":"open","ping_status":"open","sticky":false,"template":"","format":"standard","meta":{"footnotes":""},"categories":[182],"tags":[80,185,48,186,184,100],"amp_enabled":true,"_links":{"self":[{"href":"https:\/\/urpspharma.re\/index.php?rest_route=\/wp\/v2\/posts\/3112"}],"collection":[{"href":"https:\/\/urpspharma.re\/index.php?rest_route=\/wp\/v2\/posts"}],"about":[{"href":"https:\/\/urpspharma.re\/index.php?rest_route=\/wp\/v2\/types\/post"}],"author":[{"embeddable":true,"href":"https:\/\/urpspharma.re\/index.php?rest_route=\/wp\/v2\/users\/3"}],"replies":[{"embeddable":true,"href":"https:\/\/urpspharma.re\/index.php?rest_route=%2Fwp%2Fv2%2Fcomments&post=3112"}],"version-history":[{"count":7,"href":"https:\/\/urpspharma.re\/index.php?rest_route=\/wp\/v2\/posts\/3112\/revisions"}],"predecessor-version":[{"id":3125,"href":"https:\/\/urpspharma.re\/index.php?rest_route=\/wp\/v2\/posts\/3112\/revisions\/3125"}],"wp:featuredmedia":[{"embeddable":true,"href":"https:\/\/urpspharma.re\/index.php?rest_route=\/wp\/v2\/media\/3113"}],"wp:attachment":[{"href":"https:\/\/urpspharma.re\/index.php?rest_route=%2Fwp%2Fv2%2Fmedia&parent=3112"}],"wp:term":[{"taxonomy":"category","embeddable":true,"href":"https:\/\/urpspharma.re\/index.php?rest_route=%2Fwp%2Fv2%2Fcategories&post=3112"},{"taxonomy":"post_tag","embeddable":true,"href":"https:\/\/urpspharma.re\/index.php?rest_route=%2Fwp%2Fv2%2Ftags&post=3112"}],"curies":[{"name":"wp","href":"https:\/\/api.w.org\/{rel}","templated":true}]}}