{"id":3115,"date":"2019-11-26T16:18:22","date_gmt":"2019-11-26T12:18:22","guid":{"rendered":"https:\/\/urpspharma.re\/?p=3115"},"modified":"2019-11-27T16:40:11","modified_gmt":"2019-11-27T12:40:11","slug":"la-dengue-8-aout-2017-3-3-2-2-3-3-2-3-3-2-3-5","status":"publish","type":"post","link":"https:\/\/urpspharma.re\/?p=3115","title":{"rendered":"Journ\u00e9e d\u00e9partementale de lutte contre la dengue le 27 novembre"},"content":{"rendered":"<h3><\/h3>\n<h3><b>SE PROTEGER,\u00a0<\/b><b>C\u2019EST AUSSI,\u00a0<\/b><b>PROTEGER SES PROCHES\u00a0!<\/b><\/h3>\n<table style=\"width: 100%; border-collapse: collapse; border-color: #e7e7e7; background-color: #e7e7e7;\">\n<tbody>\n<tr>\n<td style=\"width: 100%;\">\n<p><strong>La\u00a0circulation active de la\u00a0<span class=\"il\">dengue<\/span>\u00a0laisse craindre une nouvelle vague d&#8217;\u00e9pid\u00e9mique majeure avec l\u2019arriv\u00e9e de l\u2019\u00e9t\u00e9 austral<\/strong>.<\/p>\n<p>C\u2019est la raison pour laquelle la Pr\u00e9fecture de La R\u00e9union et l\u2019ARS-OI ont d\u00e9cid\u00e9 de lancer une grande<strong>\u00a0journ\u00e9e d\u00e9partementale d\u00e9di\u00e9e \u00e0 la lutte contre la\u00a0<span class=\"il\">dengue<\/span>\u00a0le mercredi 27 novembre 2019<\/strong><strong>\u00a0\u00a0<\/strong><\/p>\n<p style=\"font-weight: 400;\"><span style=\"color: #ff0000;\"><strong>&gt; LES MESSAGES<\/strong><\/span><\/p>\n<ul>\n<li style=\"font-weight: 400;\"><strong>Se prot\u00e9ger des piq\u00fbres de moustiques<\/strong>\u00a0:<\/li>\n<\/ul>\n<p style=\"font-weight: 400;\">r\u00e9pulsifs, moustiquaires b\u00e9b\u00e9, diffuseurs \u00e9lectriques, v\u00eatements longs,<\/p>\n<ul>\n<li style=\"font-weight: 400;\"><strong>Continuer de se prot\u00e9ger m\u00eame malade\u00a0:<\/strong><\/li>\n<\/ul>\n<p style=\"font-weight: 400;\">une personne qui a la dengue peut transmettre la maladie pendant 7 jours.<\/p>\n<p style=\"font-weight: 400;\">Ces gestes de pr\u00e9vention permettent d\u2019\u00e9viter de contracter la maladie mais aussi de la transmettre.<\/p>\n<p>Agence R\u00e9gionale de Sant\u00e9 :<\/p>\n<ul>\n<li>Recommandations \u00e0 la population <span style=\"font-size: inherit; font-family: inherit; font-weight: inherit;\">en <\/span><a href=\"https:\/\/www.ocean-indien.ars.sante.fr\/recommandations-la-population\" target=\"_blank\" rel=\"noopener noreferrer\"><span style=\"color: #3366ff;\"><strong>cliquant ICI<\/strong><\/span><\/a><\/li>\n<\/ul>\n<p><strong>Ces recommandations s\u2019adressent \u00e0 tous les habitants de l\u2019\u00eele de La R\u00e9union et plus particuli\u00e8rement :<\/strong><\/p>\n<ul>\n<li class=\"Default\">aux habitants vivant dans les quartiers o\u00f9 le virus circule actuellement.<\/li>\n<li class=\"Default\">aux personnes devant se d\u00e9placer dans ces quartiers<\/li>\n<\/ul>\n<p style=\"text-align: justify;\"><strong>Il est rappel\u00e9 que, par arr\u00eat\u00e9 pr\u00e9fectoral, les propri\u00e9taires, locataires, exploitants ou occupants ont obligation de se conformer aux prescriptions des agents charg\u00e9s de la lutte anti-vectorielle et d\u2019\u00e9liminer, sur les terrains plac\u00e9s sous leur responsabilit\u00e9, tout objet ou situation susceptible de favoriser la r\u00e9tention d\u2019eau.<\/strong><\/p>\n<\/td>\n<\/tr>\n<\/tbody>\n<\/table>\n","protected":false},"excerpt":{"rendered":"<p>SE PROTEGER,\u00a0C\u2019EST AUSSI,\u00a0PROTEGER SES PROCHES\u00a0! La\u00a0circulation active de la\u00a0dengue\u00a0laisse craindre une nouvelle vague d&#8217;\u00e9pid\u00e9mique majeure avec l\u2019arriv\u00e9e de l\u2019\u00e9t\u00e9 austral. C\u2019est la raison pour laquelle la Pr\u00e9fecture de La R\u00e9union et l\u2019ARS-OI ont d\u00e9cid\u00e9 de lancer une grande\u00a0journ\u00e9e d\u00e9partementale d\u00e9di\u00e9e \u00e0 la lutte contre la\u00a0dengue\u00a0le mercredi 27 novembre 2019\u00a0\u00a0 &gt; LES MESSAGES Se prot\u00e9ger des&hellip;<\/p>\n","protected":false},"author":3,"featured_media":3113,"comment_status":"open","ping_status":"open","sticky":false,"template":"","format":"standard","meta":{"footnotes":""},"categories":[183,293],"tags":[80,185,48,186,184,100],"amp_enabled":true,"_links":{"self":[{"href":"https:\/\/urpspharma.re\/index.php?rest_route=\/wp\/v2\/posts\/3115"}],"collection":[{"href":"https:\/\/urpspharma.re\/index.php?rest_route=\/wp\/v2\/posts"}],"about":[{"href":"https:\/\/urpspharma.re\/index.php?rest_route=\/wp\/v2\/types\/post"}],"author":[{"embeddable":true,"href":"https:\/\/urpspharma.re\/index.php?rest_route=\/wp\/v2\/users\/3"}],"replies":[{"embeddable":true,"href":"https:\/\/urpspharma.re\/index.php?rest_route=%2Fwp%2Fv2%2Fcomments&post=3115"}],"version-history":[{"count":3,"href":"https:\/\/urpspharma.re\/index.php?rest_route=\/wp\/v2\/posts\/3115\/revisions"}],"predecessor-version":[{"id":3128,"href":"https:\/\/urpspharma.re\/index.php?rest_route=\/wp\/v2\/posts\/3115\/revisions\/3128"}],"wp:featuredmedia":[{"embeddable":true,"href":"https:\/\/urpspharma.re\/index.php?rest_route=\/wp\/v2\/media\/3113"}],"wp:attachment":[{"href":"https:\/\/urpspharma.re\/index.php?rest_route=%2Fwp%2Fv2%2Fmedia&parent=3115"}],"wp:term":[{"taxonomy":"category","embeddable":true,"href":"https:\/\/urpspharma.re\/index.php?rest_route=%2Fwp%2Fv2%2Fcategories&post=3115"},{"taxonomy":"post_tag","embeddable":true,"href":"https:\/\/urpspharma.re\/index.php?rest_route=%2Fwp%2Fv2%2Ftags&post=3115"}],"curies":[{"name":"wp","href":"https:\/\/api.w.org\/{rel}","templated":true}]}}