{"id":3226,"date":"2020-01-28T12:53:46","date_gmt":"2020-01-28T08:53:46","guid":{"rendered":"https:\/\/urpspharma.re\/?p=3226"},"modified":"2020-03-05T15:15:41","modified_gmt":"2020-03-05T11:15:41","slug":"rencontre-interprofessionnelle-2-3-3-2","status":"publish","type":"post","link":"https:\/\/urpspharma.re\/?p=3226","title":{"rendered":"Avril 2020 : Formation \u00e0 l&#8217;entretien motivationnel"},"content":{"rendered":"<h4 style=\"text-align: center;\"><strong>&#8220;Rep\u00e9rage pr\u00e9coce, accompagnement et prise en charge des patients pr\u00e9sentant des pratiques addictives&#8221;<\/strong><\/h4>\n<table style=\"width: 100%; border-collapse: collapse; border-color: #e7e7e7; background-color: #e7e7e7;\">\n<tbody>\n<tr>\n<td style=\"width: 37.7375%;\"><img loading=\"lazy\" decoding=\"async\" class=\"aligncenter  wp-image-3228\" src=\"https:\/\/urpspharma.re\/wp-content\/uploads\/2020\/02\/LOGO-RESPADD.png\" alt=\"\" width=\"149\" height=\"81\" \/><\/td>\n<td style=\"width: 62.2625%;\">Dans le cadre du d\u00e9ploiement de la strat\u00e9gie &#8220;Lieux de sant\u00e9 sans tabac&#8221;, des repr\u00e9sentants du RESPADD seront pr\u00e9sents \u00e0 la R\u00e9union en Avril 2020.<\/td>\n<\/tr>\n<\/tbody>\n<\/table>\n<p>\u00a0<\/p>\n<table style=\"width: 100.825%; border-collapse: collapse; background-color: #e7e7e7; height: 120px;\" cellspacing=\"5\" cellpadding=\"5\">\n<tbody>\n<tr style=\"height: 20px;\">\n<td style=\"width: 100%; text-align: center; height: 10px;\">\n<h4>A cette occasion,\u00a0<strong>une formation labelis\u00e9e DPC\u00a0<\/strong>est organis\u00e9e en partenariat avec :<\/h4>\n<\/td>\n<\/tr>\n<tr style=\"height: 110px;\">\n<td style=\"width: 100%; height: 110px;\">\n<p style=\"text-align: left;\"><img loading=\"lazy\" decoding=\"async\" class=\"aligncenter size-full wp-image-3229\" src=\"https:\/\/urpspharma.re\/wp-content\/uploads\/2020\/02\/LOGOS-REPERE-TIPA-SAOME.png\" alt=\"\" width=\"687\" height=\"84\" srcset=\"https:\/\/urpspharma.re\/wp-content\/uploads\/2020\/02\/LOGOS-REPERE-TIPA-SAOME.png 687w, https:\/\/urpspharma.re\/wp-content\/uploads\/2020\/02\/LOGOS-REPERE-TIPA-SAOME-300x37.png 300w\" sizes=\"(max-width: 687px) 100vw, 687px\" \/><\/p>\n<\/td>\n<\/tr>\n<\/tbody>\n<\/table>\n\n<p>\u00a0<\/p>\n<table style=\"width: 99.3781%; border-collapse: collapse; background-color: #e7e7e7;\" cellspacing=\"5\" cellpadding=\"5\">\n<tbody>\n<tr style=\"height: 20px;\">\n<td style=\"width: 22.7431%; text-align: center;\">\n<h4><img loading=\"lazy\" decoding=\"async\" class=\"aligncenter  wp-image-3230\" src=\"https:\/\/urpspharma.re\/wp-content\/uploads\/2020\/02\/image-objectifs.png\" alt=\"\" width=\"113\" height=\"103\" \/><\/h4>\n<\/td>\n<td style=\"width: 77.2569%; text-align: center;\">\n<p style=\"text-align: left;\"><strong>Objectifs :<\/strong><\/p>\n<ul>\n<li style=\"text-align: left;\">\n<p><strong>R\u00e9f\u00e9rentiel th\u00e9orique<\/strong>\u00a0: principes et strat\u00e9gies de l&#8217;entretien motivationnel.<\/p>\n<\/li>\n<li>\n<p style=\"text-align: left;\"><strong>Acquisition de comp\u00e9tences fondamentales<\/strong>\u00a0permettant d\u2019exp\u00e9rimenter le changement de style relationnel qu\u2019implique l&#8217;entretien motivationnel.<\/p>\n<\/li>\n<\/ul>\n<\/td>\n<\/tr>\n<tr>\n<td style=\"width: 22.7431%;\">\n<p style=\"text-align: left;\"><img loading=\"lazy\" decoding=\"async\" class=\"aligncenter  wp-image-3231\" src=\"https:\/\/urpspharma.re\/wp-content\/uploads\/2020\/02\/image-groupe.jpg\" alt=\"\" width=\"113\" height=\"113\" srcset=\"https:\/\/urpspharma.re\/wp-content\/uploads\/2020\/02\/image-groupe.jpg 240w, https:\/\/urpspharma.re\/wp-content\/uploads\/2020\/02\/image-groupe-150x150.jpg 150w\" sizes=\"(max-width: 113px) 100vw, 113px\" \/><\/p>\n<\/td>\n<td style=\"width: 77.2569%;\">\n<div>\u00a0<\/div>\n<div><strong>Public cible :<\/strong><\/div>\n<ul>\n<li>M\u00e9decins g\u00e9n\u00e9ralistes et sp\u00e9cialistes<\/li>\n<li>Chirurgiens dentistes<\/li>\n<li>Pharmaciens<\/li>\n<li>Sages-femmes<\/li>\n<li>Infirmiers<\/li>\n<li>Masseurs-kin\u00e9sith\u00e9rapeutes<\/li>\n<\/ul>\n<\/td>\n<\/tr>\n<tr>\n<td style=\"width: 22.7431%;\">\n<p style=\"text-align: center;\"><img loading=\"lazy\" decoding=\"async\" class=\"aligncenter  wp-image-3232\" src=\"https:\/\/urpspharma.re\/wp-content\/uploads\/2020\/02\/image-calendrier.png\" alt=\"\" width=\"115\" height=\"115\" \/><\/p>\n<\/td>\n<td style=\"width: 77.2569%;\">\n<p><strong>Dur\u00e9e :\u00a0<\/strong>2 jours<br \/><br \/><strong>Dates\u00a0<\/strong>: Jeudi 23 Avril et vendredi 24 Avril 2020<\/p>\n<p style=\"text-align: center;\">\u00a0<\/p>\n<\/td>\n<\/tr>\n<tr>\n<td style=\"width: 22.7431%;\">\n<p style=\"text-align: center;\"><img loading=\"lazy\" decoding=\"async\" class=\"aligncenter  wp-image-3233\" src=\"https:\/\/urpspharma.re\/wp-content\/uploads\/2020\/02\/image-localisation.png\" alt=\"\" width=\"115\" height=\"115\" \/><\/p>\n<\/td>\n<td style=\"width: 77.2569%;\">\n<p style=\"text-align: left;\"><strong>Lieu <\/strong>:<\/p>\n<p style=\"text-align: left;\"><br \/>Secteur Ouest (encore \u00e0 d\u00e9finir)<\/p>\n<\/td>\n<\/tr>\n<\/tbody>\n<\/table>\n\n\n<table style=\"width: 100%; border-collapse: collapse; border-color: #e7e7e7; background-color: #e7e7e7;\">\n<tbody>\n<tr>\n<td style=\"width: 100%;\">\n<p><strong><u>Modalit\u00e9s d&#8217;inscriptions\u00a0<\/u>: <\/strong><\/p>\n<p><strong>places limit\u00e9es \u00e0 24 personnes. Les inscriptions n&#8217;\u00e9tant pas encore ouvertes, les modalit\u00e9s vous seront communiqu\u00e9es d\u00e9but F\u00e9vrier 2020.<\/strong><br \/><br \/>Pour toute information compl\u00e9mentaire, n&#8217;h\u00e9sitez pas \u00e0 joindre la coordinatrice du dispositif Lib&#8217;sans tabac, Manon Le Roux au 0693909647 ou par mail \u00e0\u00a0<a href=\"mailto:libsanstabac@sante.re\" target=\"_blank\" rel=\"noopener noreferrer\">libsanstabac@sante.re<\/a><\/p>\n<\/td>\n<\/tr>\n<\/tbody>\n<\/table>\n","protected":false},"excerpt":{"rendered":"<p>&#8220;Rep\u00e9rage pr\u00e9coce, accompagnement et prise en charge des patients pr\u00e9sentant des pratiques addictives&#8221; Dans le cadre du d\u00e9ploiement de la strat\u00e9gie &#8220;Lieux de sant\u00e9 sans tabac&#8221;, des repr\u00e9sentants du RESPADD seront pr\u00e9sents \u00e0 la R\u00e9union en Avril 2020. \u00a0 A cette occasion,\u00a0une formation labelis\u00e9e DPC\u00a0est organis\u00e9e en partenariat avec : \u00a0 Objectifs : R\u00e9f\u00e9rentiel th\u00e9orique\u00a0:&hellip;<\/p>\n","protected":false},"author":3,"featured_media":3063,"comment_status":"open","ping_status":"open","sticky":false,"template":"","format":"standard","meta":{"footnotes":""},"categories":[284,182],"tags":[20,221,365,364,222,366,21,18,57,218,239],"amp_enabled":true,"_links":{"self":[{"href":"https:\/\/urpspharma.re\/index.php?rest_route=\/wp\/v2\/posts\/3226"}],"collection":[{"href":"https:\/\/urpspharma.re\/index.php?rest_route=\/wp\/v2\/posts"}],"about":[{"href":"https:\/\/urpspharma.re\/index.php?rest_route=\/wp\/v2\/types\/post"}],"author":[{"embeddable":true,"href":"https:\/\/urpspharma.re\/index.php?rest_route=\/wp\/v2\/users\/3"}],"replies":[{"embeddable":true,"href":"https:\/\/urpspharma.re\/index.php?rest_route=%2Fwp%2Fv2%2Fcomments&post=3226"}],"version-history":[{"count":4,"href":"https:\/\/urpspharma.re\/index.php?rest_route=\/wp\/v2\/posts\/3226\/revisions"}],"predecessor-version":[{"id":3237,"href":"https:\/\/urpspharma.re\/index.php?rest_route=\/wp\/v2\/posts\/3226\/revisions\/3237"}],"wp:featuredmedia":[{"embeddable":true,"href":"https:\/\/urpspharma.re\/index.php?rest_route=\/wp\/v2\/media\/3063"}],"wp:attachment":[{"href":"https:\/\/urpspharma.re\/index.php?rest_route=%2Fwp%2Fv2%2Fmedia&parent=3226"}],"wp:term":[{"taxonomy":"category","embeddable":true,"href":"https:\/\/urpspharma.re\/index.php?rest_route=%2Fwp%2Fv2%2Fcategories&post=3226"},{"taxonomy":"post_tag","embeddable":true,"href":"https:\/\/urpspharma.re\/index.php?rest_route=%2Fwp%2Fv2%2Ftags&post=3226"}],"curies":[{"name":"wp","href":"https:\/\/api.w.org\/{rel}","templated":true}]}}