{"id":3287,"date":"2020-02-21T13:54:21","date_gmt":"2020-02-21T09:54:21","guid":{"rendered":"https:\/\/urpspharma.re\/?p=3287"},"modified":"2020-02-28T14:05:45","modified_gmt":"2020-02-28T10:05:45","slug":"la-dengue-8-aout-2017-3-3-2-2-3-3-2-3-3-2-3-7-3-2","status":"publish","type":"post","link":"https:\/\/urpspharma.re\/?p=3287","title":{"rendered":"Veille sanitaire internationale"},"content":{"rendered":"<h3>Situation semaine du 17 au 21 f\u00e9vrier 2020<\/h3>\n<table style=\"height: 50px; width: 100%; border-collapse: collapse;\" cellspacing=\"0\" cellpadding=\"20\">\n<tbody>\n<tr style=\"height: 50px;\">\n<td style=\"width: 100%; background-color: #152947; text-align: left;\"><span style=\"color: #ffffff;\">LES ALERTES<\/span><\/td>\n<\/tr>\n<tr style=\"height: 50px;\">\n<td style=\"width: 100%; background-color: #e7e7e7; height: 100px;\">\n<p><span style=\"color: #a60a00;\"><strong>INFECTION AU NOUVEAU CORONAVIRUS (SARS-CoV-2), COVID-19<\/strong><\/span><\/p>\n<p>Lien utiles<\/p>\n<table dir=\"ltr\" border=\"1\" cellspacing=\"0\" cellpadding=\"0\"><colgroup><col width=\"291\" \/><col width=\"120\" \/><\/colgroup>\n<tbody>\n<tr>\n<td data-sheets-value=\"{&quot;1&quot;:2,&quot;2&quot;:&quot;\u2022 Site de Sant\u00e9 publique France&quot;}\">\u2022 Site de Sant\u00e9 publique France<\/td>\n<td data-sheets-value=\"{&quot;1&quot;:2,&quot;2&quot;:&quot;lien&quot;}\" data-sheets-formula=\"=LIEN_HYPERTEXTE(&quot;https:\/\/www.santepubliquefrance.fr\/maladies-et-traumatismes\/maladies-et-infections-respiratoires\/infection-a-coronavirus\/articles\/covid-19-situation-epidemiologique-internationale&quot;;&quot;lien&quot;)\" data-sheets-hyperlink=\"https:\/\/www.santepubliquefrance.fr\/maladies-et-traumatismes\/maladies-et-infections-respiratoires\/infection-a-coronavirus\/articles\/covid-19-situation-epidemiologique-internationale\"><span style=\"color: #3366ff;\"><a class=\"in-cell-link\" style=\"color: #3366ff;\" href=\"https:\/\/www.santepubliquefrance.fr\/maladies-et-traumatismes\/maladies-et-infections-respiratoires\/infection-a-coronavirus\/articles\/covid-19-situation-epidemiologique-internationale\" target=\"_blank\" rel=\"noopener noreferrer\">lien<\/a><\/span><\/td>\n<\/tr>\n<tr>\n<td data-sheets-value=\"{&quot;1&quot;:2,&quot;2&quot;:&quot;\u2022 Site du Minist\u00e8re de la sant\u00e9 &quot;}\">\u2022 Site du Minist\u00e8re de la sant\u00e9<\/td>\n<td data-sheets-value=\"{&quot;1&quot;:2,&quot;2&quot;:&quot;lien&quot;}\" data-sheets-formula=\"=LIEN_HYPERTEXTE(&quot;https:\/\/solidarites-sante.gouv.fr\/soins-et-maladies\/maladies\/maladies-infectieuses\/coronavirus\/&quot;;&quot;lien&quot;)\" data-sheets-hyperlink=\"https:\/\/solidarites-sante.gouv.fr\/soins-et-maladies\/maladies\/maladies-infectieuses\/coronavirus\/\"><span style=\"color: #3366ff;\"><a class=\"in-cell-link\" style=\"color: #3366ff;\" href=\"https:\/\/solidarites-sante.gouv.fr\/soins-et-maladies\/maladies\/maladies-infectieuses\/coronavirus\/\" target=\"_blank\" rel=\"noopener noreferrer\">lien<\/a><\/span><\/td>\n<\/tr>\n<tr>\n<td data-sheets-value=\"{&quot;1&quot;:2,&quot;2&quot;:&quot;\u2022 Site du gouvernement sur le coronavirus&quot;}\">\u2022 Site du gouvernement sur le coronavirus<\/td>\n<td data-sheets-value=\"{&quot;1&quot;:2,&quot;2&quot;:&quot;lien&quot;}\" data-sheets-formula=\"=LIEN_HYPERTEXTE(&quot;https:\/\/www.gouvernement.fr\/info-coronavirus&quot;;&quot;lien&quot;)\" data-sheets-hyperlink=\"https:\/\/www.gouvernement.fr\/info-coronavirus\"><span style=\"color: #3366ff;\"><a class=\"in-cell-link\" style=\"color: #3366ff;\" href=\"https:\/\/www.gouvernement.fr\/info-coronavirus\" target=\"_blank\" rel=\"noopener noreferrer\">lien<\/a><\/span><\/td>\n<\/tr>\n<tr>\n<td data-sheets-value=\"{&quot;1&quot;:2,&quot;2&quot;:&quot;\u2022 Site OMS&quot;}\">\u2022 Site OMS<\/td>\n<td data-sheets-value=\"{&quot;1&quot;:2,&quot;2&quot;:&quot;lien&quot;}\" data-sheets-formula=\"=LIEN_HYPERTEXTE(&quot;https:\/\/www.who.int\/fr\/emergencies\/diseases\/novel-coronavirus-2019&quot;;&quot;lien&quot;)\" data-sheets-hyperlink=\"https:\/\/www.who.int\/fr\/emergencies\/diseases\/novel-coronavirus-2019\"><span style=\"color: #3366ff;\"><a class=\"in-cell-link\" style=\"color: #3366ff;\" href=\"https:\/\/www.who.int\/fr\/emergencies\/diseases\/novel-coronavirus-2019\" target=\"_blank\" rel=\"noopener noreferrer\">lien<\/a><\/span><\/td>\n<\/tr>\n<tr>\n<td data-sheets-value=\"{&quot;1&quot;:2,&quot;2&quot;:&quot;\u2022 ECDC*&quot;}\">\u2022 ECDC*<\/td>\n<td data-sheets-value=\"{&quot;1&quot;:2,&quot;2&quot;:&quot;lien&quot;}\" data-sheets-formula=\"=LIEN_HYPERTEXTE(&quot;https:\/\/www.ecdc.europa.eu\/en\/novel-coronavirus-china&quot;;&quot;lien&quot;)\" data-sheets-hyperlink=\"https:\/\/www.ecdc.europa.eu\/en\/novel-coronavirus-china\"><span style=\"color: #3366ff;\"><a class=\"in-cell-link\" style=\"color: #3366ff;\" href=\"https:\/\/www.ecdc.europa.eu\/en\/novel-coronavirus-china\" target=\"_blank\" rel=\"noopener noreferrer\">lien<\/a><\/span><\/td>\n<\/tr>\n<tr>\n<td data-sheets-value=\"{&quot;1&quot;:2,&quot;2&quot;:&quot;\u2022 Tableau de bord r\u00e9alis\u00e9 par John Hopkins&quot;}\">\u2022 Tableau de bord r\u00e9alis\u00e9 par John Hopkins<\/td>\n<td data-sheets-value=\"{&quot;1&quot;:2,&quot;2&quot;:&quot;lien&quot;}\" data-sheets-formula=\"=LIEN_HYPERTEXTE(&quot;https:\/\/gisanddata.maps.arcgis.com\/apps\/opsdashboard\/index.html#\/bda7594740fd40299423467b48e9ecf6&quot;;&quot;lien&quot;)\" data-sheets-hyperlink=\"https:\/\/gisanddata.maps.arcgis.com\/apps\/opsdashboard\/index.html#\/bda7594740fd40299423467b48e9ecf6\"><span style=\"color: #3366ff;\"><a class=\"in-cell-link\" style=\"color: #3366ff;\" href=\"https:\/\/gisanddata.maps.arcgis.com\/apps\/opsdashboard\/index.html#\/bda7594740fd40299423467b48e9ecf6\" target=\"_blank\" rel=\"noopener noreferrer\">lien<\/a><\/span><\/td>\n<\/tr>\n<tr>\n<td>\u00a0<\/td>\n<td>\u00a0<\/td>\n<\/tr>\n<tr>\n<td data-sheets-value=\"{&quot;1&quot;:2,&quot;2&quot;:&quot;*ECDC -Centre europ\u00e9en de pr\u00e9vention et de contr\u00f4le des maladies&quot;}\">\u00a0<\/td>\n<td>\u00a0<\/td>\n<\/tr>\n<\/tbody>\n<\/table>\n<pre>*ECDC -Centre europ\u00e9en de pr\u00e9vention et de contr\u00f4le des maladies<\/pre>\n<p><strong><span style=\"color: #a60a00;\">DENGUE\u00a0<\/span><\/strong><br \/>Reprise \u00e9pid\u00e9mique \u00e0 la R\u00e9union et \u00e9pid\u00e9mie en cours \u00e0 Mayotte.<\/p>\n<p><span style=\"color: #a60a00;\"><strong>CHIKUNGUNYA\u00a0<\/strong><\/span><\/p>\n<p><img loading=\"lazy\" decoding=\"async\" class=\"aligncenter  wp-image-3292\" src=\"https:\/\/urpspharma.re\/wp-content\/uploads\/2020\/02\/Infos-plus.png\" alt=\"\" width=\"464\" height=\"137\" srcset=\"https:\/\/urpspharma.re\/wp-content\/uploads\/2020\/02\/Infos-plus.png 1027w, https:\/\/urpspharma.re\/wp-content\/uploads\/2020\/02\/Infos-plus-300x88.png 300w, https:\/\/urpspharma.re\/wp-content\/uploads\/2020\/02\/Infos-plus-768x226.png 768w, https:\/\/urpspharma.re\/wp-content\/uploads\/2020\/02\/Infos-plus-1024x301.png 1024w\" sizes=\"(max-width: 464px) 100vw, 464px\" \/><\/p>\n<p><span style=\"color: #a60a00;\"><strong>PALUDISME\u00a0<\/strong><\/span><\/p>\n<p><img loading=\"lazy\" decoding=\"async\" class=\"aligncenter  wp-image-3293\" src=\"https:\/\/urpspharma.re\/wp-content\/uploads\/2020\/02\/plus-paludisme.png\" alt=\"\" width=\"454\" height=\"98\" srcset=\"https:\/\/urpspharma.re\/wp-content\/uploads\/2020\/02\/plus-paludisme.png 1033w, https:\/\/urpspharma.re\/wp-content\/uploads\/2020\/02\/plus-paludisme-300x64.png 300w, https:\/\/urpspharma.re\/wp-content\/uploads\/2020\/02\/plus-paludisme-768x165.png 768w, https:\/\/urpspharma.re\/wp-content\/uploads\/2020\/02\/plus-paludisme-1024x220.png 1024w\" sizes=\"(max-width: 454px) 100vw, 454px\" \/><\/p>\n<p><strong><span style=\"color: #a60a00;\">ROUGEOLE<\/span><\/strong><\/p>\n<p><img loading=\"lazy\" decoding=\"async\" class=\"aligncenter  wp-image-3294\" src=\"https:\/\/urpspharma.re\/wp-content\/uploads\/2020\/02\/plus-rougeole.png\" alt=\"\" width=\"462\" height=\"116\" srcset=\"https:\/\/urpspharma.re\/wp-content\/uploads\/2020\/02\/plus-rougeole.png 1030w, https:\/\/urpspharma.re\/wp-content\/uploads\/2020\/02\/plus-rougeole-300x75.png 300w, https:\/\/urpspharma.re\/wp-content\/uploads\/2020\/02\/plus-rougeole-768x192.png 768w, https:\/\/urpspharma.re\/wp-content\/uploads\/2020\/02\/plus-rougeole-1024x256.png 1024w\" sizes=\"(max-width: 462px) 100vw, 462px\" \/><\/p>\n<p><strong><span style=\"color: #a60a00;\">EBOLA<\/span><\/strong><\/p>\n<p><img loading=\"lazy\" decoding=\"async\" class=\"aligncenter  wp-image-3295\" src=\"https:\/\/urpspharma.re\/wp-content\/uploads\/2020\/02\/plus-ebola.png\" alt=\"\" width=\"473\" height=\"102\" srcset=\"https:\/\/urpspharma.re\/wp-content\/uploads\/2020\/02\/plus-ebola.png 1024w, https:\/\/urpspharma.re\/wp-content\/uploads\/2020\/02\/plus-ebola-300x65.png 300w, https:\/\/urpspharma.re\/wp-content\/uploads\/2020\/02\/plus-ebola-768x166.png 768w\" sizes=\"(max-width: 473px) 100vw, 473px\" \/><\/p>\n<p><strong><span style=\"color: #a60a00;\">CHOLERA<\/span><\/strong><\/p>\n<p><img loading=\"lazy\" decoding=\"async\" class=\"aligncenter  wp-image-3296\" src=\"https:\/\/urpspharma.re\/wp-content\/uploads\/2020\/02\/plus-cholera.png\" alt=\"\" width=\"476\" height=\"100\" srcset=\"https:\/\/urpspharma.re\/wp-content\/uploads\/2020\/02\/plus-cholera.png 1035w, https:\/\/urpspharma.re\/wp-content\/uploads\/2020\/02\/plus-cholera-300x63.png 300w, https:\/\/urpspharma.re\/wp-content\/uploads\/2020\/02\/plus-cholera-768x161.png 768w, https:\/\/urpspharma.re\/wp-content\/uploads\/2020\/02\/plus-cholera-1024x215.png 1024w\" sizes=\"(max-width: 476px) 100vw, 476px\" \/><\/p>\n<\/td>\n<\/tr>\n<\/tbody>\n<\/table>\n\n\n<p>\u00a0<\/p>\n<p>Veille sanitaire internationale en <strong><span style=\"color: #3366ff;\"><a style=\"color: #3366ff;\" href=\"https:\/\/drive.google.com\/file\/d\/1UlhnULpfy1acCTS--xkXYh7zgiqIEmVY\/view?usp=sharing\" target=\"_blank\" rel=\"noopener noreferrer\">cliquant ICI<\/a><\/span><\/strong><\/p>\n<p>\u00a0<\/p>\n","protected":false},"excerpt":{"rendered":"<p>Situation semaine du 17 au 21 f\u00e9vrier 2020 LES ALERTES INFECTION AU NOUVEAU CORONAVIRUS (SARS-CoV-2), COVID-19 Lien utiles \u2022 Site de Sant\u00e9 publique France lien \u2022 Site du Minist\u00e8re de la sant\u00e9 lien \u2022 Site du gouvernement sur le coronavirus lien \u2022 Site OMS lien \u2022 ECDC* lien \u2022 Tableau de bord r\u00e9alis\u00e9 par John&hellip;<\/p>\n","protected":false},"author":3,"featured_media":3300,"comment_status":"open","ping_status":"open","sticky":false,"template":"","format":"standard","meta":{"footnotes":""},"categories":[182],"tags":[80,358,373,300,235,186,184,100],"amp_enabled":true,"_links":{"self":[{"href":"https:\/\/urpspharma.re\/index.php?rest_route=\/wp\/v2\/posts\/3287"}],"collection":[{"href":"https:\/\/urpspharma.re\/index.php?rest_route=\/wp\/v2\/posts"}],"about":[{"href":"https:\/\/urpspharma.re\/index.php?rest_route=\/wp\/v2\/types\/post"}],"author":[{"embeddable":true,"href":"https:\/\/urpspharma.re\/index.php?rest_route=\/wp\/v2\/users\/3"}],"replies":[{"embeddable":true,"href":"https:\/\/urpspharma.re\/index.php?rest_route=%2Fwp%2Fv2%2Fcomments&post=3287"}],"version-history":[{"count":4,"href":"https:\/\/urpspharma.re\/index.php?rest_route=\/wp\/v2\/posts\/3287\/revisions"}],"predecessor-version":[{"id":3301,"href":"https:\/\/urpspharma.re\/index.php?rest_route=\/wp\/v2\/posts\/3287\/revisions\/3301"}],"wp:featuredmedia":[{"embeddable":true,"href":"https:\/\/urpspharma.re\/index.php?rest_route=\/wp\/v2\/media\/3300"}],"wp:attachment":[{"href":"https:\/\/urpspharma.re\/index.php?rest_route=%2Fwp%2Fv2%2Fmedia&parent=3287"}],"wp:term":[{"taxonomy":"category","embeddable":true,"href":"https:\/\/urpspharma.re\/index.php?rest_route=%2Fwp%2Fv2%2Fcategories&post=3287"},{"taxonomy":"post_tag","embeddable":true,"href":"https:\/\/urpspharma.re\/index.php?rest_route=%2Fwp%2Fv2%2Ftags&post=3287"}],"curies":[{"name":"wp","href":"https:\/\/api.w.org\/{rel}","templated":true}]}}