{"id":3307,"date":"2020-03-02T10:58:57","date_gmt":"2020-03-02T06:58:57","guid":{"rendered":"https:\/\/urpspharma.re\/?p=3307"},"modified":"2020-03-03T11:03:34","modified_gmt":"2020-03-03T07:03:34","slug":"la-dengue-8-aout-2017-3-3-2-2-3-3-2-3-3-2-3-7-4","status":"publish","type":"post","link":"https:\/\/urpspharma.re\/?p=3307","title":{"rendered":"Dengue \u00e0 Mayotte"},"content":{"rendered":"<h3>Poursuite de l\u2019\u00e9pid\u00e9mie<\/h3>\n<table style=\"height: 50px; width: 100%; border-collapse: collapse;\">\n<tbody>\n<tr style=\"height: 50px;\">\n<td style=\"width: 100%; background-color: #152947; text-align: left;\"><span style=\"color: #ffffff;\">POINTS CLES : Situation au 27 f\u00e9vrier 2020<\/span><\/td>\n<\/tr>\n<tr style=\"height: 50px;\">\n<td style=\"width: 100%; background-color: #e7e7e7; height: 100px;\">\n<p><br \/>\u2022 1638 cas de dengue d\u00e9clar\u00e9s depuis le d\u00e9but de l\u2019\u00e9pid\u00e9mie dont 1454 cas confirm\u00e9s en 2020.<br \/>\u2022 Depuis 5 semaines entre 200 et 250 nouveaux cas confirm\u00e9s hebdomadaires.<br \/>\u2022 Propagation du virus sur l\u2019ensemble du territoire \u00e0 l\u2019exception du Centre.<br \/>\u2022 S\u00e9rotype DENV-1 majoritaire (identification du s\u00e9rotype DENV-2 pour 2 cas import\u00e9s)<br \/>\u2022 Saison des pluies favorable \u00e0 l\u2019augmentation de la population de moustiques<br \/>\u2022 Epid\u00e9mies de dengue dans la zone oc\u00e9an Indien : risque d\u2019importation de nouveaux cas et s\u00e9rotypes<\/p>\n<p>\u00a0<\/p>\n<\/td>\n<\/tr>\n<\/tbody>\n<\/table>\n\n\n<p>\u00a0<\/p>\n<p>Point \u00e9pid\u00e9miologique en <a href=\"https:\/\/drive.google.com\/file\/d\/1y-UMoTuBRQ5ax27ul2K5XPYZwHg5Q_7t\/view?usp=sharing\" target=\"_blank\" rel=\"noopener noreferrer\"><strong><span style=\"color: #3366ff;\">cliquant ICI<\/span><\/strong><\/a><\/p>\n<p>En savoir plus : site Sant\u00e9 Publique France en <a href=\"https:\/\/www.santepubliquefrance.fr\/recherche\/#search=dengue&amp;regions=Oc%C3%A9an%20Indien\" target=\"_blank\" rel=\"noopener noreferrer\"><strong><span style=\"color: #3366ff;\">cliquant IC<\/span><span style=\"color: #3366ff;\">I<\/span><\/strong><\/a><\/p>\n","protected":false},"excerpt":{"rendered":"<p>Poursuite de l\u2019\u00e9pid\u00e9mie POINTS CLES : Situation au 27 f\u00e9vrier 2020 \u2022 1638 cas de dengue d\u00e9clar\u00e9s depuis le d\u00e9but de l\u2019\u00e9pid\u00e9mie dont 1454 cas confirm\u00e9s en 2020.\u2022 Depuis 5 semaines entre 200 et 250 nouveaux cas confirm\u00e9s hebdomadaires.\u2022 Propagation du virus sur l\u2019ensemble du territoire \u00e0 l\u2019exception du Centre.\u2022 S\u00e9rotype DENV-1 majoritaire (identification du&hellip;<\/p>\n","protected":false},"author":3,"featured_media":2739,"comment_status":"open","ping_status":"open","sticky":false,"template":"","format":"standard","meta":{"footnotes":""},"categories":[182,183,293],"tags":[80,185,48,235,186,184,100],"amp_enabled":true,"_links":{"self":[{"href":"https:\/\/urpspharma.re\/index.php?rest_route=\/wp\/v2\/posts\/3307"}],"collection":[{"href":"https:\/\/urpspharma.re\/index.php?rest_route=\/wp\/v2\/posts"}],"about":[{"href":"https:\/\/urpspharma.re\/index.php?rest_route=\/wp\/v2\/types\/post"}],"author":[{"embeddable":true,"href":"https:\/\/urpspharma.re\/index.php?rest_route=\/wp\/v2\/users\/3"}],"replies":[{"embeddable":true,"href":"https:\/\/urpspharma.re\/index.php?rest_route=%2Fwp%2Fv2%2Fcomments&post=3307"}],"version-history":[{"count":1,"href":"https:\/\/urpspharma.re\/index.php?rest_route=\/wp\/v2\/posts\/3307\/revisions"}],"predecessor-version":[{"id":3308,"href":"https:\/\/urpspharma.re\/index.php?rest_route=\/wp\/v2\/posts\/3307\/revisions\/3308"}],"wp:featuredmedia":[{"embeddable":true,"href":"https:\/\/urpspharma.re\/index.php?rest_route=\/wp\/v2\/media\/2739"}],"wp:attachment":[{"href":"https:\/\/urpspharma.re\/index.php?rest_route=%2Fwp%2Fv2%2Fmedia&parent=3307"}],"wp:term":[{"taxonomy":"category","embeddable":true,"href":"https:\/\/urpspharma.re\/index.php?rest_route=%2Fwp%2Fv2%2Fcategories&post=3307"},{"taxonomy":"post_tag","embeddable":true,"href":"https:\/\/urpspharma.re\/index.php?rest_route=%2Fwp%2Fv2%2Ftags&post=3307"}],"curies":[{"name":"wp","href":"https:\/\/api.w.org\/{rel}","templated":true}]}}