{"id":3309,"date":"2020-03-10T21:00:32","date_gmt":"2020-03-10T17:00:32","guid":{"rendered":"https:\/\/urpspharma.re\/?p=3309"},"modified":"2020-03-11T10:10:58","modified_gmt":"2020-03-11T06:10:58","slug":"rencontre-interprofessionnelle-2-3-3","status":"publish","type":"post","link":"https:\/\/urpspharma.re\/?p=3309","title":{"rendered":"23 et 24 avril 2020 : Formation \u00e0 l&#8217;entretien motivationnel"},"content":{"rendered":"<h4>&nbsp;<\/h4>\n<h4 style=\"text-align: center;\"><strong>&#8220;Rep\u00e9rage pr\u00e9coce, accompagnement et prise en charge des patients pr\u00e9sentant des pratiques addictives&#8221;<\/strong><\/h4>\n<table style=\"width: 100%; border-collapse: collapse; border-color: #e7e7e7; background-color: #e7e7e7;\">\n<tbody>\n<tr>\n<td style=\"width: 37.7375%;\"><img loading=\"lazy\" decoding=\"async\" class=\"aligncenter  wp-image-3228\" src=\"https:\/\/urpspharma.re\/wp-content\/uploads\/2020\/02\/LOGO-RESPADD.png\" alt=\"\" width=\"149\" height=\"81\"><\/td>\n<td style=\"width: 62.2625%;\">Dans le cadre de la venue du RESPADD \u00e0 La R\u00e9union ; Rep\u00e8re, Tip@sant\u00e9 et Saome s\u2019unissent pour vous proposer la formation :<\/td>\n<\/tr>\n<\/tbody>\n<\/table>\n<table style=\"width: 99.9547%; border-collapse: collapse; background-color: #e7e7e7; height: 120px;\" cellspacing=\"5\" cellpadding=\"5\">\n<tbody>\n<tr style=\"height: 20px;\">\n<td style=\"width: 100%; text-align: center; height: 10px;\">\n<p><strong>Anim\u00e9e par Nicolas Bonnet, Directeur du RESPADD<\/strong><\/p>\n<\/td>\n<\/tr>\n<tr style=\"height: 110px;\">\n<td style=\"width: 100%; height: 110px;\">\n<p style=\"text-align: left;\"><img loading=\"lazy\" decoding=\"async\" class=\"aligncenter size-full wp-image-3229\" src=\"https:\/\/urpspharma.re\/wp-content\/uploads\/2020\/02\/LOGOS-REPERE-TIPA-SAOME.png\" alt=\"\" width=\"687\" height=\"84\" srcset=\"https:\/\/urpspharma.re\/wp-content\/uploads\/2020\/02\/LOGOS-REPERE-TIPA-SAOME.png 687w, https:\/\/urpspharma.re\/wp-content\/uploads\/2020\/02\/LOGOS-REPERE-TIPA-SAOME-300x37.png 300w\" sizes=\"(max-width: 687px) 100vw, 687px\" \/><\/p>\n<\/td>\n<\/tr>\n<\/tbody>\n<\/table>\n<table style=\"width: 100.001%; border-collapse: collapse; background-color: #e7e7e7;\" cellspacing=\"5\" cellpadding=\"5\">\n<tbody>\n<tr>\n<td style=\"width: 22.7431%; text-align: center;\">\n<h4><img loading=\"lazy\" decoding=\"async\" class=\"aligncenter  wp-image-3232\" src=\"https:\/\/urpspharma.re\/wp-content\/uploads\/2020\/02\/image-calendrier.png\" alt=\"\" width=\"115\" height=\"115\"><\/h4>\n<\/td>\n<td style=\"width: 77.7923%; text-align: center;\">\n<div style=\"text-align: left;\">Session sur&nbsp;<strong>2 journ\u00e9es<\/strong><\/div>\n<div style=\"text-align: left;\">Le&nbsp;<strong>jeudi 23<\/strong>&nbsp;et le&nbsp;<strong>vendredi 24 avril 2020<\/strong><\/div>\n<div style=\"text-align: left;\">De&nbsp;<strong>8h30 \u00e0 17h<\/strong><\/div>\n<\/td>\n<\/tr>\n<tr>\n<td style=\"width: 22.7431%; text-align: center;\">\n<h4><img loading=\"lazy\" decoding=\"async\" class=\"aligncenter  wp-image-3233\" src=\"https:\/\/urpspharma.re\/wp-content\/uploads\/2020\/02\/image-localisation.png\" alt=\"\" width=\"115\" height=\"115\"><\/h4>\n<\/td>\n<td style=\"width: 77.7923%; text-align: center;\">\n<p style=\"text-align: left;\"><strong>Lieu <\/strong>:<\/p>\n<p style=\"text-align: left;\">A l\u2019espace&nbsp;<strong>Tamarun,<\/strong><\/p>\n<div style=\"text-align: left;\">situ\u00e9 8 rue des argonautes<br>97434&nbsp;<strong>LA SALINE LES BAINS<\/strong><\/div>\n<div style=\"text-align: left;\"><span style=\"color: #0000ff;\"><a style=\"color: #0000ff;\" href=\"https:\/\/www.pagesjaunes.fr\/carte?bloc_id=FCP026224506608147431H001C0001&amp;no_sequence=0&amp;code_rubrique=42208000\" target=\"_blank\" rel=\"noopener noreferrer\">Plan d&#8217;acc\u00e8s<\/a><\/span><\/div>\n<\/td>\n<\/tr>\n<tr>\n<td style=\"width: 22.7431%; text-align: center;\">\n<h4><img loading=\"lazy\" decoding=\"async\" class=\"aligncenter  wp-image-3231\" src=\"https:\/\/urpspharma.re\/wp-content\/uploads\/2020\/02\/image-groupe.jpg\" alt=\"\" width=\"113\" height=\"113\" srcset=\"https:\/\/urpspharma.re\/wp-content\/uploads\/2020\/02\/image-groupe.jpg 240w, https:\/\/urpspharma.re\/wp-content\/uploads\/2020\/02\/image-groupe-150x150.jpg 150w\" sizes=\"(max-width: 113px) 100vw, 113px\" \/><\/h4>\n<\/td>\n<td style=\"width: 77.7923%; text-align: center;\">\n<div>&nbsp;<\/div>\n<div style=\"text-align: left;\"><strong>Public cible :<\/strong><\/div>\n<div>&nbsp;<\/div>\n<ul style=\"text-align: left;\">\n<li>Tous les professionnels de sant\u00e9 engag\u00e9s dans la relation d&#8217;aide, le soin, la pr\u00e9vention, le conseil et l\u2019action sociale ou \u00e9ducative sur la th\u00e9matique des conduites addictives.<\/li>\n<\/ul>\n<\/td>\n<\/tr>\n<tr style=\"height: 20px;\">\n<td style=\"width: 22.7431%; text-align: center;\">\n<h4><img loading=\"lazy\" decoding=\"async\" class=\"aligncenter  wp-image-3230\" src=\"https:\/\/urpspharma.re\/wp-content\/uploads\/2020\/02\/image-objectifs.png\" alt=\"\" width=\"113\" height=\"103\"><\/h4>\n<\/td>\n<td style=\"width: 77.7923%; text-align: center;\">\n<p style=\"text-align: left;\"><strong>Objectifs principaux :<\/strong><\/p>\n<ul>\n<li style=\"text-align: left;\">Aborder le r\u00e9f\u00e9rentiel th\u00e9orique (principes et strat\u00e9gies de l&#8217;entretien motivationnel)<\/li>\n<li style=\"text-align: left;\">Acqu\u00e9rir des comp\u00e9tences fondamentales permettant d\u2019exp\u00e9rimenter le changement de style relationnel.<\/li>\n<\/ul>\n<\/td>\n<\/tr>\n<\/tbody>\n<\/table>\n\n\n<table style=\"width: 100%; border-collapse: collapse; border-color: #e7e7e7; background-color: #e7e7e7; height: 195px;\">\n<tbody>\n<tr style=\"height: 247px;\">\n<td style=\"width: 100%; height: 195px;\">\n<div>Nombre de places limit\u00e9 \u00e0 24 personnes<\/div>\n<div>&nbsp;<\/div>\n<div><em>Prix pour les 2 jours : 300\u20ac<\/em>&nbsp;\u2013 D\u00e9jeuners compris dans la formation<\/div>\n<div>&nbsp;<\/div>\n<div><em>Une prise en charge de la formation est possible via les OPCO<\/em><\/div>\n<div>&nbsp;<\/div>\n<div><em>La pr\u00e9sence aux 2 journ\u00e9es est indispensable<\/em><\/div>\n<\/td>\n<\/tr>\n<\/tbody>\n<\/table>\n\n\n\n<p><strong>Vous souhaitez conna\u00eetre le programme :<\/strong><\/p>\n<table style=\"height: 50px; width: 100%; border-collapse: collapse; background-color: #152947;\" cellpadding=\"20\">\n<tbody>\n<tr>\n<td style=\"width: 100%; text-align: center;\"><a href=\"https:\/\/www.repere.re\/fileadmin\/user_upload\/ProgrammeEMOTIVATIONNEL.pdf\" target=\"_blank\" rel=\"noopener noreferrer\"><span style=\"color: #ffffff;\"><strong>Cliquez ICI pour le programme<\/strong><\/span><\/a><\/td>\n<\/tr>\n<\/tbody>\n<\/table>\n<p><strong>Vous souhaitez vous inscrire :<\/strong><\/p>\n<table style=\"height: 50px; width: 100%; border-collapse: collapse; background-color: #152947;\" cellpadding=\"20\">\n<tbody>\n<tr>\n<td style=\"width: 100%; text-align: center;\"><a href=\"https:\/\/www.repere.re\/sinscrire-aux-formations\/formulaire-dinscription.html?idform=261&amp;cHash=b7e6feca32e76510bd488cd0bc9cdae3\" target=\"_blank\" rel=\"noopener noreferrer\"><span style=\"color: #ffffff;\"><strong>Cliquez ICI pour vous inscrire<\/strong><\/span><\/a><\/td>\n<\/tr>\n<\/tbody>\n<\/table>\n<p>&nbsp;<\/p>\n\n\n\n<table style=\"width: 100%; border-collapse: collapse; border-color: #e7e7e7; background-color: #e7e7e7; height: 10px;\">\n<tbody>\n<tr>\n<td style=\"width: 100%; height: 10px;\">\n<div>Pour toute question, vous pouvez contacter<\/div>\n<div>Caroline Nevoux au 06 93 01 00 39 ou par mail\u00a0<a href=\"mailto:cnevoux@saome.fr?subject=Question%20formation%20Entretien%20Motivationnel\" target=\"_blank\" rel=\"noopener noreferrer\">cnevoux@saome.fr<\/a><\/div>\n<\/td>\n<\/tr>\n<\/tbody>\n<\/table>\n","protected":false},"excerpt":{"rendered":"<p>&nbsp; &#8220;Rep\u00e9rage pr\u00e9coce, accompagnement et prise en charge des patients pr\u00e9sentant des pratiques addictives&#8221; Dans le cadre de la venue du RESPADD \u00e0 La R\u00e9union ; Rep\u00e8re, Tip@sant\u00e9 et Saome s\u2019unissent pour vous proposer la formation : Anim\u00e9e par Nicolas Bonnet, Directeur du RESPADD Session sur&nbsp;2 journ\u00e9es Le&nbsp;jeudi 23&nbsp;et le&nbsp;vendredi 24 avril 2020 De&nbsp;8h30 \u00e0&hellip;<\/p>\n","protected":false},"author":3,"featured_media":3317,"comment_status":"open","ping_status":"open","sticky":false,"template":"","format":"standard","meta":{"footnotes":""},"categories":[284,182],"tags":[20,221,219,365,364,222,366,21,18,57,218,239],"amp_enabled":true,"_links":{"self":[{"href":"https:\/\/urpspharma.re\/index.php?rest_route=\/wp\/v2\/posts\/3309"}],"collection":[{"href":"https:\/\/urpspharma.re\/index.php?rest_route=\/wp\/v2\/posts"}],"about":[{"href":"https:\/\/urpspharma.re\/index.php?rest_route=\/wp\/v2\/types\/post"}],"author":[{"embeddable":true,"href":"https:\/\/urpspharma.re\/index.php?rest_route=\/wp\/v2\/users\/3"}],"replies":[{"embeddable":true,"href":"https:\/\/urpspharma.re\/index.php?rest_route=%2Fwp%2Fv2%2Fcomments&post=3309"}],"version-history":[{"count":9,"href":"https:\/\/urpspharma.re\/index.php?rest_route=\/wp\/v2\/posts\/3309\/revisions"}],"predecessor-version":[{"id":3350,"href":"https:\/\/urpspharma.re\/index.php?rest_route=\/wp\/v2\/posts\/3309\/revisions\/3350"}],"wp:featuredmedia":[{"embeddable":true,"href":"https:\/\/urpspharma.re\/index.php?rest_route=\/wp\/v2\/media\/3317"}],"wp:attachment":[{"href":"https:\/\/urpspharma.re\/index.php?rest_route=%2Fwp%2Fv2%2Fmedia&parent=3309"}],"wp:term":[{"taxonomy":"category","embeddable":true,"href":"https:\/\/urpspharma.re\/index.php?rest_route=%2Fwp%2Fv2%2Fcategories&post=3309"},{"taxonomy":"post_tag","embeddable":true,"href":"https:\/\/urpspharma.re\/index.php?rest_route=%2Fwp%2Fv2%2Ftags&post=3309"}],"curies":[{"name":"wp","href":"https:\/\/api.w.org\/{rel}","templated":true}]}}