{"id":3351,"date":"2020-03-11T10:49:19","date_gmt":"2020-03-11T06:49:19","guid":{"rendered":"https:\/\/urpspharma.re\/?p=3351"},"modified":"2020-03-11T10:49:27","modified_gmt":"2020-03-11T06:49:27","slug":"rencontre-interprofessionnelle-2-3-2-2-2-4-2-2","status":"publish","type":"post","link":"https:\/\/urpspharma.re\/?p=3351","title":{"rendered":"CORONAVIRUS"},"content":{"rendered":"<h2 id=\"m_3507001602929000856:2wx\"><strong>Directives li\u00e9es au Covid-19<\/strong><\/h2>\n<div>\u00a0<\/div>\n<div>\n<table style=\"width: 100%; border-collapse: collapse; border-color: #e7e7e7; background-color: #e7e7e7; height: 239px;\">\n<tbody>\n<tr style=\"height: 239px;\">\n<td style=\"width: 100%; height: 239px;\">\n<div>\n<h4 style=\"text-align: center;\"><span style=\"color: #333399;\"><strong>Livraison IMMINENTE de\u00a0masques chirurgicaux<br \/>dans votre officine par les grossistes r\u00e9partiteurs<\/strong><\/span><\/h4>\n<p>Quantit\u00e9s annonc\u00e9es par l&#8217;ARS le 10 mars 2020,\u00a0par officine\u00a0:<br \/>7 boites de masques chirurgicaux adultes<br \/>4 boites de masques chirurgicaux p\u00e9diatriques de 1 \u00e0 5 ans<br \/>3 boites de masques chirurgicaux p\u00e9diatriques de 6 \u00e0 12 ans.<\/p>\n<p><u><strong>Priorisation de la distribution<\/strong><\/u><strong>\u00a0 :<\/strong><\/p>\n<p><span style=\"color: #a60a0a;\"><u><strong>Attention : Les<\/strong><\/u><strong><u>\u00a0masques chirurgicaux adultes doivent uniquement \u00eatre d\u00e9livr\u00e9s \u00e0 des m\u00e9decins g\u00e9n\u00e9ralistes.<\/u><\/strong><\/span><\/p>\n<p>L\u2019Agence r\u00e9gionale de sant\u00e9 de La R\u00e9union communiquera ult\u00e9rieurement le mode de distribution des masques chirurgicaux enfants.<\/p>\n<\/div>\n<\/td>\n<\/tr>\n<\/tbody>\n<\/table>\n<\/div>\n<div>\u00a0<\/div>\n\n\n<p>\u00a0<\/p>\n<table style=\"height: 194px; width: 100%; border-collapse: collapse; border-color: #e7e7e7; background-color: #e7e7e7;\">\n<tbody>\n<tr>\n<td style=\"width: 100%; height: 194px; text-align: center;\">\n<h4 style=\"text-align: center;\"><span style=\"color: #333399;\"><strong>Interdiction de vente des masques respiratoires<br \/>jusqu&#8217;au 31 mai 2020<\/strong><\/span><\/h4>\n<div style=\"text-align: left;\"><strong>Pour rappel :<\/strong><\/div>\n<div>\u00a0<\/div>\n<div style=\"text-align: justify;\"><span style=\"color: #000000;\">Depuis le mardi 03 mars 2020, r\u00e9quisition par l&#8217;Etat des masques de protection respiratoire de type FFP2 et des masques anti-projections, stocks officinaux inclus.<\/span><br \/><br \/><span style=\"color: #000000;\">Aucune communication publique au sujet de votre stock de masques n&#8217;est donc possible pendant cette p\u00e9riode sur les r\u00e9seaux sociaux, site\u00a0priv\u00e9 etc&#8230;<\/span><\/div>\n<div style=\"text-align: justify;\">\u00a0<\/div>\n<div style=\"text-align: justify;\">\n<table style=\"height: 50px; width: 100%; border-collapse: collapse; background-color: #152947;\" cellpadding=\"20\">\n<tbody>\n<tr>\n<td style=\"width: 100%; text-align: center;\"><a href=\"https:\/\/drive.google.com\/file\/d\/14faTV4IAUG6OS45wh8GQDqsRy8MBRKlM\/view\" target=\"_blank\" rel=\"noopener noreferrer\"><span style=\"color: #ffffff;\">ICI : D\u00e9cret no 2020-190 du 3 mars 2020 relatif aux r\u00e9quisitions n\u00e9cessaires dans le cadre de la lutte contre le virus covid-19<\/span><\/a><\/td>\n<\/tr>\n<\/tbody>\n<\/table>\n<\/div>\n<div style=\"text-align: justify;\">\u00a0<\/div>\n<div style=\"text-align: justify;\">\u00a0<\/div>\n<div style=\"text-align: justify;\">\u00a0<\/div>\n<\/td>\n<\/tr>\n<\/tbody>\n<\/table>\n\n\n\n<p>\u00a0<\/p>\n<table style=\"height: 194px; width: 100%; border-collapse: collapse; border-color: #e7e7e7; background-color: #e7e7e7;\">\n<tbody>\n<tr>\n<td style=\"width: 100%; height: 194px; text-align: center;\">\n<h4 style=\"text-align: center;\"><span style=\"color: #333399;\"><strong>Gel Hydro-Alcoolique en officine<br \/>jusqu&#8217;au 31 mai 2020<\/strong><\/span><\/h4>\n<div style=\"text-align: left;\">\n<div>1) Fabrication autoris\u00e9e\u00a0par les pharmacies d&#8217;officine et les PUI (pharmacie \u00e0 usage int\u00e9rieur) des gels hydro-alcooliques.<br \/><br \/>2) Instauration de prix limite de vente au\u00a0d\u00e9tail et de vente en gros destin\u00e9e \u00e0 la revente.<\/div>\n<\/div>\n<div style=\"text-align: justify;\">\u00a0<\/div>\n<div style=\"text-align: justify;\">\n<table style=\"height: 50px; width: 100%; border-collapse: collapse; background-color: #152947;\" cellpadding=\"20\">\n<tbody>\n<tr>\n<td style=\"width: 100%; text-align: center;\"><a href=\"https:\/\/drive.google.com\/file\/d\/15OEFqQ5GVPe6wiY4QHHWVlMTY423oYOy\/view\" target=\"_blank\" rel=\"noopener noreferrer\"><span style=\"color: #ffffff;\">ICI : Arr\u00eat\u00e9 du 6 mars 2020 portant diverses mesures<br \/>relatives \u00e0 la lutte contre la propagation du virus covid-19<\/span><\/a><\/td>\n<\/tr>\n<\/tbody>\n<\/table>\n<\/div>\n<div style=\"text-align: justify;\">\u00a0<\/div>\n<div style=\"text-align: justify;\">\u00a0<\/div>\n<div style=\"text-align: justify;\">\n<table style=\"height: 50px; width: 100%; border-collapse: collapse; background-color: #152947;\" cellpadding=\"20\">\n<tbody>\n<tr>\n<td style=\"width: 100%; text-align: center;\"><a href=\"https:\/\/drive.google.com\/file\/d\/1lQyby-I2on5VWi_2qhTUD4mK12IcftcR\/view\" target=\"_blank\" rel=\"noopener noreferrer\"><span style=\"color: #ffffff;\">ICI : D\u00e9cret no 2020-197 du 5 mars 2020 relatif aux prix de vente des gels hydro-alcooliques<\/span><\/a><\/td>\n<\/tr>\n<\/tbody>\n<\/table>\n<\/div>\n<div>\u00a0<\/div>\n<\/td>\n<\/tr>\n<\/tbody>\n<\/table>\n\n\n\n<p>\u00a0<\/p>\n<table style=\"height: 194px; width: 100%; border-collapse: collapse; border-color: #e7e7e7; background-color: #e7e7e7;\">\n<tbody>\n<tr style=\"height: 194px;\">\n<td style=\"width: 100%; height: 194px;\">\n<h4 style=\"text-align: center;\"><span style=\"color: #333399;\"><strong>Rappels des outils de communication<\/strong><\/span><\/h4>\n<p><strong>Outils disponibles sur le site : <span style=\"color: #008080;\"><a style=\"color: #008080;\" href=\"https:\/\/solidarites-sante.gouv.fr\/soins-et-maladies\/maladies\/maladies-infectieuses\/coronavirus\/coronavirus-PS\" target=\"_blank\" rel=\"noopener noreferrer\">Minist\u00e8re des Solidarit\u00e9s et de la Sant\u00e9<\/a><\/span><\/strong><\/p>\n<p>Lien\u00a0utile :<br \/><strong><a href=\"https:\/\/urpspharma.us8.list-manage.com\/track\/click?u=07e1c2e988d75c3f3beefa643&amp;id=29dc956adb&amp;e=6902c74b14\" target=\"_blank\" rel=\"noopener noreferrer\" data-saferedirecturl=\"https:\/\/www.google.com\/url?q=https:\/\/urpspharma.us8.list-manage.com\/track\/click?u%3D07e1c2e988d75c3f3beefa643%26id%3D29dc956adb%26e%3D6902c74b14&amp;source=gmail&amp;ust=1583989393441000&amp;usg=AFQjCNEfKh4UZNe8cNNIq7vFg08y9XVvbQ\"><span style=\"color: #008080;\">Sant\u00e9 publique France<\/span><\/a><\/strong><\/p>\n<\/td>\n<\/tr>\n<\/tbody>\n<\/table>\n\n\n\n<p>\u00a0<\/p>\n<table style=\"width: 100%; border-collapse: collapse; border-color: #e7e7e7; background-color: #e7e7e7; height: 300px;\">\n<tbody>\n<tr style=\"height: 177px;\">\n<td style=\"width: 29.2746%; height: 177px;\"><a href=\"https:\/\/drive.google.com\/file\/d\/1REPS5qeOC6_B4uvu6NujX6Ts1lqqe5gd\/view\" target=\"_blank\" rel=\"noopener noreferrer\"><img loading=\"lazy\" decoding=\"async\" class=\"aligncenter  wp-image-3332\" src=\"https:\/\/urpspharma.re\/wp-content\/uploads\/2020\/03\/coronavirus.png\" alt=\"\" width=\"170\" height=\"245\" srcset=\"https:\/\/urpspharma.re\/wp-content\/uploads\/2020\/03\/coronavirus.png 250w, https:\/\/urpspharma.re\/wp-content\/uploads\/2020\/03\/coronavirus-208x300.png 208w\" sizes=\"(max-width: 170px) 100vw, 170px\" \/><\/a><\/td>\n<td style=\"width: 29.8359%; height: 177px;\">\n<div>\u00a0<\/div>\n<div><a href=\"https:\/\/drive.google.com\/file\/d\/13oPSRNd5oZrzEZWM6GzzG9nBdDgyeayM\/view\" target=\"_blank\" rel=\"noopener noreferrer\"><img loading=\"lazy\" decoding=\"async\" class=\"aligncenter  wp-image-3333\" src=\"https:\/\/urpspharma.re\/wp-content\/uploads\/2020\/03\/gestes-barri\u00e8re.png\" alt=\"\" width=\"162\" height=\"328\" srcset=\"https:\/\/urpspharma.re\/wp-content\/uploads\/2020\/03\/gestes-barri\u00e8re.png 250w, https:\/\/urpspharma.re\/wp-content\/uploads\/2020\/03\/gestes-barri\u00e8re-148x300.png 148w\" sizes=\"(max-width: 162px) 100vw, 162px\" \/><\/a><\/div>\n<div>\u00a0<\/div>\n<\/td>\n<td style=\"width: 26.4033%; height: 177px;\"><a href=\"https:\/\/drive.google.com\/file\/d\/1PAcJ9J_ybxGE_FR12znne4qPgKckvMXA\/view\" target=\"_blank\" rel=\"noopener noreferrer\"><img loading=\"lazy\" decoding=\"async\" class=\"aligncenter  wp-image-3334\" src=\"https:\/\/urpspharma.re\/wp-content\/uploads\/2020\/03\/conseils-aux-voyageurs.png\" alt=\"\" width=\"155\" height=\"315\" srcset=\"https:\/\/urpspharma.re\/wp-content\/uploads\/2020\/03\/conseils-aux-voyageurs.png 250w, https:\/\/urpspharma.re\/wp-content\/uploads\/2020\/03\/conseils-aux-voyageurs-147x300.png 147w\" sizes=\"(max-width: 155px) 100vw, 155px\" \/><\/a><\/td>\n<\/tr>\n<\/tbody>\n<\/table>\n","protected":false},"excerpt":{"rendered":"<p>Directives li\u00e9es au Covid-19 \u00a0 Livraison IMMINENTE de\u00a0masques chirurgicauxdans votre officine par les grossistes r\u00e9partiteurs Quantit\u00e9s annonc\u00e9es par l&#8217;ARS le 10 mars 2020,\u00a0par officine\u00a0:7 boites de masques chirurgicaux adultes4 boites de masques chirurgicaux p\u00e9diatriques de 1 \u00e0 5 ans3 boites de masques chirurgicaux p\u00e9diatriques de 6 \u00e0 12 ans. Priorisation de la distribution\u00a0 : Attention&hellip;<\/p>\n","protected":false},"author":3,"featured_media":3355,"comment_status":"open","ping_status":"open","sticky":false,"template":"","format":"standard","meta":{"footnotes":""},"categories":[182],"tags":[80,358,373,380,375,379,360,359,239],"amp_enabled":true,"_links":{"self":[{"href":"https:\/\/urpspharma.re\/index.php?rest_route=\/wp\/v2\/posts\/3351"}],"collection":[{"href":"https:\/\/urpspharma.re\/index.php?rest_route=\/wp\/v2\/posts"}],"about":[{"href":"https:\/\/urpspharma.re\/index.php?rest_route=\/wp\/v2\/types\/post"}],"author":[{"embeddable":true,"href":"https:\/\/urpspharma.re\/index.php?rest_route=\/wp\/v2\/users\/3"}],"replies":[{"embeddable":true,"href":"https:\/\/urpspharma.re\/index.php?rest_route=%2Fwp%2Fv2%2Fcomments&post=3351"}],"version-history":[{"count":5,"href":"https:\/\/urpspharma.re\/index.php?rest_route=\/wp\/v2\/posts\/3351\/revisions"}],"predecessor-version":[{"id":3414,"href":"https:\/\/urpspharma.re\/index.php?rest_route=\/wp\/v2\/posts\/3351\/revisions\/3414"}],"wp:featuredmedia":[{"embeddable":true,"href":"https:\/\/urpspharma.re\/index.php?rest_route=\/wp\/v2\/media\/3355"}],"wp:attachment":[{"href":"https:\/\/urpspharma.re\/index.php?rest_route=%2Fwp%2Fv2%2Fmedia&parent=3351"}],"wp:term":[{"taxonomy":"category","embeddable":true,"href":"https:\/\/urpspharma.re\/index.php?rest_route=%2Fwp%2Fv2%2Fcategories&post=3351"},{"taxonomy":"post_tag","embeddable":true,"href":"https:\/\/urpspharma.re\/index.php?rest_route=%2Fwp%2Fv2%2Ftags&post=3351"}],"curies":[{"name":"wp","href":"https:\/\/api.w.org\/{rel}","templated":true}]}}