{"id":3365,"date":"2020-03-17T09:16:50","date_gmt":"2020-03-17T05:16:50","guid":{"rendered":"https:\/\/urpspharma.re\/?p=3365"},"modified":"2020-03-19T09:38:05","modified_gmt":"2020-03-19T05:38:05","slug":"rencontre-interprofessionnelle-2-3-2-2-2-4-2-2-2-2","status":"publish","type":"post","link":"https:\/\/urpspharma.re\/?p=3365","title":{"rendered":"Covid-19 : Mobilisation g\u00e9n\u00e9rale"},"content":{"rendered":"<h2 id=\"m_3507001602929000856:2wx\"><strong>A tous les professionnels de sant\u00e9 lib\u00e9raux de La R\u00e9union<\/strong><\/h2>\n<div>&nbsp;<\/div>\n<div>\n<table style=\"width: 100%; border-collapse: collapse; border-color: #e7e7e7; background-color: #e7e7e7; height: 239px;\">\n<tbody>\n<tr style=\"height: 239px;\">\n<td style=\"width: 100%; height: 239px;\">\n<div>\n<div>\n<div style=\"text-align: justify;\">La pand\u00e9mie de Covid-19 plonge le monde dans une grave crise sanitaire. La R\u00e9union n\u2019est malheureusement pas \u00e9pargn\u00e9e, mais sa population n\u2019a pas encore pris la mesure des efforts qu\u2019elle doit consentir pour que collectivement nous sauvions un maximum de vies dans notre \u00eele.<\/div>\n<\/div>\n<p dir=\"ltr\" style=\"text-align: justify;\">Aussi, nous vous invitons \u00e0 prendre connaissance du communiqu\u00e9 ci-joint que nous avons co-sign\u00e9 ce dimanche 15 mars pour interpeller M. le Pr\u00e9fet et Mme la Directrice G\u00e9n\u00e9rale de l\u2019ARS afin que soient appliqu\u00e9es les m\u00eames mesures de distanciation sociale d\u00e9cid\u00e9es au niveau national sans perdre une journ\u00e9e de plus.<\/p>\n<p dir=\"ltr\" style=\"text-align: justify;\">Les cons\u00e9quences \u00e9conomiques redout\u00e9es (tant pour les entreprises que pour nos professions de sant\u00e9 lib\u00e9rales) ne peuvent retarder plus longtemps la mise en oeuvre de mesures drastiques pour limiter les pertes en vies humaines.<\/p>\n<p dir=\"ltr\" style=\"text-align: justify;\">Cela implique aussi une r\u00e9-organisation sp\u00e9cifique et agile des acteurs de la m\u00e9decine de ville en lien avec les \u00e9quipes hospitali\u00e8res. Une r\u00e9union de travail visant \u00e0 pr\u00e9ciser le r\u00f4le attendu de chacune de nos professions est programm\u00e9e ce mardi&nbsp;\u00e0 l\u2019ARS. La s\u00e9curisation primordiale des soignants pour la continuit\u00e9 des soins sera au menu de nos discussions, tout comme la mise en place de fili\u00e8res de soins d\u00e9di\u00e9es.<\/p>\n<p dir=\"ltr\" style=\"text-align: justify;\">Votre URPS ne manquera&nbsp;pas de vous tenir inform\u00e9s au plus t\u00f4t des pr\u00e9conisations actualis\u00e9es pour votre exercice quotidien. Elles s\u2019inscriront naturellement dans une logique de confinement optimal des cas possibles mais aussi de nos patients vuln\u00e9rables.<\/p>\n<p dir=\"ltr\" style=\"text-align: justify;\">De nouveaux textes r\u00e9glementaires sont publi\u00e9s au Journal Officiel chaque jour pour nous permettre de nous adapter collectivement \u00e0 l\u2019\u00e9volution de la situation sanitaire. Vous pouvez&nbsp;en prendre connaissance en cliquant sur les liens ci-dessous&nbsp;:<\/p>\n<p dir=\"ltr\" style=\"text-align: justify;\"><a href=\"https:\/\/urpspharma.us8.list-manage.com\/track\/click?u=07e1c2e988d75c3f3beefa643&amp;id=8daf158ef9&amp;e=6902c74b14\" target=\"_blank\" rel=\"noopener noreferrer\" data-saferedirecturl=\"https:\/\/www.google.com\/url?q=https:\/\/urpspharma.us8.list-manage.com\/track\/click?u%3D07e1c2e988d75c3f3beefa643%26id%3D8daf158ef9%26e%3D6902c74b14&amp;source=gmail&amp;ust=1584610735646000&amp;usg=AFQjCNEUwKGuqkxt8naJDoKwnQ4U4kq6Zg\"><span style=\"color: #3366ff;\">https:\/\/solidarites-sante.<wbr>gouv.fr\/soins-et-maladies\/<wbr>maladies\/maladies-<wbr>infectieuses\/coronavirus\/<wbr>coronavirus-PS<\/span><\/a><\/p>\n<p dir=\"ltr\" style=\"text-align: justify;\">et ici :<\/p>\n<p dir=\"ltr\" style=\"text-align: justify;\"><a href=\"https:\/\/urpspharma.us8.list-manage.com\/track\/click?u=07e1c2e988d75c3f3beefa643&amp;id=a668b5e653&amp;e=6902c74b14\" target=\"_blank\" rel=\"noopener noreferrer\" data-saferedirecturl=\"https:\/\/www.google.com\/url?q=https:\/\/urpspharma.us8.list-manage.com\/track\/click?u%3D07e1c2e988d75c3f3beefa643%26id%3Da668b5e653%26e%3D6902c74b14&amp;source=gmail&amp;ust=1584610735646000&amp;usg=AFQjCNEjB2H1bEmBD10vUbVlFADIzVNC9A\"><span style=\"color: #3366ff;\">https:\/\/www.lareunion.ars.<wbr>sante.fr\/coronavirus-<wbr>actualite-et-conduite-tenir-1<\/span><\/a><\/p>\n<p dir=\"ltr\" style=\"text-align: justify;\">Plus que jamais, votre attention est requise pour prendre en compte ces nouvelles dispositions ainsi que toutes les d\u00e9cisions concert\u00e9es qui seront prises localement.<\/p>\n<p dir=\"ltr\" style=\"text-align: justify;\">A l\u2019heure o\u00f9 nos missions prennent un sens particuli\u00e8rement aigu, nous savons pouvoir compter sur votre engagement total pour la sant\u00e9 et la vie de nos concitoyens.<\/p>\n<p dir=\"ltr\" style=\"text-align: left;\">Bien confraternellement<\/p>\n<p dir=\"ltr\" style=\"text-align: left;\">Le Pr\u00e9sident <span style=\"font-family: inherit; font-size: inherit; font-weight: inherit;\">Eric CADET<\/span><\/p>\n<\/div>\n<div style=\"text-align: justify;\"><img loading=\"lazy\" decoding=\"async\" class=\"aligncenter size-full wp-image-3366\" src=\"https:\/\/urpspharma.re\/wp-content\/uploads\/2020\/03\/bandeau-urps-3.jpg\" alt=\"\" width=\"875\" height=\"70\" srcset=\"https:\/\/urpspharma.re\/wp-content\/uploads\/2020\/03\/bandeau-urps-3.jpg 875w, https:\/\/urpspharma.re\/wp-content\/uploads\/2020\/03\/bandeau-urps-3-300x24.jpg 300w, https:\/\/urpspharma.re\/wp-content\/uploads\/2020\/03\/bandeau-urps-3-768x61.jpg 768w\" sizes=\"(max-width: 875px) 100vw, 875px\" \/><\/div>\n<div>&nbsp;<\/div>\n<\/td>\n<\/tr>\n<\/tbody>\n<\/table>\n<\/div>\n<div>&nbsp;<\/div>\n\n\n<p>\u00a0<\/p>\n<table style=\"height: 194px; width: 100%; border-collapse: collapse; border-color: #e7e7e7; background-color: #e7e7e7;\">\n<tbody>\n<tr>\n<td style=\"width: 100%; height: 194px; text-align: center;\">\n<div style=\"text-align: justify;\">\u00a0<\/div>\n<div style=\"text-align: justify;\">\n<table style=\"height: 50px; width: 100%; border-collapse: collapse; background-color: #152947;\" cellpadding=\"20\">\n<tbody>\n<tr>\n<td style=\"width: 100%; text-align: center;\"><a href=\"https:\/\/drive.google.com\/file\/d\/1pKwjP0_ZQldFfT6jJYdSVyhYN3CkRl6z\/view\" target=\"_blank\" rel=\"noopener noreferrer\"><span style=\"color: #ffffff;\">Communiqu\u00e9 du 15 mars 2020 \u00e0 l&#8217;ARS et au Pr\u00e9fet en cliquant ICI<\/span><\/a><\/td>\n<\/tr>\n<\/tbody>\n<\/table>\n<\/div>\n<div style=\"text-align: justify;\">\u00a0<\/div>\n<div style=\"text-align: justify;\">\u00a0<\/div>\n<div style=\"text-align: justify;\">\n<div style=\"text-align: left;\">Communication de votre URPS du 17 mars 2020 : Covid-19 &#8211; FLASH N\u00b02 en <a href=\"https:\/\/us8.campaign-archive.com\/?u=07e1c2e988d75c3f3beefa643&amp;id=d8570afeea\" target=\"_blank\" rel=\"noopener noreferrer\">cliquant ICI<\/a><\/div>\n<div style=\"text-align: justify;\">\u00a0<\/div>\n<\/div>\n<\/td>\n<\/tr>\n<\/tbody>\n<\/table>\n","protected":false},"excerpt":{"rendered":"<p>A tous les professionnels de sant\u00e9 lib\u00e9raux de La R\u00e9union &nbsp; La pand\u00e9mie de Covid-19 plonge le monde dans une grave crise sanitaire. La R\u00e9union n\u2019est malheureusement pas \u00e9pargn\u00e9e, mais sa population n\u2019a pas encore pris la mesure des efforts qu\u2019elle doit consentir pour que collectivement nous sauvions un maximum de vies dans notre \u00eele.&hellip;<\/p>\n","protected":false},"author":3,"featured_media":3224,"comment_status":"open","ping_status":"open","sticky":false,"template":"","format":"standard","meta":{"footnotes":""},"categories":[182],"tags":[80,358,373,379,239],"amp_enabled":true,"_links":{"self":[{"href":"https:\/\/urpspharma.re\/index.php?rest_route=\/wp\/v2\/posts\/3365"}],"collection":[{"href":"https:\/\/urpspharma.re\/index.php?rest_route=\/wp\/v2\/posts"}],"about":[{"href":"https:\/\/urpspharma.re\/index.php?rest_route=\/wp\/v2\/types\/post"}],"author":[{"embeddable":true,"href":"https:\/\/urpspharma.re\/index.php?rest_route=\/wp\/v2\/users\/3"}],"replies":[{"embeddable":true,"href":"https:\/\/urpspharma.re\/index.php?rest_route=%2Fwp%2Fv2%2Fcomments&post=3365"}],"version-history":[{"count":3,"href":"https:\/\/urpspharma.re\/index.php?rest_route=\/wp\/v2\/posts\/3365\/revisions"}],"predecessor-version":[{"id":3373,"href":"https:\/\/urpspharma.re\/index.php?rest_route=\/wp\/v2\/posts\/3365\/revisions\/3373"}],"wp:featuredmedia":[{"embeddable":true,"href":"https:\/\/urpspharma.re\/index.php?rest_route=\/wp\/v2\/media\/3224"}],"wp:attachment":[{"href":"https:\/\/urpspharma.re\/index.php?rest_route=%2Fwp%2Fv2%2Fmedia&parent=3365"}],"wp:term":[{"taxonomy":"category","embeddable":true,"href":"https:\/\/urpspharma.re\/index.php?rest_route=%2Fwp%2Fv2%2Fcategories&post=3365"},{"taxonomy":"post_tag","embeddable":true,"href":"https:\/\/urpspharma.re\/index.php?rest_route=%2Fwp%2Fv2%2Ftags&post=3365"}],"curies":[{"name":"wp","href":"https:\/\/api.w.org\/{rel}","templated":true}]}}