{"id":3392,"date":"2020-03-19T22:24:39","date_gmt":"2020-03-19T18:24:39","guid":{"rendered":"https:\/\/urpspharma.re\/?p=3392"},"modified":"2020-03-31T13:29:07","modified_gmt":"2020-03-31T09:29:07","slug":"rencontre-interprofessionnelle-2-3-2-2-2-4-2-2-2-2-2-2-2","status":"publish","type":"post","link":"https:\/\/urpspharma.re\/?p=3392","title":{"rendered":"Anti-inflammatoire &#8211; Parac\u00e9tamol &#8211; Renouvellement des ordonnances"},"content":{"rendered":"<h3>Covid-19 : A retenir&#8230;<\/h3>\n<div>&nbsp;<\/div>\n<div>\n<table style=\"width: 100%; border-collapse: collapse; background-color: #e7e7e7;\" cellpadding=\"20\">\n<tbody>\n<tr>\n<td style=\"width: 50%;\">\n<h4><span style=\"color: #0066cc;\"><strong>AINS (Anti-Inflamatoire Non St\u00e9ro\u00efdien) : Prise contre-indiqu\u00e9e<\/strong><\/span><\/h4>\n<p><img loading=\"lazy\" decoding=\"async\" class=\"aligncenter  wp-image-3399\" src=\"https:\/\/urpspharma.re\/wp-content\/uploads\/2020\/03\/Anti-inflammatoire-image.jpg\" alt=\"\" width=\"177\" height=\"129\" srcset=\"https:\/\/urpspharma.re\/wp-content\/uploads\/2020\/03\/Anti-inflammatoire-image.jpg 1200w, https:\/\/urpspharma.re\/wp-content\/uploads\/2020\/03\/Anti-inflammatoire-image-300x219.jpg 300w, https:\/\/urpspharma.re\/wp-content\/uploads\/2020\/03\/Anti-inflammatoire-image-768x561.jpg 768w, https:\/\/urpspharma.re\/wp-content\/uploads\/2020\/03\/Anti-inflammatoire-image-1024x748.jpg 1024w\" sizes=\"(max-width: 177px) 100vw, 177px\" \/><\/p>\n<\/td>\n<td style=\"width: 50%; text-align: justify;\">Mise en garde par Le ministre de la Sant\u00e9 Olivier V\u00e9ran sur la prise d&#8217;anti-inflammatoires chez les personnes infect\u00e9es par le Covid-19.<br>Aggravation susceptibles des infections d\u00e9j\u00e0 existantes et\/ou avec de grosses complications \u00e9ventuelles.&nbsp;<br>Site : le quotidien du pharmacien en<span style=\"color: #3366ff;\"><a style=\"color: #3366ff;\" href=\"https:\/\/urpspharma.us8.list-manage.com\/track\/click?u=07e1c2e988d75c3f3beefa643&amp;id=00e4893fb7&amp;e=6902c74b14\" target=\"_blank\" rel=\"noopener noreferrer\" data-saferedirecturl=\"https:\/\/www.google.com\/url?q=https:\/\/urpspharma.us8.list-manage.com\/track\/click?u%3D07e1c2e988d75c3f3beefa643%26id%3D00e4893fb7%26e%3D6902c74b14&amp;source=gmail&amp;ust=1585031239897000&amp;usg=AFQjCNGD0icRtWw4bD5Kp-_EfgIpug6uVg\">&nbsp;cliquant ICI<\/a><\/span><\/td>\n<\/tr>\n<\/tbody>\n<\/table>\n<\/div>\n<div>&nbsp;<\/div>\n<div>\n<div>&nbsp;<\/div>\n<div>\n<table style=\"width: 100%; border-collapse: collapse; background-color: #e7e7e7;\" cellpadding=\"20\">\n<tbody>\n<tr>\n<td style=\"width: 50%;\">\n<h4><span style=\"color: #0066cc;\"><strong>Parac\u00e9tamol :&nbsp;d\u00e9livrance limit\u00e9e du parac\u00e9tamol sans ordonnance<\/strong><\/span><\/h4>\n<p><img loading=\"lazy\" decoding=\"async\" class=\"aligncenter  wp-image-3398\" src=\"https:\/\/urpspharma.re\/wp-content\/uploads\/2020\/03\/parac\u00e9tamol-image.jpg\" alt=\"\" width=\"185\" height=\"157\" srcset=\"https:\/\/urpspharma.re\/wp-content\/uploads\/2020\/03\/parac\u00e9tamol-image.jpg 1000w, https:\/\/urpspharma.re\/wp-content\/uploads\/2020\/03\/parac\u00e9tamol-image-300x255.jpg 300w, https:\/\/urpspharma.re\/wp-content\/uploads\/2020\/03\/parac\u00e9tamol-image-768x652.jpg 768w\" sizes=\"(max-width: 185px) 100vw, 185px\" \/><\/p>\n<p><\/p>\n<\/td>\n<td style=\"width: 50%; text-align: justify;\">\n<p>A compter du mercredi 18 mars 2020, d\u00e9livrance limit\u00e9e du parac\u00e9tamol \u00e0<br>&#8211;&nbsp;<strong>1 seule boite<\/strong>&nbsp;de parac\u00e9tamol (500 mg ou 1g) par patient&nbsp;<strong>ne pr\u00e9sentant aucun sympt\u00f4me,<\/strong><br>&#8211;&nbsp;<strong>2 boites<\/strong>&nbsp;(500 mg ou 1g)&nbsp;<strong>en cas de sympt\u00f4mes<\/strong>&nbsp;(douleurs et\/ou fi\u00e8vre).<\/p>\n<p><span style=\"color: #000000;\">Information sur le site de l&#8217;ANSM en&nbsp;<\/span><span style=\"color: #3366ff;\"><a style=\"color: #3366ff;\" href=\"https:\/\/urpspharma.us8.list-manage.com\/track\/click?u=07e1c2e988d75c3f3beefa643&amp;id=ebe32babf2&amp;e=6902c74b14\" target=\"_blank\" rel=\"noopener noreferrer\" data-saferedirecturl=\"https:\/\/www.google.com\/url?q=https:\/\/urpspharma.us8.list-manage.com\/track\/click?u%3D07e1c2e988d75c3f3beefa643%26id%3Debe32babf2%26e%3D6902c74b14&amp;source=gmail&amp;ust=1585032121367000&amp;usg=AFQjCNE6WosOqHlvghLFtDiPlcbQFoBCtg\">cliquant ICI<\/a><\/span><\/p>\n<\/td>\n<\/tr>\n<\/tbody>\n<\/table>\n<\/div>\n<\/div>\n<div>&nbsp;<\/div>\n<div>\n<div>&nbsp;<\/div>\n<div>\n<table style=\"width: 100%; border-collapse: collapse; background-color: #e7e7e7;\" cellpadding=\"20\">\n<tbody>\n<tr>\n<td style=\"width: 50%;\">\n<h4><span style=\"color: #0066cc;\"><strong>Renouvellement d&#8217;ordonnance<\/strong><\/span><\/h4>\n<p><img loading=\"lazy\" decoding=\"async\" class=\"aligncenter  wp-image-3393\" src=\"https:\/\/urpspharma.re\/wp-content\/uploads\/2020\/03\/medicaments-image.jpg\" alt=\"\" width=\"239\" height=\"158\" srcset=\"https:\/\/urpspharma.re\/wp-content\/uploads\/2020\/03\/medicaments-image.jpg 540w, https:\/\/urpspharma.re\/wp-content\/uploads\/2020\/03\/medicaments-image-300x198.jpg 300w\" sizes=\"(max-width: 239px) 100vw, 239px\" \/><\/p>\n<\/td>\n<td style=\"width: 50%; text-align: justify;\">Les pharmaciens d&#8217;officine sont autoris\u00e9s \u00e0 \u00e9tendre le renouvellement d&#8217;une ordonnance expir\u00e9e \u00e0 d\u00e9livrer mois par mois&nbsp;pour un traitement de maladie chronique et cela<strong>&nbsp;jusqu&#8217;au 31 mai 2020<\/strong>&nbsp;(Sauf les m\u00e9dicaments stup\u00e9fiants et assimil\u00e9s). Le M\u00e9decin devra \u00eatre inform\u00e9 de cette d\u00e9livrance exceptionnelle.<\/td>\n<\/tr>\n<\/tbody>\n<\/table>\n<\/div>\n<div>&nbsp;<\/div>\n<\/div>\n<div>&nbsp;<\/div>\n\n\n<p>\u00a0<\/p>\n<table style=\"height: 118px; width: 100%; border-collapse: collapse; border-color: #e7e7e7; background-color: #e7e7e7;\">\n<tbody>\n<tr style=\"height: 118px;\">\n<td style=\"width: 100%; height: 118px; text-align: center;\">\n<div style=\"text-align: justify;\"><strong>Liens utiles :<\/strong><br \/>Site : ARS de La R\u00e9union en<span style=\"color: #3366ff;\">\u00a0<a style=\"color: #3366ff;\" href=\"https:\/\/www.lareunion.ars.sante.fr\/\" target=\"_blank\" rel=\"noopener noreferrer\">cliquant ICI<\/a><\/span><br \/>Site : Les services de l&#8217;Etat de La R\u00e9union en\u00a0<span style=\"color: #3366ff;\"><a style=\"color: #3366ff;\" href=\"http:\/\/www.reunion.gouv.fr\/coronavirus-covid-19-a-la-reunion-3-nouveaux-cas-a6419.html\" target=\"_blank\" rel=\"noopener noreferrer\">cliquant ICI<\/a><\/span><br \/>\u00a0 \u00a0 \u00a0\u00a0<\/div>\n<\/td>\n<\/tr>\n<\/tbody>\n<\/table>\n","protected":false},"excerpt":{"rendered":"<p>Covid-19 : A retenir&#8230; &nbsp; AINS (Anti-Inflamatoire Non St\u00e9ro\u00efdien) : Prise contre-indiqu\u00e9e Mise en garde par Le ministre de la Sant\u00e9 Olivier V\u00e9ran sur la prise d&#8217;anti-inflammatoires chez les personnes infect\u00e9es par le Covid-19.Aggravation susceptibles des infections d\u00e9j\u00e0 existantes et\/ou avec de grosses complications \u00e9ventuelles.&nbsp;Site : le quotidien du pharmacien en&nbsp;cliquant ICI &nbsp; &nbsp; Parac\u00e9tamol&hellip;<\/p>\n","protected":false},"author":3,"featured_media":3393,"comment_status":"open","ping_status":"open","sticky":false,"template":"","format":"standard","meta":{"footnotes":""},"categories":[183],"tags":[382,80,358,373,379,381,384,383,239],"amp_enabled":true,"_links":{"self":[{"href":"https:\/\/urpspharma.re\/index.php?rest_route=\/wp\/v2\/posts\/3392"}],"collection":[{"href":"https:\/\/urpspharma.re\/index.php?rest_route=\/wp\/v2\/posts"}],"about":[{"href":"https:\/\/urpspharma.re\/index.php?rest_route=\/wp\/v2\/types\/post"}],"author":[{"embeddable":true,"href":"https:\/\/urpspharma.re\/index.php?rest_route=\/wp\/v2\/users\/3"}],"replies":[{"embeddable":true,"href":"https:\/\/urpspharma.re\/index.php?rest_route=%2Fwp%2Fv2%2Fcomments&post=3392"}],"version-history":[{"count":8,"href":"https:\/\/urpspharma.re\/index.php?rest_route=\/wp\/v2\/posts\/3392\/revisions"}],"predecessor-version":[{"id":3444,"href":"https:\/\/urpspharma.re\/index.php?rest_route=\/wp\/v2\/posts\/3392\/revisions\/3444"}],"wp:featuredmedia":[{"embeddable":true,"href":"https:\/\/urpspharma.re\/index.php?rest_route=\/wp\/v2\/media\/3393"}],"wp:attachment":[{"href":"https:\/\/urpspharma.re\/index.php?rest_route=%2Fwp%2Fv2%2Fmedia&parent=3392"}],"wp:term":[{"taxonomy":"category","embeddable":true,"href":"https:\/\/urpspharma.re\/index.php?rest_route=%2Fwp%2Fv2%2Fcategories&post=3392"},{"taxonomy":"post_tag","embeddable":true,"href":"https:\/\/urpspharma.re\/index.php?rest_route=%2Fwp%2Fv2%2Ftags&post=3392"}],"curies":[{"name":"wp","href":"https:\/\/api.w.org\/{rel}","templated":true}]}}