{"id":3426,"date":"2020-03-22T08:52:06","date_gmt":"2020-03-22T04:52:06","guid":{"rendered":"https:\/\/urpspharma.re\/?p=3426"},"modified":"2020-03-31T08:58:10","modified_gmt":"2020-03-31T04:58:10","slug":"rencontre-interprofessionnelle-2-3-2-2-2-4-2-2-3","status":"publish","type":"post","link":"https:\/\/urpspharma.re\/?p=3426","title":{"rendered":"Covid-19 : Cris d&#8217;alarme des professionnels de sant\u00e9"},"content":{"rendered":"\n<h3>Mesures, Evolution, Conseils, Recommandations<\/h3>\n<table style=\"height: 194px; width: 100%; border-collapse: collapse; border-color: #e7e7e7; background-color: #e7e7e7;\">\n<tbody>\n<tr>\n<td style=\"width: 100%; height: 194px; text-align: center;\">\n<div style=\"text-align: justify;\"><span style=\"color: #0066cc;\"><strong>Des mesures de pr\u00e9vention draconiennes (protection, d\u00e9pistage&#8230;), pour La R\u00e9union\u00a0sont vitales<\/strong><\/span><\/div>\n<div>\u00a0<\/div>\n<div style=\"text-align: justify;\">L&#8217;ensemble des professionnels de sant\u00e9 lancent un cri d&#8217;alerte pour obtenir du mat\u00e9riel afin de se prot\u00e9ger et de prot\u00e9ger leurs patients<\/div>\n<div style=\"text-align: justify;\">\u00a0<\/div>\n<div><a href=\"https:\/\/drive.google.com\/file\/d\/1n_0nIePsh9KPjjMH-rpfvR8HGR8gw2fe\/view\" target=\"_blank\" rel=\"noopener noreferrer\"><img loading=\"lazy\" decoding=\"async\" class=\"aligncenter  wp-image-3406\" src=\"https:\/\/urpspharma.re\/wp-content\/uploads\/2020\/03\/lettre-au-minist\u00e8re.png\" alt=\"\" width=\"263\" height=\"63\" srcset=\"https:\/\/urpspharma.re\/wp-content\/uploads\/2020\/03\/lettre-au-minist\u00e8re.png 459w, https:\/\/urpspharma.re\/wp-content\/uploads\/2020\/03\/lettre-au-minist\u00e8re-300x72.png 300w\" sizes=\"(max-width: 263px) 100vw, 263px\" \/><\/a><\/div>\n<div>\u00a0<\/div>\n<div><a href=\"https:\/\/www.lemonde.fr\/societe\/article\/2020\/03\/19\/coronavirus-a-la-reunion-les-medecins-reclament-des-mesures_6033667_3224.html\" target=\"_blank\" rel=\"noopener noreferrer\"><img loading=\"lazy\" decoding=\"async\" class=\"aligncenter  wp-image-3407\" src=\"https:\/\/urpspharma.re\/wp-content\/uploads\/2020\/03\/on-parle-dans-la-presse.png\" alt=\"\" width=\"258\" height=\"59\" srcset=\"https:\/\/urpspharma.re\/wp-content\/uploads\/2020\/03\/on-parle-dans-la-presse.png 414w, https:\/\/urpspharma.re\/wp-content\/uploads\/2020\/03\/on-parle-dans-la-presse-300x69.png 300w\" sizes=\"(max-width: 258px) 100vw, 258px\" \/><\/a><\/div>\n<div style=\"text-align: justify;\">\u00a0<\/div>\n<\/td>\n<\/tr>\n<\/tbody>\n<\/table>\n\n\n\n<p>\u00a0<\/p>\n<table style=\"height: 194px; width: 100%; border-collapse: collapse; border-color: #e7e7e7; background-color: #e7e7e7;\">\n<tbody>\n<tr>\n<td style=\"width: 100%; height: 194px; text-align: left;\">\n<p>\u00a0<\/p>\n<p><span style=\"color: #0066cc;\"><strong>Evolution de la strat\u00e9gie de gestion et utilisation de masques de protection<\/strong><\/span><\/p>\n<p>\u00a0<\/p>\n<div style=\"text-align: left;\"><span style=\"color: #0066cc;\"><strong>1 &#8211; Enqu\u00eate de votre URPS<\/strong><\/span><\/div>\n<div style=\"text-align: left;\"><span style=\"color: #000000;\">L&#8217;URPS Pharmaciens, suite \u00e0 notre enqu\u00eate et aux r\u00e9ponses re\u00e7ues du mardi 17 et mercredi 18 mars 2020, a adress\u00e9 un courriel \u00e0 l&#8217;ARS pour faire un point sur la distribution des masques de protection du stock d&#8217;\u00c9tat par les pharmaciens d&#8217;officine.<\/span><\/div>\n<div>\u00a0<\/div>\n<div style=\"text-align: left;\">\n<div style=\"text-align: left;\">1) Fabrication autoris\u00e9e\u00a0par les pharmacies d&#8217;officine et les PUI (pharmacie \u00e0 usage int\u00e9rieur) des gels hydro-alcooliques.<br \/><br \/>2) Instauration de prix limite de vente au\u00a0d\u00e9tail et de vente en gros destin\u00e9e \u00e0 la revente.<\/div>\n<\/div>\n<div><a href=\"https:\/\/drive.google.com\/file\/d\/1IECOiOuGN47PiJHE5MRMKZHsmpqLHxLo\/view\" target=\"_blank\" rel=\"noopener noreferrer\"><img loading=\"lazy\" decoding=\"async\" class=\"aligncenter  wp-image-3408\" src=\"https:\/\/urpspharma.re\/wp-content\/uploads\/2020\/03\/courriel-de-lURPS-Pharmaciens-\u00e0-lARS.png\" alt=\"\" width=\"252\" height=\"60\" srcset=\"https:\/\/urpspharma.re\/wp-content\/uploads\/2020\/03\/courriel-de-lURPS-Pharmaciens-\u00e0-lARS.png 358w, https:\/\/urpspharma.re\/wp-content\/uploads\/2020\/03\/courriel-de-lURPS-Pharmaciens-\u00e0-lARS-300x71.png 300w\" sizes=\"(max-width: 252px) 100vw, 252px\" \/><\/a><\/div>\n<div>\u00a0<\/div>\n<div><a href=\"https:\/\/drive.google.com\/file\/d\/1cJkNJxBvXQQB0YsWFeHqq4Q-Zt5wfKk1\/view\" target=\"_blank\" rel=\"noopener noreferrer\"><img loading=\"lazy\" decoding=\"async\" class=\"aligncenter  wp-image-3409\" src=\"https:\/\/urpspharma.re\/wp-content\/uploads\/2020\/03\/Lettre-de-lARS.png\" alt=\"\" width=\"254\" height=\"57\" srcset=\"https:\/\/urpspharma.re\/wp-content\/uploads\/2020\/03\/Lettre-de-lARS.png 480w, https:\/\/urpspharma.re\/wp-content\/uploads\/2020\/03\/Lettre-de-lARS-300x68.png 300w\" sizes=\"(max-width: 254px) 100vw, 254px\" \/><\/a><\/div>\n<div style=\"text-align: justify;\">\u00a0<\/div>\n<div style=\"text-align: left;\">\n<div style=\"text-align: justify;\"><span style=\"color: #0066cc;\"><strong>2 &#8211; Evaluations des stocks<\/strong><\/span><\/div>\n<div style=\"text-align: justify;\">Jusqu\u2019\u00e0 nouvel ordre, l\u2019ARS demande aux pharmaciens de ne plus proc\u00e9der \u00e0 des distributions de masques aupr\u00e8s des professionnels de sant\u00e9 pour r\u00e9aliser un inventaire par 4 de leurs agents qui passent actuellement dans toutes nos officines.<br \/><br \/><u><strong>Rappel :<\/strong><\/u><br \/>Les instructions de l\u2019Agence r\u00e9gionale de sant\u00e9 de La R\u00e9union doivent \u00eatre suivies avec\u00a0<u><strong>la plus grande rigueur puisque les dotations et usages sont prioris\u00e9s<\/strong><\/u>, tenant compte des livraisons r\u00e9ceptionn\u00e9es \u00e0 La R\u00e9union.<\/div>\n<\/div>\n<div style=\"text-align: justify;\">\u00a0<\/div>\n<div style=\"text-align: justify;\"><span style=\"color: #a60a00;\"><strong>Ces instructions pr\u00e9vales sur les consignes nationales parfois inadapt\u00e9es pour notre territoire (stade 1).\u00a0<\/strong><\/span><br \/><br \/><span style=\"color: #0066cc;\"><strong>3 &#8211; Nouvelles modalit\u00e9s de livraison de masques<\/strong><\/span><br \/><span style=\"color: #000000;\">Votre URPS a \u00e9t\u00e9 sollicit\u00e9e par l\u2019ARS pour am\u00e9liorer le dispositif de livraison\u00a0et de r\u00e9partition\u00a0des masques destin\u00e9s\u00a0aux professionnels de sant\u00e9 (M\u00e9decins g\u00e9n\u00e9ralistes, Infirmiers, Pharmaciens).<\/span><br \/><span style=\"color: #000000;\">Nous vous communiquerons d\u00e8s que possible les nouvelles modalit\u00e9s \u00e0 respecter.<\/span><\/div>\n<div>\u00a0<\/div>\n<\/td>\n<\/tr>\n<\/tbody>\n<\/table>\n\n\n\n<p>\u00a0<\/p>\n<table style=\"height: 194px; width: 100%; border-collapse: collapse; border-color: #e7e7e7; background-color: #e7e7e7;\">\n<tbody>\n<tr style=\"height: 194px;\">\n<td style=\"width: 100%; height: 194px; text-align: center;\">\n<div style=\"text-align: left;\">\n<div>\u00a0<\/div>\n<div style=\"text-align: left;\"><span style=\"color: #0066cc;\"><strong>Conseils pratiques aux pharmaciens<\/strong><\/span><\/div>\n<div>\u00a0<\/div>\n<div style=\"text-align: left;\"><span style=\"color: #a60a0a;\"><strong>Attention, nous sommes encore au stade 1 dans notre \u00eele et les patients suspects de retour de voyage avec des sympt\u00f4mes doivent toujours appeler le 15 ou leur m\u00e9decin mais sans se d\u00e9placer au cabinet.<\/strong><\/span><\/div>\n<div>\u00a0<\/div>\n<div style=\"text-align: left;\"><u>IMPORTANT<\/u>\u00a0:<br \/>En cas de fermeture exceptionnelle de votre officine, un signalement doit \u00eatre effectu\u00e9 aupr\u00e8s de l\u2019ARS et des responsables des secteurs de garde<\/div>\n<\/div>\n<div>\u00a0<\/div>\n<div><a href=\"https:\/\/drive.google.com\/file\/d\/1pR4aGqZgJhNSQuIg1e5v1SJyGp6xXxR8\/view\" target=\"_blank\" rel=\"noopener noreferrer\"><img loading=\"lazy\" decoding=\"async\" class=\"aligncenter  wp-image-3422\" src=\"https:\/\/urpspharma.re\/wp-content\/uploads\/2020\/03\/conseils-pratiques.png\" alt=\"\" width=\"105\" height=\"150\" srcset=\"https:\/\/urpspharma.re\/wp-content\/uploads\/2020\/03\/conseils-pratiques.png 372w, https:\/\/urpspharma.re\/wp-content\/uploads\/2020\/03\/conseils-pratiques-211x300.png 211w\" sizes=\"(max-width: 105px) 100vw, 105px\" \/><\/a><\/div>\n<div style=\"text-align: left;\">Conseils pratiques pour pr\u00e9parer le futur stade 3<strong>\u00a0<\/strong>en\u00a0<span style=\"color: #0000ff;\"><a style=\"color: #0000ff;\" href=\"https:\/\/urpspharma.us8.list-manage.com\/track\/click?u=07e1c2e988d75c3f3beefa643&amp;id=7a331b72d7&amp;e=6902c74b14\" target=\"_blank\" rel=\"noopener noreferrer\" data-saferedirecturl=\"https:\/\/www.google.com\/url?q=https:\/\/urpspharma.us8.list-manage.com\/track\/click?u%3D07e1c2e988d75c3f3beefa643%26id%3D7a331b72d7%26e%3D6902c74b14&amp;source=gmail&amp;ust=1585709422623000&amp;usg=AFQjCNEQSpejUn3aRggiHIQ-CzxiHqEisQ\">cliquant ICI<\/a><\/span><\/div>\n<div>\u00a0<\/div>\n<\/td>\n<\/tr>\n<\/tbody>\n<\/table>\n\n\n\n<p>&nbsp;<\/p>\n<table style=\"height: 194px; width: 100%; border-collapse: collapse; border-color: #e7e7e7; background-color: #e7e7e7;\">\n<tbody>\n<tr>\n<td style=\"width: 100%; height: 194px; text-align: center;\">\n<div style=\"text-align: left;\">\n<div style=\"text-align: left;\">&nbsp;<\/div>\n<div style=\"text-align: left;\">&nbsp;<\/div>\n<\/div>\n<div>\n<p style=\"text-align: left;\"><span style=\"color: #0066cc;\"><strong>Cyclamed : recommandations et informations pour les usagers<\/strong><\/span><\/p>\n<p><img loading=\"lazy\" decoding=\"async\" class=\"aligncenter  wp-image-3427\" src=\"https:\/\/urpspharma.re\/wp-content\/uploads\/2020\/03\/CYCLAMED.png\" alt=\"\" width=\"129\" height=\"125\"><\/p>\n<\/div>\n<div>&nbsp;<\/div>\n<div style=\"text-align: left;\">Cyclamed recommande \u00e0 tous les usagers, via ses r\u00e9seaux sociaux et son site internet, de conserver ses M\u00e9dicaments Non Utilis\u00e9s (MNU) \u00e0 l\u2019abri dans une armoire \u00e0 pharmacie ferm\u00e9e \u00e0 cl\u00e9 et hors de port\u00e9e des enfants et cela jusqu&#8217;aux prochaines directives.<\/div>\n<div>&nbsp;<\/div>\n<\/td>\n<\/tr>\n<\/tbody>\n<\/table>\n\n\n\n<p>&nbsp;<\/p>\n<table style=\"height: 194px; width: 100%; border-collapse: collapse; border-color: #e7e7e7; background-color: #e7e7e7;\">\n<tbody>\n<tr>\n<td style=\"width: 100%; height: 194px; text-align: center;\">\n<div style=\"text-align: left;\">\n<div style=\"text-align: left;\">&nbsp;<\/div>\n<\/div>\n<div>\n<p style=\"text-align: left;\"><span style=\"color: #0066cc;\"><strong>Le groupe CRC propose des conseils aux aidants familiaux<\/strong><\/span><\/p>\n<p style=\"text-align: left;\">Ligne directe : 06.92.76.68.98<br>Mail :&nbsp;<span style=\"color: #0000ff;\"><a style=\"color: #0000ff;\" href=\"mailto:action.sociale@groupecrc.com\" target=\"_blank\" rel=\"noopener noreferrer\">action.sociale@groupecrc.com<\/a><\/span><\/p>\n<p><img loading=\"lazy\" decoding=\"async\" class=\"aligncenter  wp-image-3428\" src=\"https:\/\/urpspharma.re\/wp-content\/uploads\/2020\/03\/CRC-image001.jpg\" alt=\"\" width=\"156\" height=\"89\" srcset=\"https:\/\/urpspharma.re\/wp-content\/uploads\/2020\/03\/CRC-image001.jpg 440w, https:\/\/urpspharma.re\/wp-content\/uploads\/2020\/03\/CRC-image001-300x170.jpg 300w\" sizes=\"(max-width: 156px) 100vw, 156px\" \/><\/p>\n<\/div>\n<div>&nbsp;<\/div>\n<\/td>\n<\/tr>\n<\/tbody>\n<\/table>\n\n\n\n<p>\u00a0<\/p>\n<table style=\"height: 194px; width: 100%; border-collapse: collapse; border-color: #e7e7e7; background-color: #e7e7e7;\">\n<tbody>\n<tr>\n<td style=\"width: 100%; height: 194px;\">\n<div style=\"text-align: left;\">\n<div style=\"text-align: left;\"><strong>Liens utiles :<\/strong><br \/>Site : ARS de La R\u00e9union en\u00a0<span style=\"color: #0000ff;\"><a style=\"color: #0000ff;\" href=\"https:\/\/urpspharma.us8.list-manage.com\/track\/click?u=07e1c2e988d75c3f3beefa643&amp;id=d3b283c6ba&amp;e=6902c74b14\" target=\"_blank\" rel=\"noopener noreferrer\" data-saferedirecturl=\"https:\/\/www.google.com\/url?q=https:\/\/urpspharma.us8.list-manage.com\/track\/click?u%3D07e1c2e988d75c3f3beefa643%26id%3Dd3b283c6ba%26e%3D6902c74b14&amp;source=gmail&amp;ust=1585709422623000&amp;usg=AFQjCNF0krI_pCXjoBh2hSDVQr3CA8gmpQ\">cliquant ICI<\/a><\/span><br \/>Site : Les services de l&#8217;Etat de La R\u00e9union en\u00a0<span style=\"color: #0000ff;\"><a style=\"color: #0000ff;\" href=\"https:\/\/urpspharma.us8.list-manage.com\/track\/click?u=07e1c2e988d75c3f3beefa643&amp;id=ae30db3d98&amp;e=6902c74b14\" target=\"_blank\" rel=\"noopener noreferrer\" data-saferedirecturl=\"https:\/\/www.google.com\/url?q=https:\/\/urpspharma.us8.list-manage.com\/track\/click?u%3D07e1c2e988d75c3f3beefa643%26id%3Dae30db3d98%26e%3D6902c74b14&amp;source=gmail&amp;ust=1585709422623000&amp;usg=AFQjCNF8C1i5ejlFNRg1peF-yva_XYM9VQ\">cliquant ICI<\/a><\/span><br \/>\u00a0 \u00a0 \u00a0 \u00a0 \u00a0Communiqu\u00e9 de presse du 19 mars 2020 en<span style=\"color: #0000ff;\"><a style=\"color: #0000ff;\" href=\"https:\/\/urpspharma.us8.list-manage.com\/track\/click?u=07e1c2e988d75c3f3beefa643&amp;id=3b67ac8da6&amp;e=6902c74b14\" target=\"_blank\" rel=\"noopener noreferrer\" data-saferedirecturl=\"https:\/\/www.google.com\/url?q=https:\/\/urpspharma.us8.list-manage.com\/track\/click?u%3D07e1c2e988d75c3f3beefa643%26id%3D3b67ac8da6%26e%3D6902c74b14&amp;source=gmail&amp;ust=1585709422623000&amp;usg=AFQjCNFNaxIxfs-DhpjIl6ODqxMh4lyQ7g\"> cliquant ICI<\/a><\/span><\/div>\n<\/div>\n<\/td>\n<\/tr>\n<\/tbody>\n<\/table>\n","protected":false},"excerpt":{"rendered":"","protected":false},"author":3,"featured_media":3224,"comment_status":"open","ping_status":"open","sticky":false,"template":"","format":"standard","meta":{"footnotes":""},"categories":[182],"tags":[80,358,373,380,375,379,360,359,239],"amp_enabled":true,"_links":{"self":[{"href":"https:\/\/urpspharma.re\/index.php?rest_route=\/wp\/v2\/posts\/3426"}],"collection":[{"href":"https:\/\/urpspharma.re\/index.php?rest_route=\/wp\/v2\/posts"}],"about":[{"href":"https:\/\/urpspharma.re\/index.php?rest_route=\/wp\/v2\/types\/post"}],"author":[{"embeddable":true,"href":"https:\/\/urpspharma.re\/index.php?rest_route=\/wp\/v2\/users\/3"}],"replies":[{"embeddable":true,"href":"https:\/\/urpspharma.re\/index.php?rest_route=%2Fwp%2Fv2%2Fcomments&post=3426"}],"version-history":[{"count":5,"href":"https:\/\/urpspharma.re\/index.php?rest_route=\/wp\/v2\/posts\/3426\/revisions"}],"predecessor-version":[{"id":3433,"href":"https:\/\/urpspharma.re\/index.php?rest_route=\/wp\/v2\/posts\/3426\/revisions\/3433"}],"wp:featuredmedia":[{"embeddable":true,"href":"https:\/\/urpspharma.re\/index.php?rest_route=\/wp\/v2\/media\/3224"}],"wp:attachment":[{"href":"https:\/\/urpspharma.re\/index.php?rest_route=%2Fwp%2Fv2%2Fmedia&parent=3426"}],"wp:term":[{"taxonomy":"category","embeddable":true,"href":"https:\/\/urpspharma.re\/index.php?rest_route=%2Fwp%2Fv2%2Fcategories&post=3426"},{"taxonomy":"post_tag","embeddable":true,"href":"https:\/\/urpspharma.re\/index.php?rest_route=%2Fwp%2Fv2%2Ftags&post=3426"}],"curies":[{"name":"wp","href":"https:\/\/api.w.org\/{rel}","templated":true}]}}