{"id":3467,"date":"2020-03-27T16:38:16","date_gmt":"2020-03-27T12:38:16","guid":{"rendered":"https:\/\/urpspharma.re\/?p=3467"},"modified":"2020-04-08T16:39:18","modified_gmt":"2020-04-08T12:39:18","slug":"rencontre-interprofessionnelle-2-3-2-2-2-4-2-2-3-2-2-2-3","status":"publish","type":"post","link":"https:\/\/urpspharma.re\/?p=3467","title":{"rendered":"Covid-19 : Garde d&#8217;enfants pour les professionnels de sant\u00e9"},"content":{"rendered":"\n<h2>ARS demande les besoins<\/h2>\n<table style=\"height: 194px; width: 100%; border-collapse: collapse; border-color: #e7e7e7; background-color: #e7e7e7;\">\n<tbody>\n<tr>\n<td style=\"width: 100%; height: 194px; text-align: left;\">\n<div style=\"text-align: left;\">\n<div style=\"text-align: left;\">\u00a0<\/div>\n<\/div>\n<p><strong style=\"font-size: inherit; text-align: justify; font-family: inherit;\">Si vous \u00eates parents d&#8217;enfants pr\u00e9sents sur le territoire depuis au moins 14 jours et asymptomatiques, <\/strong><span style=\"font-size: inherit; text-align: justify; font-family: inherit; font-weight: inherit;\">l&#8217;\u00e9ducation nationale prend en charge vos enfants \u00e0 l&#8217;\u00e9cole ou au coll\u00e8ge d\u00e8s le lundi 23 mars.<\/span><\/p>\n<div style=\"text-align: justify;\">\n<p><u>Personnels de sant\u00e9\u00a0<\/u>:<br \/>&#8211; tout personnel travaillant en \u00e9tablissements de sant\u00e9 publics\/priv\u00e9s : h\u00f4pitaux, cliniques, SSR, HAD, centres de sant\u00e9 \u2026\u00a0<br \/>&#8211; tout personnel travaillant en \u00e9tablissements m\u00e9dico-sociaux pour personnes \u00e2g\u00e9es et personnes handicap\u00e9es : maisons de retraite, EHPAD, USLD, foyers autonomie, IME, MAS, FAM, SSIAD \u2026\u00a0<br \/>&#8211; les professionnels de sant\u00e9 et m\u00e9dico-sociaux de ville : m\u00e9decins, infirmiers, pharmaciens, sages-femmes, aides-soignants, transporteurs sanitaires, biologistes, auxiliaires de vie pour personnes \u00e2g\u00e9es et handicap\u00e9es\u2026\u00a0<br \/>&#8211; les personnels charg\u00e9s de la gestion de l\u2019\u00e9pid\u00e9mie des agences r\u00e9gionales de sant\u00e9 (ARS) des pr\u00e9fectures et ceux affect\u00e9s \u00e0 l\u2019\u00e9quipe nationale de gestion de la crise.\u00a0<\/p>\n<p><u>Les services en charge de la protection de l\u2019enfance concern\u00e9s sont:<\/u><\/p>\n<ul>\n<li>Les services aide sociale \u00e0 l\u2019enfance (ASE)<\/li>\n<li>Les services de protection maternelle et infantile (PMI) des conseils d\u00e9partementaux<\/li>\n<li>Les pouponni\u00e8res ou maisons d\u2019enfants \u00e0 caract\u00e8re social (MECS),<\/li>\n<li>Les services d\u2019assistance \u00e9ducative en milieu ouvert (AEMO)<\/li>\n<li>Les services de pr\u00e9vention sp\u00e9cialis\u00e9e.<\/li>\n<li>\n<div>\n<p><u>Les professionnels relevant de ces structures \u00e9ligibles au dispositif sont les suivants\u00a0<\/u>:<\/p>\n<ul>\n<li>Assistants de service social,<\/li>\n<li>Techniciens d\u2019intervention sociale et familiale (TISF),<\/li>\n<li>M\u00e9decins, infirmi\u00e8res pu\u00e9ricultrices, sages-femmes et psychologues.<\/li>\n<\/ul>\n<\/div>\n<p><strong>Cette liste pourra \u00eatre r\u00e9\u00e9valu\u00e9e en fonction d\u2019un travail fin d\u2019identification des fonctions indispensables.<\/strong><\/p>\n<p><u>Les parents devront pr\u00e9senter<\/u>\u00a0:<\/p>\n<div>&#8211; leur carte professionnelle attestant de leur appartenance \u00e0 l\u2019une de ces cat\u00e9gories<br \/>ou<br \/>&#8211; une fiche de paye mentionnant l\u2019\u00e9tablissement employeur ou d\u2019une attestation de l\u2019ARS.<br \/><a href=\"https:\/\/www.ac-reunion.fr\/academie\/actualites-de-lacademie-de-la-reunion\/covid-19\/informations-coronavirus.html\" target=\"_blank\" rel=\"noopener noreferrer\">En savoir plus &#8212;-&gt;<\/a><\/div>\n<\/li>\n<\/ul>\n<\/div>\n<div>\u00a0<\/div>\n<div style=\"text-align: left;\"><strong>Merci de vous signaler via l&#8217;enqu\u00eate en ligne en\u00a0<a href=\"https:\/\/enquetes-ssa.ac-reunion.fr\/report\/(T(89q6afl714))\/r.aspx\" target=\"_blank\" rel=\"noopener noreferrer\">cliquant ICI<\/a><\/strong><\/div>\n<div>\u00a0<\/div>\n<\/td>\n<\/tr>\n<\/tbody>\n<\/table>\n\n\n\n<p>\u00a0<\/p>\n<table style=\"height: 194px; width: 100%; border-collapse: collapse; border-color: #e7e7e7; background-color: #e7e7e7;\">\n<tbody>\n<tr>\n<td style=\"width: 100%; height: 194px;\">\n<div style=\"text-align: left;\">\n<div style=\"text-align: left;\"><strong>Liens utiles :<\/strong><br \/>Site : ARS de La R\u00e9union en\u00a0<span style=\"color: #0000ff;\"><a style=\"color: #0000ff;\" href=\"https:\/\/urpspharma.us8.list-manage.com\/track\/click?u=07e1c2e988d75c3f3beefa643&amp;id=d3b283c6ba&amp;e=6902c74b14\" target=\"_blank\" rel=\"noopener noreferrer\" data-saferedirecturl=\"https:\/\/www.google.com\/url?q=https:\/\/urpspharma.us8.list-manage.com\/track\/click?u%3D07e1c2e988d75c3f3beefa643%26id%3Dd3b283c6ba%26e%3D6902c74b14&amp;source=gmail&amp;ust=1585709422623000&amp;usg=AFQjCNF0krI_pCXjoBh2hSDVQr3CA8gmpQ\">cliquant ICI<\/a><\/span><br \/>Site : Les services de l&#8217;Etat de La R\u00e9union en\u00a0<span style=\"color: #0000ff;\"><a style=\"color: #0000ff;\" href=\"https:\/\/urpspharma.us8.list-manage.com\/track\/click?u=07e1c2e988d75c3f3beefa643&amp;id=ae30db3d98&amp;e=6902c74b14\" target=\"_blank\" rel=\"noopener noreferrer\" data-saferedirecturl=\"https:\/\/www.google.com\/url?q=https:\/\/urpspharma.us8.list-manage.com\/track\/click?u%3D07e1c2e988d75c3f3beefa643%26id%3Dae30db3d98%26e%3D6902c74b14&amp;source=gmail&amp;ust=1585709422623000&amp;usg=AFQjCNF8C1i5ejlFNRg1peF-yva_XYM9VQ\">cliquant ICI<\/a><\/span><\/div>\n<\/div>\n<\/td>\n<\/tr>\n<\/tbody>\n<\/table>\n","protected":false},"excerpt":{"rendered":"","protected":false},"author":3,"featured_media":3468,"comment_status":"open","ping_status":"open","sticky":false,"template":"","format":"standard","meta":{"footnotes":""},"categories":[182],"tags":[80,358,373,388,387,360,359,239],"amp_enabled":true,"_links":{"self":[{"href":"https:\/\/urpspharma.re\/index.php?rest_route=\/wp\/v2\/posts\/3467"}],"collection":[{"href":"https:\/\/urpspharma.re\/index.php?rest_route=\/wp\/v2\/posts"}],"about":[{"href":"https:\/\/urpspharma.re\/index.php?rest_route=\/wp\/v2\/types\/post"}],"author":[{"embeddable":true,"href":"https:\/\/urpspharma.re\/index.php?rest_route=\/wp\/v2\/users\/3"}],"replies":[{"embeddable":true,"href":"https:\/\/urpspharma.re\/index.php?rest_route=%2Fwp%2Fv2%2Fcomments&post=3467"}],"version-history":[{"count":2,"href":"https:\/\/urpspharma.re\/index.php?rest_route=\/wp\/v2\/posts\/3467\/revisions"}],"predecessor-version":[{"id":3470,"href":"https:\/\/urpspharma.re\/index.php?rest_route=\/wp\/v2\/posts\/3467\/revisions\/3470"}],"wp:featuredmedia":[{"embeddable":true,"href":"https:\/\/urpspharma.re\/index.php?rest_route=\/wp\/v2\/media\/3468"}],"wp:attachment":[{"href":"https:\/\/urpspharma.re\/index.php?rest_route=%2Fwp%2Fv2%2Fmedia&parent=3467"}],"wp:term":[{"taxonomy":"category","embeddable":true,"href":"https:\/\/urpspharma.re\/index.php?rest_route=%2Fwp%2Fv2%2Fcategories&post=3467"},{"taxonomy":"post_tag","embeddable":true,"href":"https:\/\/urpspharma.re\/index.php?rest_route=%2Fwp%2Fv2%2Ftags&post=3467"}],"curies":[{"name":"wp","href":"https:\/\/api.w.org\/{rel}","templated":true}]}}