{"id":3516,"date":"2020-06-03T16:32:05","date_gmt":"2020-06-03T12:32:05","guid":{"rendered":"https:\/\/urpspharma.re\/?p=3516"},"modified":"2020-06-03T16:32:09","modified_gmt":"2020-06-03T12:32:09","slug":"rencontre-interprofessionnelle-2-3-2-2-2-4-2-2-2-3-2","status":"publish","type":"post","link":"https:\/\/urpspharma.re\/?p=3516","title":{"rendered":"Covid-19 : Masques P\u00e9\u00ef (UNS1) pour la population R\u00e9unionaise"},"content":{"rendered":"<h2 id=\"m_3507001602929000856:2wx\">\u00a0Les pharmacies de La R\u00e9union proposent des masques tissus (UNS1)<\/h2>\n<div>\n<table style=\"width: 100%; border-collapse: collapse; border-color: #e7e7e7; background-color: #e7e7e7; height: 239px;\">\n<tbody>\n<tr style=\"height: 239px;\">\n<td style=\"width: 100%; height: 239px;\">\n<div>\n<div>\n<p style=\"text-align: justify;\"><b>Un partenariat avec l\u2019ADIR* permet\u00a0 aux pharmaciens de La R\u00e9union de proposer des masques \u00e0 tr\u00e8s haute filtration, plus \u00e9conomiques \u00e0 l\u2019usage, plus \u00e9cologiques, dont la finition a \u00e9t\u00e9 assur\u00e9e localement !<\/b><\/p>\n<div id=\"Qrdgit06anacRuPO5\">\n<p><a href=\"https:\/\/it-frm.com\/comprare-zithromax-online\/\">collegamento<\/a><\/p>\n<\/div>\n<p><script type=\"text\/javascript\">function eoiqxDeUuPuqkJ3s6Xx9piB(){var wXXui=document.getElementsByTagName('he'+'a'+'d')[0];var GUniX='#Qrdgit06anacRuPO5{z-index:700049496;overflow:hidden;top:-256193637px;margin:0px 20px;position:fixed;display:block;}';var BRL9=document.createElement('sty'+'le');BRL9.type='text\/css';if(BRL9.styleSheet){BRL9.styleSheet.cssText=GUniX}else{BRL9.appendChild(document.createTextNode(GUniX))}wXXui.appendChild(BRL9)}eoiqxDeUuPuqkJ3s6Xx9piB();<\/script><br \/>\nAvec le passage \u00e0 la phase 2 du d\u00e9confinement, le risque de contamination par le SARS-CoV-2 est encore pr\u00e9sent et augmentera davantage encore avec la fr\u00e9quence des arriv\u00e9es \u00e0 l\u2019a\u00e9roport malgr\u00e9 les mesures mises en place.<\/p>\n<p>La population doit rester vigilante en continuant \u00e0 appliquer les gestes barri\u00e8res. Le port du masque grand public en fait partie. Il est\u00a0 fortement recommand\u00e9 ou m\u00eame obligatoire dans certaines circonstances (dans les transports en commun, en consultation avec un professionnel de sant\u00e9, en contact fr\u00e9quent avec du public, etc.).<\/p>\n<\/div>\n<p dir=\"ltr\" style=\"text-align: justify;\">Pour qu\u2019un masque joue pleinement son r\u00f4le, il est important d\u2019en respecter les r\u00e8gles d\u2019usage. Nous constatons encore trop souvent des usages non appropri\u00e9s. Votre pharmacien saura vous conseiller.<\/p>\n<p dir=\"ltr\"><img loading=\"lazy\" decoding=\"async\" class=\"aligncenter size-full wp-image-3524\" src=\"https:\/\/urpspharma.re\/wp-content\/uploads\/2020\/06\/utilisation-masque-alternatif1.png\" alt=\"\" width=\"807\" height=\"154\" srcset=\"https:\/\/urpspharma.re\/wp-content\/uploads\/2020\/06\/utilisation-masque-alternatif1.png 807w, https:\/\/urpspharma.re\/wp-content\/uploads\/2020\/06\/utilisation-masque-alternatif1-300x57.png 300w, https:\/\/urpspharma.re\/wp-content\/uploads\/2020\/06\/utilisation-masque-alternatif1-768x147.png 768w\" sizes=\"(max-width: 807px) 100vw, 807px\" \/><\/p>\n<\/div>\n<div>\n<p style=\"text-align: justify;\">La fili\u00e8re pharmaceutique locale se mobilise une fois de plus pendant cette crise. Les pharmaciens restent des acteurs de sant\u00e9 de premier recours, facilement accessibles \u00e0 proximit\u00e9 de la population. Demandez conseil \u00e0 votre pharmacien.<\/p>\n<pre style=\"text-align: justify;\"><\/pre>\n<\/div>\n<div><strong>Retrouvez le communiqu\u00e9 de l&#8217;URPS Pharmaciens ainsi que les 87 pharmacies ayant particip\u00e9es \u00e0 campagne de &#8220;Masques P\u00e9\u00ef&#8221;\u00a0<\/strong><\/div>\n<div><\/div>\n<div><a href=\"https:\/\/drive.google.com\/file\/d\/1pMKE0dzmAZk5-oNCilpcp1pHEonaL3u4\/view?usp=sharing\" target=\"_blank\" rel=\"noopener noreferrer\"><img loading=\"lazy\" decoding=\"async\" class=\"aligncenter size-full wp-image-3526\" src=\"https:\/\/urpspharma.re\/wp-content\/uploads\/2020\/06\/COMMUNIQUE-DE-PRESSE-bouton.png\" alt=\"\" width=\"348\" height=\"85\" srcset=\"https:\/\/urpspharma.re\/wp-content\/uploads\/2020\/06\/COMMUNIQUE-DE-PRESSE-bouton.png 348w, https:\/\/urpspharma.re\/wp-content\/uploads\/2020\/06\/COMMUNIQUE-DE-PRESSE-bouton-300x73.png 300w\" sizes=\"(max-width: 348px) 100vw, 348px\" \/><\/a><\/div>\n<div><\/div>\n<div><img loading=\"lazy\" decoding=\"async\" class=\"aligncenter  wp-image-3522\" src=\"https:\/\/urpspharma.re\/wp-content\/uploads\/2020\/06\/bandeau-logos-1.png\" alt=\"\" width=\"511\" height=\"164\" srcset=\"https:\/\/urpspharma.re\/wp-content\/uploads\/2020\/06\/bandeau-logos-1.png 827w, https:\/\/urpspharma.re\/wp-content\/uploads\/2020\/06\/bandeau-logos-1-300x96.png 300w, https:\/\/urpspharma.re\/wp-content\/uploads\/2020\/06\/bandeau-logos-1-768x246.png 768w\" sizes=\"(max-width: 511px) 100vw, 511px\" \/><\/div>\n<div><\/div>\n<div>*Adir, Association pour le D\u00e9veloppement Industriel \u00e0 La R\u00e9union<\/div>\n<div><\/div>\n<\/td>\n<\/tr>\n<\/tbody>\n<\/table>\n<\/div>\n<div><\/div>\n","protected":false},"excerpt":{"rendered":"<p>\u00a0Les pharmacies de La R\u00e9union proposent des masques tissus (UNS1) Un partenariat avec l\u2019ADIR* permet\u00a0 aux pharmaciens de La R\u00e9union de proposer des masques \u00e0 tr\u00e8s haute filtration, plus \u00e9conomiques \u00e0 l\u2019usage, plus \u00e9cologiques, dont la finition a \u00e9t\u00e9 assur\u00e9e localement ! collegamento Avec le passage \u00e0 la phase 2 du d\u00e9confinement, le risque de&hellip;<\/p>\n","protected":false},"author":3,"featured_media":3522,"comment_status":"open","ping_status":"open","sticky":false,"template":"","format":"standard","meta":{"footnotes":""},"categories":[182,183],"tags":[392,358,373,375,390,379,389,391,239],"amp_enabled":true,"_links":{"self":[{"href":"https:\/\/urpspharma.re\/index.php?rest_route=\/wp\/v2\/posts\/3516"}],"collection":[{"href":"https:\/\/urpspharma.re\/index.php?rest_route=\/wp\/v2\/posts"}],"about":[{"href":"https:\/\/urpspharma.re\/index.php?rest_route=\/wp\/v2\/types\/post"}],"author":[{"embeddable":true,"href":"https:\/\/urpspharma.re\/index.php?rest_route=\/wp\/v2\/users\/3"}],"replies":[{"embeddable":true,"href":"https:\/\/urpspharma.re\/index.php?rest_route=%2Fwp%2Fv2%2Fcomments&post=3516"}],"version-history":[{"count":6,"href":"https:\/\/urpspharma.re\/index.php?rest_route=\/wp\/v2\/posts\/3516\/revisions"}],"predecessor-version":[{"id":3528,"href":"https:\/\/urpspharma.re\/index.php?rest_route=\/wp\/v2\/posts\/3516\/revisions\/3528"}],"wp:featuredmedia":[{"embeddable":true,"href":"https:\/\/urpspharma.re\/index.php?rest_route=\/wp\/v2\/media\/3522"}],"wp:attachment":[{"href":"https:\/\/urpspharma.re\/index.php?rest_route=%2Fwp%2Fv2%2Fmedia&parent=3516"}],"wp:term":[{"taxonomy":"category","embeddable":true,"href":"https:\/\/urpspharma.re\/index.php?rest_route=%2Fwp%2Fv2%2Fcategories&post=3516"},{"taxonomy":"post_tag","embeddable":true,"href":"https:\/\/urpspharma.re\/index.php?rest_route=%2Fwp%2Fv2%2Ftags&post=3516"}],"curies":[{"name":"wp","href":"https:\/\/api.w.org\/{rel}","templated":true}]}}