{"id":377,"date":"2015-11-23T02:30:00","date_gmt":"2015-11-22T22:30:00","guid":{"rendered":"http:\/\/urpspharma.re\/?p=377"},"modified":"2017-09-15T13:40:16","modified_gmt":"2017-09-15T09:40:16","slug":"rencontres-autour-du-sevrage-tabagique-en-officine-les-25-novembre-nord-et-1er-decembre-sud","status":"publish","type":"post","link":"https:\/\/urpspharma.re\/?p=377","title":{"rendered":"Rencontres autour du sevrage tabagique en officine les 25 novembre (nord) et 1er d\u00e9cembre (sud)"},"content":{"rendered":"<h1><\/h1>\n<p><center><img loading=\"lazy\" decoding=\"async\" class=\"CToWUd a6T\" tabindex=\"0\" src=\"https:\/\/ci3.googleusercontent.com\/proxy\/TiaJom56Wqm6ilb-Jqb3xSA3QIIWrJQr5nQvO8Yt4wvRPdC7elFEEsxmTpmAb3oHhufFLa6lwLIr881gBQPlREDz65XXBtZ9Qpj1CKtrvRPtzhRC2Om_PbMQdHiT3LrmgkLSSOP422Kx_hnyXtNh2xi4wv0FA8QfZy07VJM=s0-d-e1-ft#https:\/\/gallery.mailchimp.com\/07e1c2e988d75c3f3beefa643\/images\/68fc3e6f-ebed-4d3f-a6f5-0534108d33da.jpg\" alt=\"\" width=\"567\" height=\"161\" \/><\/center><br \/>\nDans le d\u00e9partement, pr\u00e8s de 580 d\u00e9c\u00e8s annuels sont li\u00e9s au tabac qui repr\u00e9sente la 1\u00e8re cause de d\u00e9c\u00e8s par cancer (*) pour la p\u00e9riode 2008-2010.<\/p>\n<div align=\"justify\">\n<p>Passage oblig\u00e9 pour l&#8217;achat de substituts nicotiniques, la pharmacie b\u00e9n\u00e9ficie d&#8217;une situation privil\u00e9gi\u00e9e pour des messages d&#8217;\u00e9ducation \u00e0 la sant\u00e9.<br \/>\nProfessionnel qualifi\u00e9, disponible et de proximit\u00e9, le pharmacien est pr\u00e9sent au quotidien pour r\u00e9pondre aux besoins individuels d&#8217;accompagnement des fumeurs.<\/p>\n<p>Partant de ce constat, l&#8217;<span style=\"color: #3c9820;\"><strong>URPS Pharmaciens de La R\u00e9union<\/strong><\/span>, avec l&#8217;appui du\u00a0<span style=\"color: #00bfba;\"><strong>R\u00e9seau R\u00e9gional d&#8217;Addictologie<\/strong><\/span>\u00a0(association SAOME), a travaill\u00e9 sur un outil pratique \u00e9largissant les opportunit\u00e9s d&#8217;acc\u00e8s au sevrage tabagique en officine.<\/p>\n<p>Dans ce cadre, nous vous proposons des soir\u00e9es de pr\u00e9sentation\u00a0:<\/p>\n<ul>\n<li><strong>Mercredi 25 novembre 2015, de 19h30 \u00e0 21h30<\/strong>,\u00a0<strong>\u00e0 l&#8217;H\u00f4tel Mercure Cr\u00e9olia\u00a0&#8211; Saint Denis.<\/strong><\/li>\n<li><span style=\"color: white;\"><span style=\"color: white;\"><span style=\"color: black;\">Soir\u00e9e anim\u00e9e par\u00a0: M.\u00a0Claude MARODON , docteur en pharmacie et le Dr Sami SCERRA, m\u00e9decin coordinateur de SAOME<\/span><\/span><\/span><\/li>\n<\/ul>\n<div>\n<div align=\"justify\">\n<ul>\n<li><strong>Mardi 1er d\u00e9cembre 2015, de 19h30 \u00e0 21h30<\/strong>,\u00a0<strong>\u00e0 l&#8217;H\u00f4tel VILLA DELISLE &#8211; Saint Pierre.<\/strong><\/li>\n<li>Soir\u00e9e anim\u00e9e par\u00a0: Mme\u00a0Armelle CROSSE, docteur en pharmacie et\u00a0le Dr Sami SCERRA, m\u00e9decin coordinateur de SAOME<\/li>\n<\/ul>\n<\/div>\n<\/div>\n<p><span style=\"color: black;\"><strong>Afin de faciliter l&#8217;organisation de ces soir\u00e9es,\u00a0<\/strong><\/span><strong>merci de vous inscrire au minimum 72h avant la date choisie\u00a0:<\/strong><\/p>\n<p><a href=\"http:\/\/urpspharma.us8.list-manage.com\/track\/click?u=07e1c2e988d75c3f3beefa643&amp;id=94f9f7b690&amp;e=990b8a1ea9\" target=\"_blank\"><img loading=\"lazy\" decoding=\"async\" class=\"CToWUd\" src=\"https:\/\/ci5.googleusercontent.com\/proxy\/yXybUWTQs0oUFnHkvZ7LFl77S_cDT5FVwE9canxUvcyMAimA8CGef1_Dl0Gx7Pnq1UEbPN2klq3ah8gyz7GtsjlnFL6bRa1Qnu-m6xmATPWfqgMwmDx7a0Cd5QJ8wAWtiwyRp9I3bRQu9A1_O67x3_bNlV5aMRQvTOIZ8gQ=s0-d-e1-ft#https:\/\/gallery.mailchimp.com\/07e1c2e988d75c3f3beefa643\/images\/955f9d06-8b8b-4d94-a43f-fb8f2d0386b4.jpg\" alt=\"\" width=\"233\" height=\"98\" align=\"none\" \/><\/a><\/p>\n<p>Pharmaciens, invitez les m\u00e9decins install\u00e9s \u00e0 proximit\u00e9 de votre officine \u00e0 s&#8217;inscrire en leur transf\u00e9rant cette invitation : les outils pr\u00e9sent\u00e9s devraient les int\u00e9resser eux-aussi !<\/p>\n<p><em>(* Source\u00a0: Donn\u00e9es sanitaires locales &#8211; Tableau de bord des addictions, 2013 &#8211; ORS R\u00e9union).<\/em><\/p>\n<\/div>\n<p>&nbsp;<\/p>\n","protected":false},"excerpt":{"rendered":"<p>Dans le d\u00e9partement, pr\u00e8s de 580 d\u00e9c\u00e8s annuels sont li\u00e9s au tabac qui repr\u00e9sente la 1\u00e8re cause de d\u00e9c\u00e8s par cancer (*) pour la p\u00e9riode 2008-2010. Passage oblig\u00e9 pour l&#8217;achat de substituts nicotiniques, la pharmacie b\u00e9n\u00e9ficie d&#8217;une situation privil\u00e9gi\u00e9e pour des messages d&#8217;\u00e9ducation \u00e0 la sant\u00e9. Professionnel qualifi\u00e9, disponible et de proximit\u00e9, le pharmacien est&hellip;<\/p>\n","protected":false},"author":3,"featured_media":0,"comment_status":"open","ping_status":"open","sticky":false,"template":"","format":"standard","meta":{"footnotes":""},"categories":[182],"tags":[20,12,23,22,21,18,19],"amp_enabled":true,"_links":{"self":[{"href":"https:\/\/urpspharma.re\/index.php?rest_route=\/wp\/v2\/posts\/377"}],"collection":[{"href":"https:\/\/urpspharma.re\/index.php?rest_route=\/wp\/v2\/posts"}],"about":[{"href":"https:\/\/urpspharma.re\/index.php?rest_route=\/wp\/v2\/types\/post"}],"author":[{"embeddable":true,"href":"https:\/\/urpspharma.re\/index.php?rest_route=\/wp\/v2\/users\/3"}],"replies":[{"embeddable":true,"href":"https:\/\/urpspharma.re\/index.php?rest_route=%2Fwp%2Fv2%2Fcomments&post=377"}],"version-history":[{"count":4,"href":"https:\/\/urpspharma.re\/index.php?rest_route=\/wp\/v2\/posts\/377\/revisions"}],"predecessor-version":[{"id":381,"href":"https:\/\/urpspharma.re\/index.php?rest_route=\/wp\/v2\/posts\/377\/revisions\/381"}],"wp:attachment":[{"href":"https:\/\/urpspharma.re\/index.php?rest_route=%2Fwp%2Fv2%2Fmedia&parent=377"}],"wp:term":[{"taxonomy":"category","embeddable":true,"href":"https:\/\/urpspharma.re\/index.php?rest_route=%2Fwp%2Fv2%2Fcategories&post=377"},{"taxonomy":"post_tag","embeddable":true,"href":"https:\/\/urpspharma.re\/index.php?rest_route=%2Fwp%2Fv2%2Ftags&post=377"}],"curies":[{"name":"wp","href":"https:\/\/api.w.org\/{rel}","templated":true}]}}