{"id":3799,"date":"2020-09-29T16:33:08","date_gmt":"2020-09-29T12:33:08","guid":{"rendered":"https:\/\/urpspharma.re\/?p=3799"},"modified":"2020-12-01T07:52:18","modified_gmt":"2020-12-01T03:52:18","slug":"formations-au-sevrage-tabagique-septembre-novembre-2020-2","status":"publish","type":"post","link":"https:\/\/urpspharma.re\/?p=3799","title":{"rendered":"Formations au sevrage tabagique octobre &#8211; novembre 2020"},"content":{"rendered":"<h4 style=\"text-align: center;\"><strong>Comment prescrire et accompagner le sevrage tabagique de vos patients<\/strong><\/h4>\n<p style=\"text-align: center;\">propos\u00e9e dans le cadre du d\u00e9ploiement du dispositif Lib&#8217;sans tabac<\/p>\n<h3 style=\"text-align: center;\"><strong data-rich-text-format-boundary=\"true\">&#8211; Jeudi 8 octobre 2020 \u00e0 Saint-Gilles,\u200b<\/strong><\/h3>\n<h3 style=\"text-align: center;\"><strong>&#8211; Jeudi 29 octobre 2020 \u00e0 Saint-Beno\u00eet,\u200b<\/strong><\/h3>\n<h3 style=\"text-align: center;\"><strong>&#8211; Jeudi 19 novembre 2020 \u00e0 Saint-Denis.<\/strong><\/h3>\n<p><img loading=\"lazy\" decoding=\"async\" class=\"aligncenter  wp-image-3659\" src=\"https:\/\/urpspharma.re\/wp-content\/uploads\/2020\/08\/formation-logos-professions-300x176.png\" alt=\"\" width=\"373\" height=\"219\" srcset=\"https:\/\/urpspharma.re\/wp-content\/uploads\/2020\/08\/formation-logos-professions-300x176.png 300w, https:\/\/urpspharma.re\/wp-content\/uploads\/2020\/08\/formation-logos-professions-768x451.png 768w, https:\/\/urpspharma.re\/wp-content\/uploads\/2020\/08\/formation-logos-professions.png 783w\" sizes=\"(max-width: 373px) 100vw, 373px\" \/><\/p>\n<h4 style=\"text-align: center;\"><strong><span style=\"color: #ff0000;\">Prise en charge DPC (lib\u00e9raux) et OPCO (salari\u00e9s)<\/span><\/strong><\/h4>\n<h4 style=\"text-align: center;\"><a href=\"https:\/\/docs.google.com\/forms\/d\/e\/1FAIpQLScC8YyHfnKwSpXjEIrSERBE6owzXSVJ7bCS3kioObIl9YlaNQ\/viewform\" target=\"_blank\" rel=\"noopener noreferrer\"><strong>\u25baInscription en cliquant ICI<\/strong><\/a><\/h4>\n<h4 style=\"text-align: center;\"><a href=\"https:\/\/drive.google.com\/file\/d\/1hbFvYjYkksNOMvo-lBy2FS16YxtoWrCs\/view\" target=\"_blank\" rel=\"noopener noreferrer\"><strong>\u25baProgramme et Modalit\u00e9s de prise en charge <\/strong><\/a><a href=\"https:\/\/drive.google.com\/file\/d\/1hbFvYjYkksNOMvo-lBy2FS16YxtoWrCs\/view\" target=\"_blank\" rel=\"noopener noreferrer\"><strong>en cliquant ICI<\/strong><\/a><\/h4>\n<p><a href=\"https:\/\/drive.google.com\/file\/d\/1g_Ws3mv1ICvRZe4mZKUzZIujRhsZb4AI\/view\" target=\"_blank\" rel=\"noopener noreferrer\"><img loading=\"lazy\" decoding=\"async\" class=\"wp-image-3660 alignleft\" src=\"https:\/\/urpspharma.re\/wp-content\/uploads\/2020\/08\/flyers1-300x210.png\" alt=\"\" width=\"257\" height=\"179\" srcset=\"https:\/\/urpspharma.re\/wp-content\/uploads\/2020\/08\/flyers1-300x210.png 300w, https:\/\/urpspharma.re\/wp-content\/uploads\/2020\/08\/flyers1-768x539.png 768w, https:\/\/urpspharma.re\/wp-content\/uploads\/2020\/08\/flyers1.png 801w\" sizes=\"(max-width: 257px) 100vw, 257px\" \/><\/a><a href=\"https:\/\/drive.google.com\/file\/d\/1g_Ws3mv1ICvRZe4mZKUzZIujRhsZb4AI\/view\" target=\"_blank\" rel=\"noopener noreferrer\"><img loading=\"lazy\" decoding=\"async\" class=\"wp-image-3658 alignleft\" src=\"https:\/\/urpspharma.re\/wp-content\/uploads\/2020\/08\/flyers-300x213.png\" alt=\"\" width=\"250\" height=\"177\" srcset=\"https:\/\/urpspharma.re\/wp-content\/uploads\/2020\/08\/flyers-300x213.png 300w, https:\/\/urpspharma.re\/wp-content\/uploads\/2020\/08\/flyers-768x544.png 768w, https:\/\/urpspharma.re\/wp-content\/uploads\/2020\/08\/flyers.png 796w\" sizes=\"(max-width: 250px) 100vw, 250px\" \/><\/a><\/p>\n<p style=\"text-align: center;\"><a href=\"https:\/\/drive.google.com\/file\/d\/1g_Ws3mv1ICvRZe4mZKUzZIujRhsZb4AI\/view\" target=\"_blank\" rel=\"noopener noreferrer\">\u25baPour t\u00e9l\u00e9charger le document cliquez ICI<\/a><\/p>\n","protected":false},"excerpt":{"rendered":"<p>Comment prescrire et accompagner le sevrage tabagique de vos patients propos\u00e9e dans le cadre du d\u00e9ploiement du dispositif Lib&#8217;sans tabac &#8211; Jeudi 8 octobre 2020 \u00e0 Saint-Gilles,\u200b &#8211; Jeudi 29 octobre 2020 \u00e0 Saint-Beno\u00eet,\u200b &#8211; Jeudi 19 novembre 2020 \u00e0 Saint-Denis. Prise en charge DPC (lib\u00e9raux) et OPCO (salari\u00e9s) \u25baInscription en cliquant ICI \u25baProgramme et&hellip;<\/p>\n","protected":false},"author":3,"featured_media":0,"comment_status":"open","ping_status":"open","sticky":false,"template":"","format":"standard","meta":{"footnotes":""},"categories":[284,182],"tags":[20,221,219,365,364,222,366,21,18,57,218,239],"amp_enabled":true,"_links":{"self":[{"href":"https:\/\/urpspharma.re\/index.php?rest_route=\/wp\/v2\/posts\/3799"}],"collection":[{"href":"https:\/\/urpspharma.re\/index.php?rest_route=\/wp\/v2\/posts"}],"about":[{"href":"https:\/\/urpspharma.re\/index.php?rest_route=\/wp\/v2\/types\/post"}],"author":[{"embeddable":true,"href":"https:\/\/urpspharma.re\/index.php?rest_route=\/wp\/v2\/users\/3"}],"replies":[{"embeddable":true,"href":"https:\/\/urpspharma.re\/index.php?rest_route=%2Fwp%2Fv2%2Fcomments&post=3799"}],"version-history":[{"count":5,"href":"https:\/\/urpspharma.re\/index.php?rest_route=\/wp\/v2\/posts\/3799\/revisions"}],"predecessor-version":[{"id":4108,"href":"https:\/\/urpspharma.re\/index.php?rest_route=\/wp\/v2\/posts\/3799\/revisions\/4108"}],"wp:attachment":[{"href":"https:\/\/urpspharma.re\/index.php?rest_route=%2Fwp%2Fv2%2Fmedia&parent=3799"}],"wp:term":[{"taxonomy":"category","embeddable":true,"href":"https:\/\/urpspharma.re\/index.php?rest_route=%2Fwp%2Fv2%2Fcategories&post=3799"},{"taxonomy":"post_tag","embeddable":true,"href":"https:\/\/urpspharma.re\/index.php?rest_route=%2Fwp%2Fv2%2Ftags&post=3799"}],"curies":[{"name":"wp","href":"https:\/\/api.w.org\/{rel}","templated":true}]}}