{"id":4103,"date":"2020-11-25T07:41:00","date_gmt":"2020-11-25T03:41:00","guid":{"rendered":"https:\/\/urpspharma.re\/?p=4103"},"modified":"2020-12-01T08:04:32","modified_gmt":"2020-12-01T04:04:32","slug":"cnupl-2eme-rencontre-oncologiques-des-professionnels-de-sante-de-ville","status":"publish","type":"post","link":"https:\/\/urpspharma.re\/?p=4103","title":{"rendered":"CNUPL : 2\u00e8me rencontre oncologiques des professionnels de sant\u00e9 de ville"},"content":{"rendered":"<h3 style=\"text-align: center;\">SAVE THE DATE<\/h3>\n<h3 align=\"center\"><strong>Le Vendredi 27 novembre 2020<\/strong><\/h3>\n<h3 align=\"center\"><strong>de 12h00 \u00e0 15h30 (heure de La R\u00e9union) <\/strong><strong>en Visioconf\u00e9rence<\/strong><\/h3>\n<h3 class=\"mc-toc-title\">Les pharmaciens d\u2019officine un r\u00f4le cl\u00e9 en oncologie<\/h3>\n<p style=\"text-align: justify;\">De nos jours, avec une augmentation des patients \u00e0 domicile et de traitements anticanc\u00e9reux, la prise en charge en canc\u00e9rologie par les professionnels de premier recours, dont le pharmacien est en constante \u00e9volution.<\/p>\n<p>Le r\u00f4le du pharmacien dans l\u2019\u00e9quipe interprofessionnelle de canc\u00e9rologie et dans le parcours th\u00e9rapeutique de la personne atteinte de cancer est primordiale.<\/p>\n<h4 style=\"text-align: left;\"><span style=\"color: #0000ff;\"><a style=\"color: #0000ff;\" href=\"https:\/\/www.cnupl.fr\/fr\/rencontres-oncologiques-2020\" target=\"_blank\" rel=\"noopener noreferrer\"><strong>\u25baInscription et programme cliquez ICI<\/strong><\/a><\/span><\/h4>\n<p>\u2022<strong>\u00a09h00 &#8211; 9h15 &#8211;<\/strong>\u00a0Ouverture, Fran\u00e7ois MARTIAL Pr\u00e9sident CNUPL<\/p>\n<h3><strong>Actualit\u00e9 de la Chimioth\u00e9rapie \u00e0 domicile<\/strong><\/h3>\n<p>\u2022<strong>\u00a09h15 &#8211; 9h45 &#8211;<\/strong>\u00a0L\u2019oncologie en r\u00e9gion, Thierry ALIBERT ARS Grand-Est<\/p>\n<p>\u2022<strong>\u00a010h00 &#8211; 9h45 &#8211;<\/strong>\u00a0Les derni\u00e8res orientations oncologiques, Dr William MINA<\/p>\n<h3><strong>Place et r\u00f4le des professionnels de sant\u00e9 de ville et en particulier du pharmacien<\/strong><\/h3>\n<p><strong>\u2022 10h05 &#8211; 10h15 &#8211;<\/strong>\u00a0Le bilan oncologique\u00a0: o\u00f9 en est-on\u00a0? par J. Sicart, Pharmacien d\u2019officine<\/p>\n<p><strong>\u2022 10h15 &#8211; 10h35 &#8211;<\/strong>\u00a0Place et r\u00f4le des pharmaciens\u00a0pr\u00e9sentation du projet PICTO (art. 51) : Julien GRAVOULET &amp; Dr Christophe WILCKE\u00a0<em>Pr\u00e9sident de l\u2019URPS\u00a0<\/em><em>Pharmaciens Grand-Est<\/em><\/p>\n<p><strong>\u2022 10h35 &#8211; 10h50 &#8211;<\/strong>\u00a0Des soins de support \u00e0 la nutrition : un champ \u00e0 construire Pr\u00e9sentation de l\u2019Onco-guide, Bernard CHARLES D\u00e9put\u00e9 honoraire<\/p>\n<p>\u2022<strong>\u00a010h50 &#8211; 11h20 &#8211;<\/strong>\u00a0Pr\u00e9sentation du projet OFFINUT Candidat \u00e0 un financement par le GIRCI Est dans le cadre de l\u2019AP jeunes chercheurs, Dr Daniel PARENT &amp; Dr Florian SLIMANO<\/p>\n<p>\u2022<strong>\u00a011h20 &#8211; 12h00 &#8211;<\/strong>\u00a0L\u2019interprofessionnalit\u00e9 au service du patient Table ronde, URPS Pharmaciens, IDEL, M\u00e9decins &amp; Masseurs- Kin\u00e9sith\u00e9rapeutes de la r\u00e9gion Grand-Est<br \/>\nUn(e) repr\u00e9sentant<\/p>\n<h3><strong>Le Sport pour d\u00e9fier la maladie<\/strong><\/h3>\n<p><strong>\u2022 12h00 &#8211; 12h30 &#8211;<\/strong>\u00a0Le sport adapt\u00e9 et le sport-sant\u00e9 : r\u00e9volution ou \u00e9volution, GAUTIER\u00a0<em>Cheffe de projet Strat\u00e9gie<\/em><\/p>\n<p style=\"text-align: center;\">\n","protected":false},"excerpt":{"rendered":"<p>SAVE THE DATE Le Vendredi 27 novembre 2020 de 12h00 \u00e0 15h30 (heure de La R\u00e9union) en Visioconf\u00e9rence Les pharmaciens d\u2019officine un r\u00f4le cl\u00e9 en oncologie De nos jours, avec une augmentation des patients \u00e0 domicile et de traitements anticanc\u00e9reux, la prise en charge en canc\u00e9rologie par les professionnels de premier recours, dont le pharmacien&hellip;<\/p>\n","protected":false},"author":3,"featured_media":0,"comment_status":"open","ping_status":"open","sticky":false,"template":"","format":"standard","meta":{"footnotes":""},"categories":[182],"tags":[125,15,401,402,239,403],"amp_enabled":true,"_links":{"self":[{"href":"https:\/\/urpspharma.re\/index.php?rest_route=\/wp\/v2\/posts\/4103"}],"collection":[{"href":"https:\/\/urpspharma.re\/index.php?rest_route=\/wp\/v2\/posts"}],"about":[{"href":"https:\/\/urpspharma.re\/index.php?rest_route=\/wp\/v2\/types\/post"}],"author":[{"embeddable":true,"href":"https:\/\/urpspharma.re\/index.php?rest_route=\/wp\/v2\/users\/3"}],"replies":[{"embeddable":true,"href":"https:\/\/urpspharma.re\/index.php?rest_route=%2Fwp%2Fv2%2Fcomments&post=4103"}],"version-history":[{"count":2,"href":"https:\/\/urpspharma.re\/index.php?rest_route=\/wp\/v2\/posts\/4103\/revisions"}],"predecessor-version":[{"id":4117,"href":"https:\/\/urpspharma.re\/index.php?rest_route=\/wp\/v2\/posts\/4103\/revisions\/4117"}],"wp:attachment":[{"href":"https:\/\/urpspharma.re\/index.php?rest_route=%2Fwp%2Fv2%2Fmedia&parent=4103"}],"wp:term":[{"taxonomy":"category","embeddable":true,"href":"https:\/\/urpspharma.re\/index.php?rest_route=%2Fwp%2Fv2%2Fcategories&post=4103"},{"taxonomy":"post_tag","embeddable":true,"href":"https:\/\/urpspharma.re\/index.php?rest_route=%2Fwp%2Fv2%2Ftags&post=4103"}],"curies":[{"name":"wp","href":"https:\/\/api.w.org\/{rel}","templated":true}]}}