{"id":4309,"date":"2020-12-23T21:04:54","date_gmt":"2020-12-23T17:04:54","guid":{"rendered":"https:\/\/urpspharma.re\/?p=4309"},"modified":"2021-01-19T16:26:02","modified_gmt":"2021-01-19T12:26:02","slug":"trod-antigeniques","status":"publish","type":"post","link":"https:\/\/urpspharma.re\/?p=4309","title":{"rendered":"TROD antig\u00e9niques"},"content":{"rendered":"<h3><span style=\"color: #000000;\">3 nouvelles professions peuvent r\u00e9cup\u00e9rer les\u00a0tests antig\u00e9niques en pharmacie<\/span><\/h3>\n<p>sous les m\u00eames modalit\u00e9s que les m\u00e9decins et les infirmiers<br \/>\n&#8211; Masseurs kin\u00e9sith\u00e9rapeutes,<br \/>\n&#8211; Sages-femmes,<br \/>\n&#8211; Chirurgiens-dentistes<br \/>\n<a href=\"https:\/\/www.legifrance.gouv.fr\/jorf\/id\/JORFTEXT000042607794\" target=\"_blank\" rel=\"noopener noreferrer\">Arr\u00eate du 03 d\u00e9cembre 2020<\/a><\/p>\n<h3><span style=\"color: #000000;\">Organisation des op\u00e9rations de d\u00e9pistage\u00a0en dehors de l&#8217;officine\u00a0<\/span><\/h3>\n<div>\u25ba<a href=\"http:\/\/invite.contacts-demarches.interieur.gouv.fr\/Tests-antigeniques\" target=\"_blank\" rel=\"noopener noreferrer\">T\u00e9l\u00e9d\u00e9claration de vos op\u00e9rations de d\u00e9pistage<\/a>\u00a0<strong>deux jours ouvrables avant le d\u00e9but des op\u00e9rations de d\u00e9pistage.\u00a0<\/strong>L&#8217;ARS r\u00e9ceptionnera vos d\u00e9clarations.<br \/>\n<span style=\"color: #800000;\">Le d\u00e9marrage de l&#8217;op\u00e9ration pourra \u00eatre effectif qu&#8217;apr\u00e8s r\u00e9ception de l&#8217;accus\u00e9 r\u00e9ception de la d\u00e9claration compl\u00e8te d\u00e9livr\u00e9e par l&#8217;ARS.<\/span><\/div>\n<div><\/div>\n<div>\n<h3 class=\"mc-toc-title\"><span style=\"color: #000000;\">Protocole<\/span><\/h3>\n<p>\u00e0 l&#8217;attention des professionnels de sant\u00e9, des employeurs et des collectivit\u00e9s concernant l&#8217;organisation d&#8217;op\u00e9rations de diagnostic individuel ou de d\u00e9pistage collectif par tests antig\u00e9niques : modalit\u00e9s de d\u00e9claration pr\u00e9alable aupr\u00e8s du repr\u00e9sentant de l&#8217;Etat.<\/p>\n<\/div>\n<div><a href=\"https:\/\/drive.google.com\/file\/d\/1zcrDCTc1CZD_qVyUrf8RTtspY7fqJs45\/view\" target=\"_blank\" rel=\"noopener noreferrer\">\u25baTout savoir<\/a><\/div>\n<h3 class=\"mc-toc-title\"><span style=\"color: #000000;\">Identification des pharmacies effectuant des tests antig\u00e9niques et portail de t\u00e9l\u00e9d\u00e9claration<\/span><\/h3>\n<p><a href=\"https:\/\/declarations-pharmacie.ars.sante.fr\/\" target=\"_blank\" rel=\"noopener noreferrer\">\u25ba Tout savoir<\/a><\/p>\n<h3><span style=\"color: #000000;\">G\u00e9olocalisation des professionnels de sant\u00e9 sur le site sante.fr<\/span><\/h3>\n<p><a href=\"https:\/\/www.sante.fr\/maintenance.html\/recherche\/trouver\/DepistageCovid\" target=\"_blank\" rel=\"noopener noreferrer\">\u25ba Tout savoir<\/a><\/p>\n<h3><span style=\"color: #000000;\">Outils num\u00e9riques et TousAntiCovid<\/span><\/h3>\n<p><a href=\"https:\/\/solidarites-sante.gouv.fr\/soins-et-maladies\/maladies\/maladies-infectieuses\/coronavirus\/professionnels-de-sante\/article\/presentation-des-outils-numeriques-et-tousanticovid-au-service-de-la-lutte\" target=\"_blank\" rel=\"noopener noreferrer\">\u25ba Tout savoir<\/a><\/p>\n<h3 class=\"mc-toc-title\"><span style=\"color: #000000;\">Que se passe-t-il en cas de test positif ou n\u00e9gatif ?<\/span><\/h3>\n<p><a href=\"https:\/\/www.ameli.fr\/la-reunion\/assure\/covid-19\/les-tests-de-depistage-de-la-covid-19\/en-cas-de-test-positif-la-covid-19\" target=\"_blank\" rel=\"noopener noreferrer\">\u25ba Tout savoir<\/a><\/p>\n<h3 class=\"mc-toc-title\"><span style=\"color: #000000;\">Campagne \u00ab Faites la f\u00eate sans Covid-19 !<\/span><\/h3>\n<p><a href=\"https:\/\/www.lareunion.ars.sante.fr\/check-list-conseils-pour-des-fetes-sans-covid\" target=\"_blank\" rel=\"noopener noreferrer\">\u25ba Tout savoir<\/a><\/p>\n<p class=\"mc-toc-title\"><strong>Liens utiles :<\/strong><br \/>\n\u25baConseils techniques sur les tests :<br \/>\nadresser vos requ\u00eates\u00a0par mail<br \/>\n\u00e0\u00a0<a href=\"mailto:ars-reunion-antigenique@ars.sante.fr\" target=\"_blank\" rel=\"noopener noreferrer\">ars-reunion-antigenique@ars.sante.fr<\/a><br \/>\n\u25ba<a href=\"https:\/\/www.ameli.fr\/la-reunion\/pharmacien\/actualites\/depistage-de-la-covid-19-deploiement-des-tests-antigeniques\" target=\"_blank\" rel=\"noopener noreferrer\">ameli.fr<\/a><\/p>\n<h2 class=\"null\"><span style=\"color: #000000;\">D\u00e9claration sur SI-DEP de tous les r\u00e9sultats (positifs ou n\u00e9gatifs)<\/span><\/h2>\n<div>Pour\u00a0une\u00a0prise en\u00a0<u><strong>charge optimale<\/strong><\/u>\u00a0des cas de COVID-19 (contact tracing),\u00a0les renseignements suivants doivent \u00eatre mentionn\u00e9s\u00a0:<br \/>\n&#8211; nom, pr\u00e9nom,<br \/>\n&#8211; date de naissance,<br \/>\n&#8211; num\u00e9ro de s\u00e9curit\u00e9 sociale,<br \/>\n&#8211; et au moins un num\u00e9ro de t\u00e9l\u00e9phone.<\/div>\n<div><\/div>\n<div>En cas de probl\u00e8me avec la carte CPS avec votre syst\u00e8me d&#8217;information de la pharmacie, utilisation de votre identifiant e-CPS directement sur internet et connectez-vous \u00e0 SIDEP sur le service\u00a0<a href=\"https:\/\/portail-sidep.aphp.fr\/\" target=\"_blank\" rel=\"noopener noreferrer\">PRO SANTE CONNECT en cliquant ICI<\/a><\/div>\n<div><\/div>\n<div><a href=\"https:\/\/drive.google.com\/file\/d\/1YKZiYpMnO9foBrDW9c2ZWUNNocXXNgt7\/view\" target=\"_blank\" rel=\"noopener noreferrer\">\u25ba Guide technique pour les pharmaciens : Se connecter \u00e0 SI-DEP<\/a><\/div>\n<div><\/div>\n<div>Assistance SI-DEP : 0 800 08 32 04<br \/>\n<a href=\"https:\/\/dispose.aphp.fr\/userportal\/#\/shared\/public\/0VZ0tCzWdI7DVnS2\/SIDEP_PROFESSIONNELS\" target=\"_blank\" rel=\"noopener noreferrer\">Mode d&#8217;emploi SI-DEP<\/a><\/div>\n<div><\/div>\n<div><\/div>\n<div><\/div>\n<div><img loading=\"lazy\" decoding=\"async\" class=\"aligncenter  wp-image-4313\" src=\"https:\/\/urpspharma.re\/wp-content\/uploads\/2021\/01\/enquete-flash-de-votre-urps-actualit\u00e9-300x132.png\" alt=\"\" width=\"326\" height=\"143\" srcset=\"https:\/\/urpspharma.re\/wp-content\/uploads\/2021\/01\/enquete-flash-de-votre-urps-actualit\u00e9-300x132.png 300w, https:\/\/urpspharma.re\/wp-content\/uploads\/2021\/01\/enquete-flash-de-votre-urps-actualit\u00e9.png 359w\" sizes=\"(max-width: 326px) 100vw, 326px\" \/><\/div>\n<div>\n<h3 class=\"mc-toc-title\" style=\"text-align: left;\"><span style=\"color: #000000;\">TROD antig\u00e9niques : Mieux conna\u00eetre votre offre de d\u00e9pistage ou les freins que vous rencontrez<\/span><\/h3>\n<p><a href=\"https:\/\/docs.google.com\/forms\/d\/e\/1FAIpQLScGyS4vIaAzTvIzjJ_1wEy2XUyeLJorBS9-xuwpshzeK1Z4Qw\/viewform\" target=\"_blank\" rel=\"noopener noreferrer\">\u25baEnqu\u00eate Flash en cliquant ICI<\/a><\/p>\n<\/div>\n<table class=\"mcnTextContentContainer\" border=\"0\" width=\"100%\" cellspacing=\"0\" cellpadding=\"0\" align=\"left\">\n<tbody>\n<tr>\n<td class=\"mcnTextContent\" valign=\"top\"><\/td>\n<\/tr>\n<\/tbody>\n<\/table>\n","protected":false},"excerpt":{"rendered":"<p>3 nouvelles professions peuvent r\u00e9cup\u00e9rer les\u00a0tests antig\u00e9niques en pharmacie sous les m\u00eames modalit\u00e9s que les m\u00e9decins et les infirmiers &#8211; Masseurs kin\u00e9sith\u00e9rapeutes, &#8211; Sages-femmes, &#8211; Chirurgiens-dentistes Arr\u00eate du 03 d\u00e9cembre 2020 Organisation des op\u00e9rations de d\u00e9pistage\u00a0en dehors de l&#8217;officine\u00a0 \u25baT\u00e9l\u00e9d\u00e9claration de vos op\u00e9rations de d\u00e9pistage\u00a0deux jours ouvrables avant le d\u00e9but des op\u00e9rations de d\u00e9pistage.\u00a0L&#8217;ARS r\u00e9ceptionnera&hellip;<\/p>\n","protected":false},"author":3,"featured_media":0,"comment_status":"open","ping_status":"open","sticky":false,"template":"","format":"standard","meta":{"footnotes":""},"categories":[182],"tags":[373,214,412,351,408,239],"amp_enabled":true,"_links":{"self":[{"href":"https:\/\/urpspharma.re\/index.php?rest_route=\/wp\/v2\/posts\/4309"}],"collection":[{"href":"https:\/\/urpspharma.re\/index.php?rest_route=\/wp\/v2\/posts"}],"about":[{"href":"https:\/\/urpspharma.re\/index.php?rest_route=\/wp\/v2\/types\/post"}],"author":[{"embeddable":true,"href":"https:\/\/urpspharma.re\/index.php?rest_route=\/wp\/v2\/users\/3"}],"replies":[{"embeddable":true,"href":"https:\/\/urpspharma.re\/index.php?rest_route=%2Fwp%2Fv2%2Fcomments&post=4309"}],"version-history":[{"count":7,"href":"https:\/\/urpspharma.re\/index.php?rest_route=\/wp\/v2\/posts\/4309\/revisions"}],"predecessor-version":[{"id":4392,"href":"https:\/\/urpspharma.re\/index.php?rest_route=\/wp\/v2\/posts\/4309\/revisions\/4392"}],"wp:attachment":[{"href":"https:\/\/urpspharma.re\/index.php?rest_route=%2Fwp%2Fv2%2Fmedia&parent=4309"}],"wp:term":[{"taxonomy":"category","embeddable":true,"href":"https:\/\/urpspharma.re\/index.php?rest_route=%2Fwp%2Fv2%2Fcategories&post=4309"},{"taxonomy":"post_tag","embeddable":true,"href":"https:\/\/urpspharma.re\/index.php?rest_route=%2Fwp%2Fv2%2Ftags&post=4309"}],"curies":[{"name":"wp","href":"https:\/\/api.w.org\/{rel}","templated":true}]}}