{"id":4337,"date":"2021-01-18T15:21:32","date_gmt":"2021-01-18T11:21:32","guid":{"rendered":"https:\/\/urpspharma.re\/?p=4337"},"modified":"2021-01-19T16:03:50","modified_gmt":"2021-01-19T12:03:50","slug":"fonctionnement-des-centres-de-vaccination-contre-la-covid-19","status":"publish","type":"post","link":"https:\/\/urpspharma.re\/?p=4337","title":{"rendered":"Acc\u00e8s aux centres de vaccination contre la Covid-19"},"content":{"rendered":"<h3 style=\"text-align: center;\"><span style=\"color: #003366;\"><b>QUAND et POUR QUI ?<\/b><\/span><\/h3>\n<p><span style=\"color: #db1f1f;\"><b><i>Du jeudi 21 janvier au mercredi 27 janvier pour le public prioritaire suivant\u00a0:<\/i><\/b><\/span><\/p>\n<ul>\n<li style=\"font-weight: 400;\" aria-level=\"1\"><span style=\"font-weight: 400;\">Professionnels de sant\u00e9 lib\u00e9raux et leurs salari\u00e9s de + de 50 ans<\/span><\/li>\n<li style=\"font-weight: 400;\" aria-level=\"1\"><span style=\"font-weight: 400;\">Professionnels de sant\u00e9 lib\u00e9raux et leurs salari\u00e9s de &#8211; de 50 ans pr\u00e9sentant des comorbidit\u00e9s*<\/span><\/li>\n<li style=\"font-weight: 400;\" aria-level=\"1\"><span style=\"font-weight: 400;\">Personnels salari\u00e9s de soins \u00e0 domicile<\/span><\/li>\n<li><span style=\"font-weight: 400;\">Transporteurs sanitaires<\/span><\/li>\n<\/ul>\n<p><i><span style=\"font-weight: 400;\">(Salari\u00e9s Ex.\u00a0: secr\u00e9taire, manipulateur radio, pr\u00e9parateur en officine, m\u00e9decin du travail et leurs salari\u00e9s, m\u00e9decin scolaire)<\/span><\/i><\/p>\n<p><span style=\"color: #db1f1f;\"><b><i>\u00c0 partir du jeudi 28 janvier pour les autres cibles\u00a0:<\/i><\/b><\/span><\/p>\n<ul>\n<li style=\"font-weight: 400;\" aria-level=\"1\"><span style=\"font-weight: 400;\">Personnes \u00e2g\u00e9es de + de 75 ans vivant hors EHPAD<\/span><\/li>\n<\/ul>\n<p><img loading=\"lazy\" decoding=\"async\" class=\"aligncenter wp-image-4338 size-full\" src=\"https:\/\/urpspharma.re\/wp-content\/uploads\/2021\/01\/ligne-de-s\u00e9paration.png\" alt=\"\" width=\"1146\" height=\"20\" srcset=\"https:\/\/urpspharma.re\/wp-content\/uploads\/2021\/01\/ligne-de-s\u00e9paration.png 1146w, https:\/\/urpspharma.re\/wp-content\/uploads\/2021\/01\/ligne-de-s\u00e9paration-300x5.png 300w, https:\/\/urpspharma.re\/wp-content\/uploads\/2021\/01\/ligne-de-s\u00e9paration-768x13.png 768w, https:\/\/urpspharma.re\/wp-content\/uploads\/2021\/01\/ligne-de-s\u00e9paration-1024x18.png 1024w\" sizes=\"(max-width: 1146px) 100vw, 1146px\" \/><\/p>\n<h3 style=\"text-align: center;\"><span style=\"color: #003366;\"><b>O\u00d9 et \u00c0 QUELS MOMENTS ?<\/b><\/span><\/h3>\n<h3 style=\"text-align: center;\"><span style=\"color: #003366;\"><b>Du lundi au vendredi de 08 \u00e0 20 heures\u00a0<\/b><\/span><\/h3>\n<h3 style=\"text-align: center;\"><span style=\"color: #003366;\"><b>le samedi de 08 \u00e0 12 heures<\/b><\/span><\/h3>\n<p style=\"text-align: justify;\"><b>NORD<\/b><span style=\"font-weight: 400;\">\u00a0: <\/span> <span style=\"font-weight: 400;\">CHU \u2013 Centre de vaccination COVID 19-Nord\u00a0: Site F\u00e9lix Guyon (Anciens <\/span> <span style=\"font-weight: 400;\">locaux du CAP NORD). Signal\u00e9tique sp\u00e9cifique visible depuis l\u2019entr\u00e9e du site<\/span><\/p>\n<p style=\"text-align: justify;\"><b>EST<\/b><span style=\"font-weight: 400;\">\u00a0: <\/span> <span style=\"font-weight: 400;\">GHER \u2013 Niveau 2 \u2013 B\u00e2timent D \u2013 Signal\u00e9tique sp\u00e9cifique depuis l\u2019entr\u00e9e <\/span> <span style=\"font-weight: 400;\">principale\u00a0: Hall d\u2019admission \u2013 Suivre \u00ab\u00a0Vaccination COVID19\u00a0\u00bb)<\/span><\/p>\n<p style=\"text-align: justify;\"><b>SUD<\/b><span style=\"font-weight: 400;\">\u00a0: <\/span> <span style=\"font-weight: 400;\">CHU \u2013 Centre de vaccination COVID 19-Sud\u00a0: Site St Pierre \u2013 Bloc L \u2013 \u00c9tage <\/span> <span style=\"font-weight: 400;\">technique \u2013 Centre de d\u00e9pistage COVID 19). Signal\u00e9tique sp\u00e9cifique depuis <\/span> <span style=\"font-weight: 400;\">l\u2019entr\u00e9e du site<\/span><\/p>\n<p style=\"text-align: justify;\"><b>OUEST<\/b><span style=\"font-weight: 400;\">\u00a0: <\/span> <span style=\"font-weight: 400;\">CHOR \u2013 Centre de vaccination du CHOR : sur le parking de l\u2019entr\u00e9e des urgences. Une signal\u00e9tique sp\u00e9cifique est visible<\/span><\/p>\n<p><img loading=\"lazy\" decoding=\"async\" class=\"aligncenter wp-image-4338 size-full\" src=\"https:\/\/urpspharma.re\/wp-content\/uploads\/2021\/01\/ligne-de-s\u00e9paration.png\" alt=\"\" width=\"1146\" height=\"20\" srcset=\"https:\/\/urpspharma.re\/wp-content\/uploads\/2021\/01\/ligne-de-s\u00e9paration.png 1146w, https:\/\/urpspharma.re\/wp-content\/uploads\/2021\/01\/ligne-de-s\u00e9paration-300x5.png 300w, https:\/\/urpspharma.re\/wp-content\/uploads\/2021\/01\/ligne-de-s\u00e9paration-768x13.png 768w, https:\/\/urpspharma.re\/wp-content\/uploads\/2021\/01\/ligne-de-s\u00e9paration-1024x18.png 1024w\" sizes=\"(max-width: 1146px) 100vw, 1146px\" \/><\/p>\n<h3 style=\"text-align: center;\"><span style=\"color: #003366;\"><b>SUR RENDEZ-VOUS (D\u00e8s maintenant)<\/b><\/span><\/h3>\n<h3 style=\"text-align: center;\"><span style=\"color: #003366;\"><b>du lundi au vendredi de 08 \u00e0 17 heures<\/b><b>\u00a0<\/b><\/span><\/h3>\n<p style=\"text-align: justify;\"><b>sur <\/b><a href=\"https:\/\/www.sante.fr\"><b>Sante.fr<\/b><\/a><b> : Retrouvez tous les centres de vaccination actuels et \u00e0 venir pour une prise de rendez-vous en ligne.<\/b><\/p>\n<p><b>CHU NORD<\/b><span style=\"font-weight: 400;\"> :\u00a0 \u00a0 \u00a0<\/span><span style=\"font-weight: 400;\">&#x1f4de; 0262 90 65 65\u00a0<\/span><\/p>\n<p style=\"padding-left: 120px;\"><span style=\"font-weight: 400;\"> &#x1f4e7; <\/span><a href=\"mailto:vaccin.covid.nord@chu-reunion.fr\"><span style=\"font-weight: 400;\">vaccin.covid.nord@chu-reunion.fr<\/span><\/a><\/p>\n<p>\u00a0<\/p>\n<p><b>GHER <\/b><span style=\"font-weight: 400;\">\u00a0:<\/span>\u00a0 \u00a0 \u00a0 \u00a0 \u00a0 \u00a0 \u00a0 <span style=\"font-weight: 400;\">&#x1f4de; 0262 98 83 77 ou 78\u00a0<\/span><\/p>\n<p style=\"padding-left: 120px;\"><span style=\"font-weight: 400;\">&#x1f4e7; <\/span><a href=\"mailto:vaccination.covid@gher.fr\"><span style=\"font-weight: 400;\">vaccination.covid@gher.fr<\/span><\/a><\/p>\n<p>\u00a0<\/p>\n<p><b>CHU SUD<\/b><span style=\"font-weight: 400;\">\u00a0:<\/span>\u00a0 \u00a0 \u00a0 \u00a0 \u00a0<span style=\"font-weight: 400;\">&#x1f4de; 0262 35 97 64\u00a0<\/span><\/p>\n<p style=\"padding-left: 120px;\"><span style=\"font-weight: 400;\">&#x1f4e7; <\/span><a href=\"mailto:vaccin.covid.sud@chu-reunion.fr\"><span style=\"font-weight: 400;\">vaccin.covid.sud@chu-reunion.fr<\/span><\/a><\/p>\n<p>\u00a0<\/p>\n<p><b>CHOR <\/b><span style=\"font-weight: 400;\">\u00a0 :<\/span>\u00a0 \u00a0 \u00a0 \u00a0 \u00a0 \u00a0 \u00a0<span style=\"font-weight: 400;\">&#x1f4de; 0262 74 27 90\u00a0<\/span><\/p>\n<p style=\"padding-left: 120px;\"><span style=\"font-weight: 400;\">&#x1f4e7; <\/span><a href=\"mailto:vaccination@chor.re\"><span style=\"font-weight: 400;\">vaccination@chor.re<\/span><\/a><\/p>\n<p><img loading=\"lazy\" decoding=\"async\" class=\"aligncenter wp-image-4338 size-full\" src=\"https:\/\/urpspharma.re\/wp-content\/uploads\/2021\/01\/ligne-de-s\u00e9paration.png\" alt=\"\" width=\"1146\" height=\"20\" srcset=\"https:\/\/urpspharma.re\/wp-content\/uploads\/2021\/01\/ligne-de-s\u00e9paration.png 1146w, https:\/\/urpspharma.re\/wp-content\/uploads\/2021\/01\/ligne-de-s\u00e9paration-300x5.png 300w, https:\/\/urpspharma.re\/wp-content\/uploads\/2021\/01\/ligne-de-s\u00e9paration-768x13.png 768w, https:\/\/urpspharma.re\/wp-content\/uploads\/2021\/01\/ligne-de-s\u00e9paration-1024x18.png 1024w\" sizes=\"(max-width: 1146px) 100vw, 1146px\" \/><\/p>\n<h3 style=\"text-align: center;\"><span style=\"color: #003366;\"><b>LE JOUR DE VOTRE RENDEZ-VOUS<\/b><\/span><\/h3>\n<p><span style=\"font-weight: 400;\">Merci de vous munir\u00a0:<\/span><\/p>\n<ul>\n<li style=\"font-weight: 400;\" aria-level=\"1\"><span style=\"font-weight: 400;\">D\u2019un masque,<\/span><\/li>\n<li style=\"font-weight: 400;\" aria-level=\"1\"><span style=\"font-weight: 400;\">De votre pi\u00e8ce d\u2019identit\u00e9,<\/span><\/li>\n<li style=\"font-weight: 400;\" aria-level=\"1\"><span style=\"font-weight: 400;\">De votre carte vitale,<\/span><\/li>\n<li style=\"font-weight: 400;\" aria-level=\"1\"><span style=\"font-weight: 400;\">D\u2019un stylo,<\/span><\/li>\n<li style=\"font-weight: 400;\" aria-level=\"1\"><span style=\"font-weight: 400;\">de votre carte professionnelle ou d\u2019un justificatif \u00e9quivalent<\/span><\/li>\n<\/ul>\n<p><span style=\"color: #db1f1f;\"><b><i>Et arriver 5 minutes avant votre heure de rendez-vous.<\/i><\/b><\/span><\/p>\n<p>\u00a0<\/p>\n<p style=\"text-align: justify;\"><i><span style=\"font-weight: 400;\">*<\/span><\/i><i><span style=\"font-weight: 400;\">Comorbidit\u00e9s identifi\u00e9es par la HAS comme \u00e0 risque av\u00e9r\u00e9 d&#8217;hospitalisations ou de d\u00e9c\u00e8s (HAS, 27\/11\/2020 &#8211; Strat\u00e9gie de vaccination contre le Sars-Cov-2 &#8211; Recommandations pr\u00e9liminaires sur la strat\u00e9gie de priorisation des populations \u00e0 vacciner) :<\/span><\/i><br \/><i><span style=\"font-weight: 400;\">&#8211; l&#8217;ob\u00e9sit\u00e9 (IMC &gt;30), particuli\u00e8rement chez les plus jeunes,<\/span><\/i><br \/><i><span style=\"font-weight: 400;\">&#8211; la BPCO et l&#8217;insuffisance respiratoire,<\/span><\/i><br \/><i><span style=\"font-weight: 400;\">&#8211; l&#8217;hypertension art\u00e9rielle compliqu\u00e9e,<\/span><\/i><br \/><i><span style=\"font-weight: 400;\">&#8211; l&#8217;insuffisance cardiaque,<\/span><\/i><br \/><i><span style=\"font-weight: 400;\">&#8211; le diab\u00e8te (de type 1 et de type 2),<\/span><\/i><br \/><i><span style=\"font-weight: 400;\">&#8211; l&#8217;insuffisance r\u00e9nale chronique,<\/span><\/i><br \/><i><span style=\"font-weight: 400;\">&#8211; les cancers et maladies h\u00e9matologiques malignes actifs et de moins de 3 ans,<\/span><\/i><br \/><i><span style=\"font-weight: 400;\">&#8211; le fait d&#8217;avoir une transplantation d&#8217;organe solide ou de cellules souches h\u00e9matopo\u00ef\u00e9tiques,<\/span><\/i><br \/><i><span style=\"font-weight: 400;\">En compl\u00e9ment la HAS identifie la trisomie 21, comme comorbidit\u00e9 \u00e0 risque.<\/span><\/i><br \/><i><span style=\"font-weight: 400;\">Toutes les comorbidit\u00e9s n&#8217;ont pas le m\u00eame poids. Le cumul de ces comorbidit\u00e9s est \u00e9galement \u00e0 risque.<\/span><\/i><\/p>\n<p>\u00a0<\/p>\n\n\n<p><\/p>\n","protected":false},"excerpt":{"rendered":"<p>QUAND et POUR QUI ? Du jeudi 21 janvier au mercredi 27 janvier pour le public prioritaire suivant\u00a0: Professionnels de sant\u00e9 lib\u00e9raux et leurs salari\u00e9s de + de 50 ans Professionnels de sant\u00e9 lib\u00e9raux et leurs salari\u00e9s de &#8211; de 50 ans pr\u00e9sentant des comorbidit\u00e9s* Personnels salari\u00e9s de soins \u00e0 domicile Transporteurs sanitaires (Salari\u00e9s Ex.\u00a0:&hellip;<\/p>\n","protected":false},"author":3,"featured_media":0,"comment_status":"open","ping_status":"open","sticky":false,"template":"","format":"standard","meta":{"footnotes":""},"categories":[182,183],"tags":[419,420,127,418,421,218,239,68],"amp_enabled":true,"_links":{"self":[{"href":"https:\/\/urpspharma.re\/index.php?rest_route=\/wp\/v2\/posts\/4337"}],"collection":[{"href":"https:\/\/urpspharma.re\/index.php?rest_route=\/wp\/v2\/posts"}],"about":[{"href":"https:\/\/urpspharma.re\/index.php?rest_route=\/wp\/v2\/types\/post"}],"author":[{"embeddable":true,"href":"https:\/\/urpspharma.re\/index.php?rest_route=\/wp\/v2\/users\/3"}],"replies":[{"embeddable":true,"href":"https:\/\/urpspharma.re\/index.php?rest_route=%2Fwp%2Fv2%2Fcomments&post=4337"}],"version-history":[{"count":5,"href":"https:\/\/urpspharma.re\/index.php?rest_route=\/wp\/v2\/posts\/4337\/revisions"}],"predecessor-version":[{"id":4382,"href":"https:\/\/urpspharma.re\/index.php?rest_route=\/wp\/v2\/posts\/4337\/revisions\/4382"}],"wp:attachment":[{"href":"https:\/\/urpspharma.re\/index.php?rest_route=%2Fwp%2Fv2%2Fmedia&parent=4337"}],"wp:term":[{"taxonomy":"category","embeddable":true,"href":"https:\/\/urpspharma.re\/index.php?rest_route=%2Fwp%2Fv2%2Fcategories&post=4337"},{"taxonomy":"post_tag","embeddable":true,"href":"https:\/\/urpspharma.re\/index.php?rest_route=%2Fwp%2Fv2%2Ftags&post=4337"}],"curies":[{"name":"wp","href":"https:\/\/api.w.org\/{rel}","templated":true}]}}