{"id":4381,"date":"2021-01-19T16:18:54","date_gmt":"2021-01-19T12:18:54","guid":{"rendered":"https:\/\/urpspharma.re\/?p=4381"},"modified":"2021-01-19T16:19:25","modified_gmt":"2021-01-19T12:19:25","slug":"test-antigeniques-evolution-du-dispositif","status":"publish","type":"post","link":"https:\/\/urpspharma.re\/?p=4381","title":{"rendered":"Tests antig\u00e9niques : Evolution du dispositif"},"content":{"rendered":"<h3 class=\"mc-toc-title\" dir=\"ltr\" role=\"presentation\">La strat\u00e9gie de d\u00e9pistage \u00e9volue depuis le 15 janvier 2021<\/h3>\n<p dir=\"ltr\" role=\"presentation\"><strong>Obligation de :<\/strong><br><strong>&#8211; pr\u00e9senter un test RT-PCR n\u00e9gatif de moins de 72h au d\u00e9part ou \u00e0 destination de&nbsp;La R\u00e9union<\/strong><br><strong>&#8211; obligation morale et civile pour les voyageurs de r\u00e9aliser une septaine \u00e0 leur arriv\u00e9e et un nouveau test RT-PCR \u00e0 J7<\/strong><\/p>\n<p dir=\"ltr\" role=\"presentation\"><a href=\"https:\/\/www.lareunion.ars.sante.fr\/modalites-dentree-des-voyageurs-la-reunion\"><img loading=\"lazy\" decoding=\"async\" class=\"aligncenter wp-image-4375\" src=\"https:\/\/urpspharma.re\/wp-content\/uploads\/2021\/01\/infographie_-_voyageurs_1501-3e025.png\" alt=\"\" width=\"772\" height=\"415\"><\/a><\/p>\n<p dir=\"ltr\" role=\"presentation\"><a href=\"https:\/\/www.lareunion.ars.sante.fr\/modalites-dentree-des-voyageurs-la-reunion\" target=\"_blank\" rel=\"noopener noreferrer\">\u25ba En savoir plus<\/a><\/p>\n<p><img loading=\"lazy\" decoding=\"async\" class=\"aligncenter wp-image-4338 size-full\" src=\"https:\/\/urpspharma.re\/wp-content\/uploads\/2021\/01\/ligne-de-s\u00e9paration.png\" alt=\"\" width=\"1146\" height=\"20\" srcset=\"https:\/\/urpspharma.re\/wp-content\/uploads\/2021\/01\/ligne-de-s\u00e9paration.png 1146w, https:\/\/urpspharma.re\/wp-content\/uploads\/2021\/01\/ligne-de-s\u00e9paration-300x5.png 300w, https:\/\/urpspharma.re\/wp-content\/uploads\/2021\/01\/ligne-de-s\u00e9paration-768x13.png 768w, https:\/\/urpspharma.re\/wp-content\/uploads\/2021\/01\/ligne-de-s\u00e9paration-1024x18.png 1024w\" sizes=\"(max-width: 1146px) 100vw, 1146px\" \/><\/p>\n<h3 class=\"mc-toc-title\">Nouvelles variantes SARS-COV-2, conduite \u00e0 tenir :<\/h3>\n<div>\n<div><strong>Demander \u00e0 toute personne ayant voyag\u00e9 \u00e0 Mayotte, aux Comores et au Mozambique ces 14 jours derniers jours d\u2019effectuer obligatoirement un test RTPCR dans les plus brefs d\u00e9lais afin de s\u2019assurer que ces personnes ne sont pas positives \u00e0 la maladie COVID ni porteurs \u00e9ventuellement d\u2019une souche variante 501-Y-V2. Ce test s\u2019impose en l\u2019absence de tout signe clinique \u00e9vocateur de la maladie, m\u00eame si un premier test de suivi a \u00e9t\u00e9 effectu\u00e9 \u00e0 J+2 ou J+4 apr\u00e8s le retour.<\/strong><\/div>\n<div>&nbsp;<\/div>\n<div><a href=\"http:\/\/www.reunion.gouv.fr\/IMG\/pdf\/17-01-2021_cp_strategie_de_depistage_adaptee_a_la_presence_du_variant_sud_africain.pdf\" target=\"_blank\" rel=\"noopener noreferrer\">\u25baCommuniqu\u00e9 de presse de la Pr\u00e9fecture et de l&#8217;ARS de La R\u00e9union<\/a><\/div>\n<\/div>\n<div>&nbsp;<\/div>\n<div>\n<div><strong>En pratique :<\/strong><br>Questionner syst\u00e9matiquement toute personne venant se faire tester sur un potentiel<br>&#8211; s\u00e9jour \u00e0 l\u2019\u00e9tranger dans les 14 jours pr\u00e9c\u00e9dant la date des sympt\u00f4mes ou du pr\u00e9l\u00e8vement<br>ou<br>&#8211; contact \u00e0 risque avec une personne ayant s\u00e9journ\u00e9 \u00e0 l\u2019\u00e9tranger dans les 14 derniers jours.<\/div>\n<div>&nbsp;<\/div>\n<div><span style=\"color: #cc0000;\">En cas de r\u00e9ponse positive :<\/span><br><span style=\"color: #cc0000;\">&#8211; cette mention fera l\u2019objet d\u2019un renseignement&nbsp;<strong>obligatoire de SIDEP<\/strong>&nbsp;(champ \u00ab pays de provenance \u00bb),<\/span><br><span style=\"color: #cc0000;\">&#8211;&nbsp;la r\u00e9alisation d\u2019un test RT-PCR devra \u00eatre effectu\u00e9.<\/span><\/div>\n<\/div>\n<div>&nbsp;<\/div>\n<div>Pour rappel, du fait des variations de la prot\u00e9ine S constat\u00e9es pour les nouvelles variantes du SARS-CoV-2, les tests antig\u00e9niques ciblant uniquement la prot\u00e9ine S, dans le cadre de diagnostics individuels ou d\u2019op\u00e9rations de d\u00e9pistage, ne doivent pas \u00eatre utilis\u00e9s au regard du risque de faux n\u00e9gatifs pour ces variantes. Les tests antig\u00e9niques ciblant d\u2019autres prot\u00e9ines, notamment la prot\u00e9ine N, ne sont pas concern\u00e9s et peuvent continuer \u00e0 \u00eatre mobilis\u00e9s.<br>Le test utilis\u00e9 doit disposer du marquage CE&nbsp;et \u00eatre inscrit sur la&nbsp;<a href=\"https:\/\/covid-19.sante.gouv.fr\/tests\" target=\"_blank\" rel=\"noopener noreferrer\">liste du minist\u00e8re<\/a>&nbsp;<\/div>\n<div>&nbsp;<\/div>\n<div><a href=\"https:\/\/solidarites-sante.gouv.fr\/IMG\/pdf\/dgs-urgent_05_cat_nouvelles_variantes_.pdf\" target=\"_blank\" rel=\"noopener noreferrer\">\u25ba En savoir plus<\/a><\/div>\n<p><img loading=\"lazy\" decoding=\"async\" class=\"aligncenter wp-image-4338 size-full\" src=\"https:\/\/urpspharma.re\/wp-content\/uploads\/2021\/01\/ligne-de-s\u00e9paration.png\" alt=\"\" width=\"1146\" height=\"20\" srcset=\"https:\/\/urpspharma.re\/wp-content\/uploads\/2021\/01\/ligne-de-s\u00e9paration.png 1146w, https:\/\/urpspharma.re\/wp-content\/uploads\/2021\/01\/ligne-de-s\u00e9paration-300x5.png 300w, https:\/\/urpspharma.re\/wp-content\/uploads\/2021\/01\/ligne-de-s\u00e9paration-768x13.png 768w, https:\/\/urpspharma.re\/wp-content\/uploads\/2021\/01\/ligne-de-s\u00e9paration-1024x18.png 1024w\" sizes=\"(max-width: 1146px) 100vw, 1146px\" \/><\/p>\n<h3 class=\"mc-toc-title\" dir=\"ltr\" role=\"presentation\">Renforcement de la strat\u00e9gie tester \u2013 alerter \u2013 prot\u00e9ger avant m\u00eame la confirmation du disgnostic de variante<\/h3>\n<div>Toute personne susceptible d\u2019\u00eatre infect\u00e9e par une nouvelle variante du SARS- CoV-2 devra&nbsp;<strong>respecter strictement l\u2019isolement.<\/strong><p><\/p>\n<p>Les professionnels de sant\u00e9 veilleront \u00e0 sensibiliser leurs patients :<br>&#8211; s&#8217;engager sur le contact-tracing&nbsp;pour identifier les contacts \u00e0 risque,<br>&#8211; respecter une quarantaine stricte (distribution au patient des consignes li\u00e9es \u00e0 l&#8217;isolement)<\/p><\/div>\n<div>&nbsp;<\/div>\n<div><a href=\"https:\/\/www.ameli.fr\/la-reunion\/assure\/covid-19\/isolement-principes-et-regles-respecter\/isolement-principes-generaux\" target=\"_blank\" rel=\"noopener noreferrer\">\u25ba En savoir plus<\/a><\/div>\n<p><img loading=\"lazy\" decoding=\"async\" class=\"aligncenter wp-image-4338 size-full\" src=\"https:\/\/urpspharma.re\/wp-content\/uploads\/2021\/01\/ligne-de-s\u00e9paration.png\" alt=\"\" width=\"1146\" height=\"20\" srcset=\"https:\/\/urpspharma.re\/wp-content\/uploads\/2021\/01\/ligne-de-s\u00e9paration.png 1146w, https:\/\/urpspharma.re\/wp-content\/uploads\/2021\/01\/ligne-de-s\u00e9paration-300x5.png 300w, https:\/\/urpspharma.re\/wp-content\/uploads\/2021\/01\/ligne-de-s\u00e9paration-768x13.png 768w, https:\/\/urpspharma.re\/wp-content\/uploads\/2021\/01\/ligne-de-s\u00e9paration-1024x18.png 1024w\" sizes=\"(max-width: 1146px) 100vw, 1146px\" \/><\/p>\n<h3 class=\"mc-toc-title\" dir=\"ltr\" role=\"presentation\"><span style=\"color: #000000;\">Place des tests antig\u00e9niques en officine en r\u00e9sum\u00e9 :<\/span><\/h3>\n<p dir=\"ltr\" role=\"presentation\">A ce jour les seuls publics concern\u00e9s sont :<br>&#8211; les personnes symptomatiques depuis 4 jours ou moins avec confirmation par un test RT-PCR si le r\u00e9sultat est n\u00e9gatif (personnes \u00e2g\u00e9es de 65 ans et&nbsp;plus ou pr\u00e9sentant au moins un facteur de risque)<\/p>\n<p dir=\"ltr\" role=\"presentation\">&#8211; Les personnes asymptomatiques selon appr\u00e9ciation du professionnel, principalement les personnes contacts ou au sein d&#8217;un cluster<\/p>\n\n\n<p><\/p>\n","protected":false},"excerpt":{"rendered":"<p>La strat\u00e9gie de d\u00e9pistage \u00e9volue depuis le 15 janvier 2021 Obligation de :&#8211; pr\u00e9senter un test RT-PCR n\u00e9gatif de moins de 72h au d\u00e9part ou \u00e0 destination de&nbsp;La R\u00e9union&#8211; obligation morale et civile pour les voyageurs de r\u00e9aliser une septaine \u00e0 leur arriv\u00e9e et un nouveau test RT-PCR \u00e0 J7 \u25ba En savoir plus Nouvelles&hellip;<\/p>\n","protected":false},"author":3,"featured_media":0,"comment_status":"open","ping_status":"open","sticky":false,"template":"","format":"standard","meta":{"footnotes":""},"categories":[182],"tags":[418,13,422,218,239,423],"amp_enabled":true,"_links":{"self":[{"href":"https:\/\/urpspharma.re\/index.php?rest_route=\/wp\/v2\/posts\/4381"}],"collection":[{"href":"https:\/\/urpspharma.re\/index.php?rest_route=\/wp\/v2\/posts"}],"about":[{"href":"https:\/\/urpspharma.re\/index.php?rest_route=\/wp\/v2\/types\/post"}],"author":[{"embeddable":true,"href":"https:\/\/urpspharma.re\/index.php?rest_route=\/wp\/v2\/users\/3"}],"replies":[{"embeddable":true,"href":"https:\/\/urpspharma.re\/index.php?rest_route=%2Fwp%2Fv2%2Fcomments&post=4381"}],"version-history":[{"count":6,"href":"https:\/\/urpspharma.re\/index.php?rest_route=\/wp\/v2\/posts\/4381\/revisions"}],"predecessor-version":[{"id":4389,"href":"https:\/\/urpspharma.re\/index.php?rest_route=\/wp\/v2\/posts\/4381\/revisions\/4389"}],"wp:attachment":[{"href":"https:\/\/urpspharma.re\/index.php?rest_route=%2Fwp%2Fv2%2Fmedia&parent=4381"}],"wp:term":[{"taxonomy":"category","embeddable":true,"href":"https:\/\/urpspharma.re\/index.php?rest_route=%2Fwp%2Fv2%2Fcategories&post=4381"},{"taxonomy":"post_tag","embeddable":true,"href":"https:\/\/urpspharma.re\/index.php?rest_route=%2Fwp%2Fv2%2Ftags&post=4381"}],"curies":[{"name":"wp","href":"https:\/\/api.w.org\/{rel}","templated":true}]}}