{"id":4398,"date":"2021-01-11T16:55:29","date_gmt":"2021-01-11T12:55:29","guid":{"rendered":"https:\/\/urpspharma.re\/?p=4398"},"modified":"2021-01-19T16:57:01","modified_gmt":"2021-01-19T12:57:01","slug":"vaccination-contre-la-covid-19","status":"publish","type":"post","link":"https:\/\/urpspharma.re\/?p=4398","title":{"rendered":"Vaccination contre la Covid-19"},"content":{"rendered":"<p style=\"text-align: left;\"><strong>L&#8217;essentiel \u00e0 retenir de l&#8217;essai clinique de r\u00e9f\u00e9rence du 1er vaccin disponible contre la Covid-19 (40 000 personnes incluses) :<\/strong><\/p>\n<p>\u25ba\u00c0 court terme (1 \u00e0 2 mois), r\u00e9duction relative de 94,6 % du risque de maladie covid-19 (\u00e0 partir du 7e jour apr\u00e8s la deuxi\u00e8me injection). Et r\u00e9duction de 89% des formes graves de la maladie.\u00a0<br \/>\u25baDeux injections espac\u00e9es de 21 jours.<br \/>\u25baEffet pr\u00e9ventif du vaccin a sembl\u00e9 appara\u00eetre environ 15 jours apr\u00e8s la premi\u00e8re injection.<br \/>\u25baDur\u00e9e de protection ind\u00e9termin\u00e9e au-del\u00e0 des 2 mois d&#8217;observation de l&#8217;\u00e9tude.<br \/>\u25baEfficacit\u00e9 vraisemblable apr\u00e8s 75 ans mais d&#8217;ampleur inconnue car effectifs insuffisants dans l&#8217;essai.<br \/>\u25baEffets ind\u00e9sirables connus du vaccin sont surtout des r\u00e9actions locales et syst\u00e9miques tr\u00e8s fr\u00e9quentes, parfois intenses, et de rares r\u00e9actions anaphylactiques. Il n&#8217;a pas \u00e9t\u00e9 mis en \u00e9vidence de signal particulier, mais \u00a0vu le faible recul d&#8217;utilisation, comme avec n&#8217;importe quel autre nouveau m\u00e9dicament, vaccin ou autre, l&#8217;apparition de nouveaux effets ind\u00e9sirables est possible \u00e0 plus long terme, ou avec une fr\u00e9quence beaucoup plus faible.<\/p>\n<p><img loading=\"lazy\" decoding=\"async\" class=\"aligncenter wp-image-4338 size-full\" src=\"https:\/\/urpspharma.re\/wp-content\/uploads\/2021\/01\/ligne-de-s\u00e9paration.png\" alt=\"\" width=\"1146\" height=\"20\" srcset=\"https:\/\/urpspharma.re\/wp-content\/uploads\/2021\/01\/ligne-de-s\u00e9paration.png 1146w, https:\/\/urpspharma.re\/wp-content\/uploads\/2021\/01\/ligne-de-s\u00e9paration-300x5.png 300w, https:\/\/urpspharma.re\/wp-content\/uploads\/2021\/01\/ligne-de-s\u00e9paration-768x13.png 768w, https:\/\/urpspharma.re\/wp-content\/uploads\/2021\/01\/ligne-de-s\u00e9paration-1024x18.png 1024w\" sizes=\"(max-width: 1146px) 100vw, 1146px\" \/><\/p>\n<h3 style=\"text-align: left;\"><strong>R\u00e9ussir la campagne de vaccination en dehors des\u00a0EHPAD gr\u00e2ce \u00e0 la contribution des pharmaciens et des professionnels de sant\u00e9 de ville<\/strong><\/h3>\n<p><a href=\"https:\/\/drive.google.com\/file\/d\/1r0SjAqbNjU9rga_iZP5JtvQqxiqaRXpW\/view\" target=\"_blank\" rel=\"noopener noreferrer\">\u25baCourriel de l&#8217;URPS Pharmaciens \u00e0 l&#8217;ARS<\/a>\u00a0<br \/><a href=\"https:\/\/drive.google.com\/file\/d\/1xUX62W8Yr1hcewlhS3Y2bBnBtTOhp99z\/view\" target=\"_blank\" rel=\"noopener noreferrer\">\u25baCommuniqu\u00e9 de presse des syndicats des professionnels de sant\u00e9 lib\u00e9raux et de l&#8217;association des Maires de France (15 d\u00e9cembre 2020)\u00a0<\/a><\/p>\n<p>\u00a0<\/p>\n<p><img loading=\"lazy\" decoding=\"async\" class=\"aligncenter wp-image-4338 size-full\" src=\"https:\/\/urpspharma.re\/wp-content\/uploads\/2021\/01\/ligne-de-s\u00e9paration.png\" alt=\"\" width=\"1146\" height=\"20\" srcset=\"https:\/\/urpspharma.re\/wp-content\/uploads\/2021\/01\/ligne-de-s\u00e9paration.png 1146w, https:\/\/urpspharma.re\/wp-content\/uploads\/2021\/01\/ligne-de-s\u00e9paration-300x5.png 300w, https:\/\/urpspharma.re\/wp-content\/uploads\/2021\/01\/ligne-de-s\u00e9paration-768x13.png 768w, https:\/\/urpspharma.re\/wp-content\/uploads\/2021\/01\/ligne-de-s\u00e9paration-1024x18.png 1024w\" sizes=\"(max-width: 1146px) 100vw, 1146px\" \/><\/p>\n<h3 class=\"mc-toc-title\">D\u00e9marrage de la campagne de vaccination contre la Covid-19 \u00e0 La R\u00e9union le 15 janvier 2021<\/h3>\n<div><strong>4<\/strong> types de publics\u00a0consid\u00e9r\u00e9s aujourd\u2019hui comme \u00e9ligibles et prioritaires\u00a0:\n<ul>\n<li>les r\u00e9sidents des 25\u00a0EHPAD, EHPA et unit\u00e9s de soins de longue dur\u00e9e (USLD)\u00a0de l\u2019\u00eele ;<\/li>\n<li>les personnels soignants de plus de 50 ans, ou de moins de 50 ans pr\u00e9sentant des comorbidit\u00e9s et exer\u00e7ant dans ces structures\u00a0 et dans les autres \u00e9tablissements de sant\u00e9 ;<\/li>\n<li>les professionnels de sant\u00e9 lib\u00e9raux de plus 50 ans, ou de moins de 50 ans pr\u00e9sentant des comorbidit\u00e9s.<\/li>\n<\/ul>\n<p><a href=\"https:\/\/www.lareunion.ars.sante.fr\/covid-19-demarrage-de-la-campagne-de-vaccination-la-reunion-le-15-janvier-2021\" target=\"_blank\" rel=\"noopener noreferrer\">\u25ba En savoir plus<\/a><\/p>\n<\/div>\n<p><img loading=\"lazy\" decoding=\"async\" class=\"aligncenter wp-image-4338 size-full\" src=\"https:\/\/urpspharma.re\/wp-content\/uploads\/2021\/01\/ligne-de-s\u00e9paration.png\" alt=\"\" width=\"1146\" height=\"20\" srcset=\"https:\/\/urpspharma.re\/wp-content\/uploads\/2021\/01\/ligne-de-s\u00e9paration.png 1146w, https:\/\/urpspharma.re\/wp-content\/uploads\/2021\/01\/ligne-de-s\u00e9paration-300x5.png 300w, https:\/\/urpspharma.re\/wp-content\/uploads\/2021\/01\/ligne-de-s\u00e9paration-768x13.png 768w, https:\/\/urpspharma.re\/wp-content\/uploads\/2021\/01\/ligne-de-s\u00e9paration-1024x18.png 1024w\" sizes=\"(max-width: 1146px) 100vw, 1146px\" \/><\/p>\n<h3 class=\"mc-toc-title\">Guide de la vaccination pour les m\u00e9decins, infirmiers et pharmaciens<\/h3>\n<div>12 fiches techniques sur la vaccination et les missions et responsabilit\u00e9s des acteurs intervenant dans les flux logistiques.<\/div>\n<p style=\"text-align: justify;\"><a href=\"https:\/\/solidarites-sante.gouv.fr\/grands-dossiers\/la-vaccination-contre-la-covid-19\/je-suis-un-professionnel-de-sante-ou-du-medico-social\/article\/guide-de-la-vaccination-pour-les-medecins-infirmiers-et-pharmaciens\" target=\"_blank\" rel=\"noopener noreferrer\">\u25ba En savoir plus<\/a><\/p>\n<h2><img loading=\"lazy\" decoding=\"async\" class=\"aligncenter wp-image-4338 size-full\" src=\"https:\/\/urpspharma.re\/wp-content\/uploads\/2021\/01\/ligne-de-s\u00e9paration.png\" alt=\"\" width=\"1146\" height=\"20\" srcset=\"https:\/\/urpspharma.re\/wp-content\/uploads\/2021\/01\/ligne-de-s\u00e9paration.png 1146w, https:\/\/urpspharma.re\/wp-content\/uploads\/2021\/01\/ligne-de-s\u00e9paration-300x5.png 300w, https:\/\/urpspharma.re\/wp-content\/uploads\/2021\/01\/ligne-de-s\u00e9paration-768x13.png 768w, https:\/\/urpspharma.re\/wp-content\/uploads\/2021\/01\/ligne-de-s\u00e9paration-1024x18.png 1024w\" sizes=\"(max-width: 1146px) 100vw, 1146px\" \/><\/h2>\n<h2 class=\"mc-toc-title\">Dossier Vaccination contre la Covid-19 (Minist\u00e8re de la Sant\u00e9)<\/h2>\n<ul>\n<li>Pr\u00e9sentation de la strat\u00e9gie vaccinale<\/li>\n<li>Informations officielles au sujet de la vaccination contre la Covid-19 (particuliers et professionnels de sant\u00e9 ou m\u00e9dico-social<\/li>\n<\/ul>\n<p><a href=\"https:\/\/solidarites-sante.gouv.fr\/grands-dossiers\/la-vaccination-contre-la-covid-19\/\" target=\"_blank\" rel=\"noopener noreferrer\">\u25ba En savoir plus<\/a><\/p>\n<p><img loading=\"lazy\" decoding=\"async\" class=\"aligncenter wp-image-4338 size-full\" src=\"https:\/\/urpspharma.re\/wp-content\/uploads\/2021\/01\/ligne-de-s\u00e9paration.png\" alt=\"\" width=\"1146\" height=\"20\" srcset=\"https:\/\/urpspharma.re\/wp-content\/uploads\/2021\/01\/ligne-de-s\u00e9paration.png 1146w, https:\/\/urpspharma.re\/wp-content\/uploads\/2021\/01\/ligne-de-s\u00e9paration-300x5.png 300w, https:\/\/urpspharma.re\/wp-content\/uploads\/2021\/01\/ligne-de-s\u00e9paration-768x13.png 768w, https:\/\/urpspharma.re\/wp-content\/uploads\/2021\/01\/ligne-de-s\u00e9paration-1024x18.png 1024w\" sizes=\"(max-width: 1146px) 100vw, 1146px\" \/><\/p>\n<h3 class=\"mc-toc-title\">R\u00e9sum\u00e9 des caract\u00e9ristiques de Comirnaty\u00b0, dispersion \u00e0 diluer pour solution injectable Vaccin \u00e0 ARNm (\u00e0 nucl\u00e9oside modifi\u00e9) contre la COVID-19<\/h3>\n<div>Version int\u00e9grale transmise par l&#8217;ARS<\/div>\n<p><a href=\"https:\/\/drive.google.com\/file\/d\/1UxXrx2PJ2aOji0oGqh7uhpAqAfxOjD0t\/view\" target=\"_blank\" rel=\"noopener noreferrer\">\u25ba En savoir plus<\/a><\/p>\n<h3 class=\"mc-toc-title\">L&#8217;analyse\u00a0de la revue &#8220;Prescrire&#8221; sur l&#8217;ARN messager tozinam\u00e9ran Comirnaty\u00b0<\/h3>\n<p><a href=\"https:\/\/www.prescrire.org\/fr\/203\/1845\/60577\/0\/PositionDetails.aspx\" target=\"_blank\" rel=\"noopener noreferrer\">\u25ba En savoir plus<\/a><\/p>\n<h3>Dispositif de surveillance renforc\u00e9e des vaccins contre la Covid-19\u00a0 (ANSM)<\/h3>\n<p><a href=\"https:\/\/ansm.sante.fr\/S-informer\/Actualite\/Campagne-de-vaccination-contre-la-Covid-19-L-ANSM-deploie-son-dispositif-de-surveillance-renforcee-Point-d-Information\" target=\"_blank\" rel=\"noopener noreferrer\">\u25ba En savoir plus<\/a><\/p>\n<h3 class=\"mc-toc-title\">Ab\u00e9c\u00e9daire des questions-r\u00e9ponses les plus fr\u00e9quentes sur la vaccination COVID-19 (INFOVAC-FRANCE)<\/h3>\n<p><a href=\"https:\/\/www.infovac.fr\/actualites\/bulletin-n-14-supplement-decembre-2020\" target=\"_blank\" rel=\"noopener noreferrer\">\u25ba En savoir plus<\/a><\/p>\n<h3 class=\"mc-toc-title\">Info derni\u00e8re minute ASNM :\u00a0<\/h3>\n<p><a href=\"https:\/\/ansm.sante.fr\/S-informer\/Actualite\/Avis-de-l-ANSM-concernant-la-seconde-dose-du-vaccin-Comirnaty-de-Pfizer-BioNtech-Point-d-Information\" target=\"_blank\" rel=\"noopener noreferrer\">\u25ba En savoir plus<\/a><\/p>\n<p><img loading=\"lazy\" decoding=\"async\" class=\"aligncenter wp-image-4338 size-full\" src=\"https:\/\/urpspharma.re\/wp-content\/uploads\/2021\/01\/ligne-de-s\u00e9paration.png\" alt=\"\" width=\"1146\" height=\"20\" srcset=\"https:\/\/urpspharma.re\/wp-content\/uploads\/2021\/01\/ligne-de-s\u00e9paration.png 1146w, https:\/\/urpspharma.re\/wp-content\/uploads\/2021\/01\/ligne-de-s\u00e9paration-300x5.png 300w, https:\/\/urpspharma.re\/wp-content\/uploads\/2021\/01\/ligne-de-s\u00e9paration-768x13.png 768w, https:\/\/urpspharma.re\/wp-content\/uploads\/2021\/01\/ligne-de-s\u00e9paration-1024x18.png 1024w\" sizes=\"(max-width: 1146px) 100vw, 1146px\" \/><\/p>\n<p><img loading=\"lazy\" decoding=\"async\" class=\"aligncenter wp-image-4279 size-full\" src=\"https:\/\/urpspharma.re\/wp-content\/uploads\/2021\/01\/LOGO-TIPA-VACCINATION-COVID.png\" alt=\"\" width=\"802\" height=\"208\" srcset=\"https:\/\/urpspharma.re\/wp-content\/uploads\/2021\/01\/LOGO-TIPA-VACCINATION-COVID.png 802w, https:\/\/urpspharma.re\/wp-content\/uploads\/2021\/01\/LOGO-TIPA-VACCINATION-COVID-300x78.png 300w, https:\/\/urpspharma.re\/wp-content\/uploads\/2021\/01\/LOGO-TIPA-VACCINATION-COVID-768x199.png 768w\" sizes=\"(max-width: 802px) 100vw, 802px\" \/><\/p>\n<p><strong><a href=\"https:\/\/docs.google.com\/forms\/d\/e\/1FAIpQLSczjcRa4XmzGWRIpxfT29AApsC5Rn_n13p2c32BJYPwww7yvw\/viewform\" target=\"_blank\" rel=\"noopener noreferrer\">\u25ba Professionnel de sant\u00e9 : \u00eates-vous pr\u00eats \u00e0 vous faire vacciner contre la Covid-19 ? Dites-le nous ICI<\/a><\/strong><\/p>\n\n\n<p><\/p>\n","protected":false},"excerpt":{"rendered":"<p>L&#8217;essentiel \u00e0 retenir de l&#8217;essai clinique de r\u00e9f\u00e9rence du 1er vaccin disponible contre la Covid-19 (40 000 personnes incluses) : \u25ba\u00c0 court terme (1 \u00e0 2 mois), r\u00e9duction relative de 94,6 % du risque de maladie covid-19 (\u00e0 partir du 7e jour apr\u00e8s la deuxi\u00e8me injection). Et r\u00e9duction de 89% des formes graves de la&hellip;<\/p>\n","protected":false},"author":3,"featured_media":0,"comment_status":"open","ping_status":"open","sticky":false,"template":"","format":"standard","meta":{"footnotes":""},"categories":[182],"tags":[425,418,218,239,91,68],"amp_enabled":true,"_links":{"self":[{"href":"https:\/\/urpspharma.re\/index.php?rest_route=\/wp\/v2\/posts\/4398"}],"collection":[{"href":"https:\/\/urpspharma.re\/index.php?rest_route=\/wp\/v2\/posts"}],"about":[{"href":"https:\/\/urpspharma.re\/index.php?rest_route=\/wp\/v2\/types\/post"}],"author":[{"embeddable":true,"href":"https:\/\/urpspharma.re\/index.php?rest_route=\/wp\/v2\/users\/3"}],"replies":[{"embeddable":true,"href":"https:\/\/urpspharma.re\/index.php?rest_route=%2Fwp%2Fv2%2Fcomments&post=4398"}],"version-history":[{"count":3,"href":"https:\/\/urpspharma.re\/index.php?rest_route=\/wp\/v2\/posts\/4398\/revisions"}],"predecessor-version":[{"id":4401,"href":"https:\/\/urpspharma.re\/index.php?rest_route=\/wp\/v2\/posts\/4398\/revisions\/4401"}],"wp:attachment":[{"href":"https:\/\/urpspharma.re\/index.php?rest_route=%2Fwp%2Fv2%2Fmedia&parent=4398"}],"wp:term":[{"taxonomy":"category","embeddable":true,"href":"https:\/\/urpspharma.re\/index.php?rest_route=%2Fwp%2Fv2%2Fcategories&post=4398"},{"taxonomy":"post_tag","embeddable":true,"href":"https:\/\/urpspharma.re\/index.php?rest_route=%2Fwp%2Fv2%2Ftags&post=4398"}],"curies":[{"name":"wp","href":"https:\/\/api.w.org\/{rel}","templated":true}]}}