{"id":4468,"date":"2021-02-09T16:12:37","date_gmt":"2021-02-09T12:12:37","guid":{"rendered":"https:\/\/urpspharma.re\/?p=4468"},"modified":"2021-02-11T16:13:53","modified_gmt":"2021-02-11T12:13:53","slug":"covid-19-depistage-populationnel-a-saint-benoit-et-bras-fusil","status":"publish","type":"post","link":"https:\/\/urpspharma.re\/?p=4468","title":{"rendered":"Covid-19 : D\u00e9pistage populationnel \u00e0 Saint-Beno\u00eet et Bras-fusil"},"content":{"rendered":"<h3 style=\"text-align: center;\"><strong>&#x1f4c5; <span style=\"color: #cc0000;\">MERCREDI 10 FEVRIER 2021<\/span><br \/>\n<span style=\"color: #cc0000;\">de 8H \u00e0 12H \u00e0 Saint-Beno\u00eet<\/span><\/strong><\/h3>\n<p style=\"text-align: center;\"><strong>Au Centre-ville &#8211; <\/strong><strong>Place de la Savane<\/strong><\/p>\n<h3 style=\"text-align: center;\"><strong>&#x1f4c5;<span style=\"color: #cc0000;\"> JEUDI 11\u00a0FEVRIER 2021<\/span><br \/>\n<span style=\"color: #cc0000;\">de 8H \u00e0 12H\u00a0<\/span><\/strong><\/h3>\n<p style=\"text-align: center;\"><strong>Devant la maison des Associations<\/strong><\/p>\n<p><strong>Afin de faciliter l\u2019acc\u00e8s aux tests et freiner la circulation de la covid-19 dans l\u2019\u00eele, l\u2019ARS La R\u00e9union et la commune de Saint Benoit avec le soutien des laboratoires et des pharmacies, organisent deux op\u00e9rations de d\u00e9pistage gratuit pour la population.<\/strong><\/p>\n<p style=\"text-align: left;\"><img loading=\"lazy\" decoding=\"async\" class=\"aligncenter wp-image-4452\" src=\"https:\/\/urpspharma.re\/wp-content\/uploads\/2021\/02\/campagne-de-tests1.png\" alt=\"\" width=\"600\" height=\"243\" srcset=\"https:\/\/urpspharma.re\/wp-content\/uploads\/2021\/02\/campagne-de-tests1.png 897w, https:\/\/urpspharma.re\/wp-content\/uploads\/2021\/02\/campagne-de-tests1-300x121.png 300w, https:\/\/urpspharma.re\/wp-content\/uploads\/2021\/02\/campagne-de-tests1-768x311.png 768w\" sizes=\"(max-width: 600px) 100vw, 600px\" \/><\/p>\n<h4 style=\"text-align: center;\"><strong>Autres lieux de d\u00e9pistage accessibles en semaine <\/strong><\/h4>\n<h4 style=\"text-align: center;\"><strong>\u00e0 Saint-Benoit (sante.fr)<\/strong><\/h4>\n<p><strong>\u25ba<\/strong><strong> DI PHARMA <\/strong><strong>(PHARMACIE BASSIN BLEU)<\/strong><br \/>\n227 N 2 Petit Saint-pierre,\u00a097437\u00a0SAINT-BENOIT \u00a0<span style=\"color: #cc0000;\"><strong>02 62 51 03 33<\/strong><\/span><\/p>\n<p><strong>\u25ba<\/strong><strong>PHARMACIE TRAN-VIET-TAM (PHARMACIE DE L\u2019EST)<\/strong><\/p>\n<p>51 Avenue Jean Jaur\u00e8s,\u00a097470\u00a0SAINT-BENOIT<\/p>\n<p><span style=\"color: #cc0000;\"><strong>02 62 50 15 91 (sans rendez-vous)<\/strong><\/span><\/p>\n<p><strong>Du <\/strong>lundi au vendredi : 08h00-12h00 et 14h00-16h00<br \/>\nSamedi : 08h00-12h00<\/p>\n<p><strong>\u25ba<\/strong><strong>PHARMACIE XAVIER-SMC (PHARMACIE BEAULIEU)<\/strong><\/p>\n<p>6 Chemin Goyaves,\u00a097470\u00a0SAINT-BENOIT <span style=\"color: #cc0000;\"><strong>02 62 50 10 49<\/strong><\/span><\/p>\n<p><strong>\u25ba<\/strong><strong>LBM<\/strong><br \/>\nP\u00f4le Sanitaire Est (GHER), RN3, Zac Madeleine, 97470\u00a0<strong>SAINT-BENOIT<\/strong><\/p>\n<p><span style=\"color: #cc0000;\"><strong>02 62 98 88 38<\/strong><\/span><\/p>\n<p>Sur rendez-vous de pr\u00e9f\u00e9rence :\u00a0<a href=\"mailto:covid@lbm-stbenoit.fr\">covid@lbm-stbenoit.fr<\/a><\/p>\n<p>Lundi au vendredi :\u00a0 \u00a0 \u00a0 \u00a0 \u00a0 \u00a0 \u00a0 \u00a0 \u00a0 \u00a0 \u00a0 \u00a0 \u00a0 \u00a0 \u00a0 \u00a0 \u00a0 \u00a0 \u00a0 \u00a0Samedi sur rendez-vous : 8h30-12h<br \/>\nSur rendez-vous : 8h30-10h\u00a0\u00a0\u00a0\u00a0\u00a0\u00a0\u00a0\u00a0\u00a0\u00a0\u00a0\u00a0\u00a0\u00a0\u00a0\u00a0\u00a0\u00a0\u00a0\u00a0\u00a0\u00a0\u00a0\u00a0\u00a0 Dimanche et jours f\u00e9ri\u00e9s sur rendez-vous : 9h-11h00<br \/>\nSans rendez-vous : 10h30-14h30<\/p>\n<h4 style=\"text-align: left;\"><a href=\"https:\/\/www.sante.fr\/cf\/centres-depistage-covid\/departement-974.html\" target=\"_blank\" rel=\"noopener noreferrer\"><span style=\"color: #3366ff;\">ICI \u25ba Tous les lieux de d\u00e9pistage (sante.fr)<\/span><\/a><\/h4>\n","protected":false},"excerpt":{"rendered":"<p>&#x1f4c5; MERCREDI 10 FEVRIER 2021 de 8H \u00e0 12H \u00e0 Saint-Beno\u00eet Au Centre-ville &#8211; Place de la Savane &#x1f4c5; JEUDI 11\u00a0FEVRIER 2021 de 8H \u00e0 12H\u00a0 Devant la maison des Associations Afin de faciliter l\u2019acc\u00e8s aux tests et freiner la circulation de la covid-19 dans l\u2019\u00eele, l\u2019ARS La R\u00e9union et la commune de Saint Benoit&hellip;<\/p>\n","protected":false},"author":3,"featured_media":0,"comment_status":"open","ping_status":"open","sticky":false,"template":"","format":"standard","meta":{"footnotes":""},"categories":[183],"tags":[438,439,80,437,418,13,431,436,408,239],"amp_enabled":true,"_links":{"self":[{"href":"https:\/\/urpspharma.re\/index.php?rest_route=\/wp\/v2\/posts\/4468"}],"collection":[{"href":"https:\/\/urpspharma.re\/index.php?rest_route=\/wp\/v2\/posts"}],"about":[{"href":"https:\/\/urpspharma.re\/index.php?rest_route=\/wp\/v2\/types\/post"}],"author":[{"embeddable":true,"href":"https:\/\/urpspharma.re\/index.php?rest_route=\/wp\/v2\/users\/3"}],"replies":[{"embeddable":true,"href":"https:\/\/urpspharma.re\/index.php?rest_route=%2Fwp%2Fv2%2Fcomments&post=4468"}],"version-history":[{"count":2,"href":"https:\/\/urpspharma.re\/index.php?rest_route=\/wp\/v2\/posts\/4468\/revisions"}],"predecessor-version":[{"id":4471,"href":"https:\/\/urpspharma.re\/index.php?rest_route=\/wp\/v2\/posts\/4468\/revisions\/4471"}],"wp:attachment":[{"href":"https:\/\/urpspharma.re\/index.php?rest_route=%2Fwp%2Fv2%2Fmedia&parent=4468"}],"wp:term":[{"taxonomy":"category","embeddable":true,"href":"https:\/\/urpspharma.re\/index.php?rest_route=%2Fwp%2Fv2%2Fcategories&post=4468"},{"taxonomy":"post_tag","embeddable":true,"href":"https:\/\/urpspharma.re\/index.php?rest_route=%2Fwp%2Fv2%2Ftags&post=4468"}],"curies":[{"name":"wp","href":"https:\/\/api.w.org\/{rel}","templated":true}]}}