{"id":4514,"date":"2021-02-17T09:52:53","date_gmt":"2021-02-17T05:52:53","guid":{"rendered":"https:\/\/urpspharma.re\/?p=4514"},"modified":"2021-02-18T09:56:46","modified_gmt":"2021-02-18T05:56:46","slug":"covid-19-vaccination-et-vaccin-astrazeneca","status":"publish","type":"post","link":"https:\/\/urpspharma.re\/?p=4514","title":{"rendered":"Covid-19 : Vaccination et vaccin AstraZeneca"},"content":{"rendered":"<h3 class=\"mc-toc-title\" style=\"text-align: center;\"><span style=\"color: #000000;\">Pharmaciens d&#8217;officine et m\u00e9decins lib\u00e9raux : pas de sollicitations dans l&#8217;imm\u00e9diat<\/span><\/h3>\n<div>D\u00e8s vendredi, l&#8217;URPS pharmaciens a sollicit\u00e9\u00a0un \u00e9clairage urgent de l&#8217;ARS, au sujet du message de la<a href=\"https:\/\/solidarites-sante.gouv.fr\/IMG\/pdf\/dgs-urgent_15_approvisionnement_az.pdf\" target=\"_blank\" rel=\"noopener noreferrer\">\u00a0DGS-Urgent n\u00b02021-15 du 12 f\u00e9vrier 2021<\/a>\u00a0<\/div>\n<div>\u00a0<\/div>\n<div>l n\u2019est pas pr\u00e9vu \u00e0 ce jour de livraison du vaccin AstraZeneca \u00e0\u00a0La R\u00e9union.<br \/>Des discussions sont actuellement en cours avec le minist\u00e8re de la sant\u00e9.<\/div>\n<div>\u00a0<\/div>\n<div>\n<div><span style=\"color: #cc0000;\"><strong>Les pharmaciens d\u2019officine et les m\u00e9decins lib\u00e9raux ne sont donc\u00a0pas sollicit\u00e9s dans l\u2019imm\u00e9diat\u00a0pour les vaccinations \u00e0 La R\u00e9union.<\/strong><\/span><\/div>\n<br \/>Rappel : liste de diffusion DGS-Urgent<br \/><a href=\"https:\/\/solidarites-sante.gouv.fr\/professionnels\/article\/dgs-urgent\" target=\"_blank\" rel=\"noopener noreferrer\"><img loading=\"lazy\" decoding=\"async\" src=\"https:\/\/mcusercontent.com\/07e1c2e988d75c3f3beefa643\/images\/37702b04-2806-4e05-bd5f-e64eedfe39f3.png\" width=\"160\" height=\"37\" data-file-id=\"4773062\" \/><\/a><\/div>\n<p dir=\"ltr\" role=\"presentation\">\u00a0<\/p>\n<p dir=\"ltr\" role=\"presentation\">\u00a0<\/p>\n<div>\u00a0<\/div>\n<div>\u00a0<\/div>\n<p dir=\"ltr\" role=\"presentation\">\u00a0<\/p>\n\n\n<p><\/p>\n","protected":false},"excerpt":{"rendered":"<p>Pharmaciens d&#8217;officine et m\u00e9decins lib\u00e9raux : pas de sollicitations dans l&#8217;imm\u00e9diat D\u00e8s vendredi, l&#8217;URPS pharmaciens a sollicit\u00e9\u00a0un \u00e9clairage urgent de l&#8217;ARS, au sujet du message de la\u00a0DGS-Urgent n\u00b02021-15 du 12 f\u00e9vrier 2021\u00a0 \u00a0 l n\u2019est pas pr\u00e9vu \u00e0 ce jour de livraison du vaccin AstraZeneca \u00e0\u00a0La R\u00e9union.Des discussions sont actuellement en cours avec le minist\u00e8re&hellip;<\/p>\n","protected":false},"author":3,"featured_media":0,"comment_status":"open","ping_status":"open","sticky":false,"template":"","format":"standard","meta":{"footnotes":""},"categories":[182],"tags":[454,418,424,218,239,68],"amp_enabled":true,"_links":{"self":[{"href":"https:\/\/urpspharma.re\/index.php?rest_route=\/wp\/v2\/posts\/4514"}],"collection":[{"href":"https:\/\/urpspharma.re\/index.php?rest_route=\/wp\/v2\/posts"}],"about":[{"href":"https:\/\/urpspharma.re\/index.php?rest_route=\/wp\/v2\/types\/post"}],"author":[{"embeddable":true,"href":"https:\/\/urpspharma.re\/index.php?rest_route=\/wp\/v2\/users\/3"}],"replies":[{"embeddable":true,"href":"https:\/\/urpspharma.re\/index.php?rest_route=%2Fwp%2Fv2%2Fcomments&post=4514"}],"version-history":[{"count":2,"href":"https:\/\/urpspharma.re\/index.php?rest_route=\/wp\/v2\/posts\/4514\/revisions"}],"predecessor-version":[{"id":4516,"href":"https:\/\/urpspharma.re\/index.php?rest_route=\/wp\/v2\/posts\/4514\/revisions\/4516"}],"wp:attachment":[{"href":"https:\/\/urpspharma.re\/index.php?rest_route=%2Fwp%2Fv2%2Fmedia&parent=4514"}],"wp:term":[{"taxonomy":"category","embeddable":true,"href":"https:\/\/urpspharma.re\/index.php?rest_route=%2Fwp%2Fv2%2Fcategories&post=4514"},{"taxonomy":"post_tag","embeddable":true,"href":"https:\/\/urpspharma.re\/index.php?rest_route=%2Fwp%2Fv2%2Ftags&post=4514"}],"curies":[{"name":"wp","href":"https:\/\/api.w.org\/{rel}","templated":true}]}}