{"id":4527,"date":"2021-02-25T13:20:21","date_gmt":"2021-02-25T09:20:21","guid":{"rendered":"https:\/\/urpspharma.re\/?p=4527"},"modified":"2021-02-25T13:20:23","modified_gmt":"2021-02-25T09:20:23","slug":"covid-19-tester-isoler-les-nouveautes","status":"publish","type":"post","link":"https:\/\/urpspharma.re\/?p=4527","title":{"rendered":"Covid-19 : Tester, Isoler : les nouveaut\u00e9s"},"content":{"rendered":"<div>\n<h2 class=\"mc-toc-title\">Tester<\/h2>\n<div style=\"text-align: justify;\">Comme indiqu\u00e9 dans notre derni\u00e8re communication, certains laboratoires de biologie m\u00e9dicale permettent \u00e0 des pharmaciens d&#8217;effectuer le 2\u00e8me pr\u00e9l\u00e8vement nasopharyng\u00e9 (en cas de TAG+), afin de r\u00e9aliser le test RT-PCR de criblage pr\u00e9conis\u00e9 sous un d\u00e9lai de moins de 36h.<br \/><br \/>Attention, la signature d&#8217;une convention entre le pharmacien et le biologiste est indispensable, d&#8217;autant que l&#8217;assurance maladie a justifi\u00e9 son refus de remboursement de ces pr\u00e9l\u00e8vements par le vide juridique actuel qui n&#8217;autorise pas explicitement les pharmaciens d&#8217;officines \u00e0 pratiquer ces actes qui rel\u00e8vent pourtant du bon sens dans l&#8217;int\u00e9r\u00eat des usagers.\u00a0<br \/>\u00a0<br \/>De plus, il conviendrait d&#8217;am\u00e9liorer la coordination avec les laboratoires d&#8217;analyses en \u00e9vitant des doubles saisies ou autres lourdeurs administratives.<\/div>\n<\/div>\n<div>\n<h2 class=\"mc-toc-title\">Ameli : \u00ab Contact tracing \u00bb : le dispositif pour arr\u00eater plus vite les cha\u00eenes de transmission du virus<\/h2>\n<\/div>\n<div>\n<p><a href=\"https:\/\/www.ameli.fr\/la-reunion\/assure\/covid-19\/tester-alerter-proteger-comprendre-la-strategie-pour-stopper-lepidemie\/contact-tracing-arreter-les-chaines-de-transmission\" target=\"_blank\" rel=\"noopener noreferrer\"><img loading=\"lazy\" decoding=\"async\" class=\"alignnone\" src=\"https:\/\/mcusercontent.com\/07e1c2e988d75c3f3beefa643\/images\/37702b04-2806-4e05-bd5f-e64eedfe39f3.png\" alt=\"\" width=\"160\" height=\"37\" data-file-id=\"4773062\" \/><\/a><\/p>\n<h3 style=\"text-align: center;\"><span style=\"color: #cc0000;\"><strong>Num\u00e9ro d\u00e9di\u00e9 aux professionnels de sant\u00e9\u00a0 : <\/strong><\/span><\/h3>\n<h3 style=\"text-align: center;\"><span style=\"color: #cc0000;\"><strong>09 74 75 76 78<\/strong><\/span><\/h3>\n<h2 class=\"mc-toc-title\"><span style=\"color: #000000;\">Isoler<\/span><\/h2>\n<div style=\"text-align: justify;\"><strong>1 &#8211; Evolution de la dur\u00e9e d\u2019isolement<\/strong><br \/>\u25ba Cas confirm\u00e9s et probables symptomatiques : 10 jours d&#8217;isolement<br \/>\u25ba Cas confirm\u00e9s asymptomatiques : 10 jours d&#8217;isolement avec une prolongation de 10 jours \u00e0 partir de la date d&#8217;apparition des sympt\u00f4mes.<br \/><br \/><strong>2 &#8211; Evolution de la prise en charge<\/strong><br \/>Pour l\u2019ensemble des contacts \u00e0 risque (foyer et hors foyer), un test antig\u00e9nique devra \u00eatre r\u00e9alis\u00e9 imm\u00e9diatement, d\u00e8s la prise en charge du contact, afin de pouvoir d\u00e9clencher sans attendre le contact-tracing en cas de positivit\u00e9. Un r\u00e9sultat n\u00e9gatif ne l\u00e8ve pas la mesure de quarantaine de la personne contact.<br \/>\u00a0<\/div>\n<div><a href=\"https:\/\/solidarites-sante.gouv.fr\/IMG\/pdf\/dgs-urgent_20_mesures_isolement_car_variantes.pdf\" target=\"_blank\" rel=\"noopener noreferrer\">\u25baDGS-URGENT N\u00b02021_20<\/a><br \/><img loading=\"lazy\" decoding=\"async\" src=\"https:\/\/mcusercontent.com\/07e1c2e988d75c3f3beefa643\/images\/8f4bd894-2411-4879-960c-3048c0dac1c7.png\" width=\"250\" height=\"87\" data-file-id=\"4980394\" \/><\/div>\n<\/div>\n<p dir=\"ltr\" role=\"presentation\">Liste de diffusion DGS-Urgent<\/p>\n<p><a href=\"https:\/\/solidarites-sante.gouv.fr\/professionnels\/article\/dgs-urgent\" target=\"_blank\" rel=\"noopener noreferrer\"><img loading=\"lazy\" decoding=\"async\" class=\"alignnone\" src=\"https:\/\/mcusercontent.com\/07e1c2e988d75c3f3beefa643\/images\/37702b04-2806-4e05-bd5f-e64eedfe39f3.png\" alt=\"\" width=\"160\" height=\"37\" data-file-id=\"4773062\" \/><\/a><\/p>\n<h3 style=\"text-align: center;\">\u00a0<\/h3>\n<div>\u00a0<\/div>\n<div>\u00a0<\/div>\n<p dir=\"ltr\" role=\"presentation\">\u00a0<\/p>\n\n\n<p><\/p>\n","protected":false},"excerpt":{"rendered":"<p>Tester Comme indiqu\u00e9 dans notre derni\u00e8re communication, certains laboratoires de biologie m\u00e9dicale permettent \u00e0 des pharmaciens d&#8217;effectuer le 2\u00e8me pr\u00e9l\u00e8vement nasopharyng\u00e9 (en cas de TAG+), afin de r\u00e9aliser le test RT-PCR de criblage pr\u00e9conis\u00e9 sous un d\u00e9lai de moins de 36h. Attention, la signature d&#8217;une convention entre le pharmacien et le biologiste est indispensable, d&#8217;autant&hellip;<\/p>\n","protected":false},"author":3,"featured_media":0,"comment_status":"open","ping_status":"open","sticky":false,"template":"","format":"standard","meta":{"footnotes":""},"categories":[182],"tags":[458,418,13,457,431,422,239],"amp_enabled":true,"_links":{"self":[{"href":"https:\/\/urpspharma.re\/index.php?rest_route=\/wp\/v2\/posts\/4527"}],"collection":[{"href":"https:\/\/urpspharma.re\/index.php?rest_route=\/wp\/v2\/posts"}],"about":[{"href":"https:\/\/urpspharma.re\/index.php?rest_route=\/wp\/v2\/types\/post"}],"author":[{"embeddable":true,"href":"https:\/\/urpspharma.re\/index.php?rest_route=\/wp\/v2\/users\/3"}],"replies":[{"embeddable":true,"href":"https:\/\/urpspharma.re\/index.php?rest_route=%2Fwp%2Fv2%2Fcomments&post=4527"}],"version-history":[{"count":1,"href":"https:\/\/urpspharma.re\/index.php?rest_route=\/wp\/v2\/posts\/4527\/revisions"}],"predecessor-version":[{"id":4528,"href":"https:\/\/urpspharma.re\/index.php?rest_route=\/wp\/v2\/posts\/4527\/revisions\/4528"}],"wp:attachment":[{"href":"https:\/\/urpspharma.re\/index.php?rest_route=%2Fwp%2Fv2%2Fmedia&parent=4527"}],"wp:term":[{"taxonomy":"category","embeddable":true,"href":"https:\/\/urpspharma.re\/index.php?rest_route=%2Fwp%2Fv2%2Fcategories&post=4527"},{"taxonomy":"post_tag","embeddable":true,"href":"https:\/\/urpspharma.re\/index.php?rest_route=%2Fwp%2Fv2%2Ftags&post=4527"}],"curies":[{"name":"wp","href":"https:\/\/api.w.org\/{rel}","templated":true}]}}