{"id":454,"date":"2016-03-11T16:40:59","date_gmt":"2016-03-11T12:40:59","guid":{"rendered":"http:\/\/urpspharma.re\/?p=454"},"modified":"2017-09-15T13:48:27","modified_gmt":"2017-09-15T09:48:27","slug":"diabete-type-i-demandez-votre-affiche-avant-le-18-mars-2016","status":"publish","type":"post","link":"https:\/\/urpspharma.re\/?p=454","title":{"rendered":"DIABETE TYPE I  : Demandez votre affiche avant le 18 mars 2016"},"content":{"rendered":"<div dir=\"ltr\">\n<div>\n<p><strong>La \u00a0<\/strong><strong>journ\u00e9e mondiale de la sant\u00e9 (OMS) du 07\/04\/2016 <\/strong><strong>portant sur le DIABETE, l\u2019URPS des pharmaciens vous propose de soutenir\u00a0l\u2019action de\u00a0l\u2019association REUNIR\u00a0en mettant en place une affiche dans votre officine.<\/strong><\/p>\n<\/div>\n<\/div>\n<p>Commandez d\u00e8s aujourd&#8217;hui (attention quantit\u00e9s limit\u00e9es) en <a href=\"http:\/\/goo.gl\/forms\/U9aHMOJdqw\" target=\"_blank\">cliquant ici<\/a><\/p>\n<p>Pour en savoir plus <a href=\"https:\/\/drive.google.com\/open?id=0B6INdQizpimkX3ZKQjZlRFg0R00\">cliquez ici<\/a><\/p>\n<p>&nbsp;<\/p>\n<div dir=\"ltr\">\n<div>\n<p><a href=\"http:\/\/urpspharma.re\/wp-content\/uploads\/2016\/03\/affiche-diab\u00e8te.png\" rel=\"attachment wp-att-457\"><img loading=\"lazy\" decoding=\"async\" class=\"aligncenter wp-image-457\" src=\"http:\/\/urpspharma.re\/wp-content\/uploads\/2016\/03\/affiche-diab\u00e8te-202x300.png\" alt=\"affiche diab\u00e8te\" width=\"349\" height=\"518\" srcset=\"https:\/\/urpspharma.re\/wp-content\/uploads\/2016\/03\/affiche-diab\u00e8te-202x300.png 202w, https:\/\/urpspharma.re\/wp-content\/uploads\/2016\/03\/affiche-diab\u00e8te-768x1142.png 768w, https:\/\/urpspharma.re\/wp-content\/uploads\/2016\/03\/affiche-diab\u00e8te-689x1024.png 689w\" sizes=\"(max-width: 349px) 100vw, 349px\" \/><\/a><\/p>\n<\/div>\n<div>\n<p>&nbsp;<\/p>\n<p>&nbsp;<\/p>\n<div class=\"gmail_default\"><\/div>\n<\/div>\n<div><\/div>\n<div><\/div>\n<div><\/div>\n<\/div>\n<p>&nbsp;<\/p>\n<p>&nbsp;<\/p>\n","protected":false},"excerpt":{"rendered":"<p>La \u00a0journ\u00e9e mondiale de la sant\u00e9 (OMS) du 07\/04\/2016 portant sur le DIABETE, l\u2019URPS des pharmaciens vous propose de soutenir\u00a0l\u2019action de\u00a0l\u2019association REUNIR\u00a0en mettant en place une affiche dans votre officine. Commandez d\u00e8s aujourd&#8217;hui (attention quantit\u00e9s limit\u00e9es) en cliquant ici Pour en savoir plus cliquez ici &nbsp; &nbsp; &nbsp; &nbsp; &nbsp;<\/p>\n","protected":false},"author":3,"featured_media":0,"comment_status":"open","ping_status":"open","sticky":false,"template":"","format":"standard","meta":{"footnotes":""},"categories":[182],"tags":[11,42,43,44],"amp_enabled":true,"_links":{"self":[{"href":"https:\/\/urpspharma.re\/index.php?rest_route=\/wp\/v2\/posts\/454"}],"collection":[{"href":"https:\/\/urpspharma.re\/index.php?rest_route=\/wp\/v2\/posts"}],"about":[{"href":"https:\/\/urpspharma.re\/index.php?rest_route=\/wp\/v2\/types\/post"}],"author":[{"embeddable":true,"href":"https:\/\/urpspharma.re\/index.php?rest_route=\/wp\/v2\/users\/3"}],"replies":[{"embeddable":true,"href":"https:\/\/urpspharma.re\/index.php?rest_route=%2Fwp%2Fv2%2Fcomments&post=454"}],"version-history":[{"count":9,"href":"https:\/\/urpspharma.re\/index.php?rest_route=\/wp\/v2\/posts\/454\/revisions"}],"predecessor-version":[{"id":484,"href":"https:\/\/urpspharma.re\/index.php?rest_route=\/wp\/v2\/posts\/454\/revisions\/484"}],"wp:attachment":[{"href":"https:\/\/urpspharma.re\/index.php?rest_route=%2Fwp%2Fv2%2Fmedia&parent=454"}],"wp:term":[{"taxonomy":"category","embeddable":true,"href":"https:\/\/urpspharma.re\/index.php?rest_route=%2Fwp%2Fv2%2Fcategories&post=454"},{"taxonomy":"post_tag","embeddable":true,"href":"https:\/\/urpspharma.re\/index.php?rest_route=%2Fwp%2Fv2%2Ftags&post=454"}],"curies":[{"name":"wp","href":"https:\/\/api.w.org\/{rel}","templated":true}]}}