{"id":4575,"date":"2021-03-15T15:28:36","date_gmt":"2021-03-15T11:28:36","guid":{"rendered":"https:\/\/urpspharma.re\/?p=4575"},"modified":"2021-03-19T15:37:45","modified_gmt":"2021-03-19T11:37:45","slug":"covid-19-tout-faire-pour-deployer-la-vaccination-en-proximite","status":"publish","type":"post","link":"https:\/\/urpspharma.re\/?p=4575","title":{"rendered":"Covid-19 : Tout faire pour d\u00e9ployer la vaccination en proximit\u00e9 !"},"content":{"rendered":"<h3 class=\"null\" style=\"text-align: center;\">Vaccination contre la Covid-19, feu vert pour les pharmacies&#8230;. mais pas encore \u00e0 La R\u00e9union.<\/h3>\n<div>\n<div style=\"text-align: justify;\">\n<p>Le d\u00e9cret n\u00b0 2021-248 du 4 mars, pris apr\u00e8s l&#8217;avis de la HAS du 1er mars, autorise les pharmaciens \u00e0 vacciner contre la Covid-19 quel que soit le type de vaccin utilis\u00e9.<\/p>\n<p><a href=\"http:\/\/www.ordre.pharmacien.fr\/Communications\/Les-actualites\/Campagne-de-vaccination-en-officine-contre-la-Covid-19\" target=\"_blank\" rel=\"noopener noreferrer\"><img loading=\"lazy\" decoding=\"async\" src=\"https:\/\/mcusercontent.com\/07e1c2e988d75c3f3beefa643\/images\/37702b04-2806-4e05-bd5f-e64eedfe39f3.png\" width=\"160\" height=\"37\" data-file-id=\"4773062\" \/><\/a><\/p>\n<p>Toutes les pharmacies ayant d\u00e9clar\u00e9 une activit\u00e9 vaccinale anti-grippale\u00a0\u00e0 l&#8217;ARS peuvent\u00a0vacciner contre la Covid-19. Une formation en distanciel suffit en compl\u00e9ment.<\/p>\n<p>Les pharmaciens form\u00e9s peuvent aussi pr\u00eater main forte aux centres de vaccination. La demande semble toutefois d\u00e9j\u00e0 satisfaite localement par les infirmiers\u00a0et m\u00e9decins lib\u00e9raux. Le Ministre\u00a0des Solidarit\u00e9s et de la\u00a0Sant\u00e9 a m\u00eame annonc\u00e9 mercredi soir que les \u00e9tudiants de 6\u00e8me ann\u00e9e de pharmacie pourraient \u00e9galement vacciner (les modalit\u00e9s \u00e0 confirmer\u00a0).<\/p>\n<p><strong>En revanche, nos officines ne pourront pas proposer la vaccination d\u00e8s le lundi 15 mars avec le vaccin d&#8217;AstraZeneca comme en m\u00e9tropole, en raison d&#8217;un doute persistant sur l&#8217;efficacit\u00e9 de ce vaccin sur le variant sud-africain du SARS-CoV-2<\/strong>\u00a0<strong>circulant en forte proportion dans notre \u00eele.\u00a0<\/strong><\/p>\n<p>Votre URPS et les repr\u00e9sentants de la profession travaillent actuellement \u00e0 un cahier des charges qui permettrait aux soignants de proximit\u00e9 de proposer le vaccin Comirnaty\u00b0 \u00e0 leurs patients.<\/p>\n<p>Nous vous consulterons sans tarder sur la base de ce cahier des charges pour recenser les pharmacies volontaires tant pour la vaccination que pour la d\u00e9livrance du vaccin Pfizer\/BioNTech. Les URPS m\u00e9decins et infirmiers feront de m\u00eame aupr\u00e8s de ces professionnels.<br \/>\nPlus t\u00f4t les pharmaciens pourront participer \u00e0 la vaccination en compl\u00e9ment des centres d\u00e9di\u00e9s, plus vite nous prot\u00e9gerons les publics les plus vuln\u00e9rables et notre syst\u00e8me de sant\u00e9.<br \/>\nEn attendant nous vous invitons \u00e0 nous signaler toute modification n\u00e9cessaire\u00a0dans l&#8217;annuaire des pharmacies ayant d\u00e9clar\u00e9 leur activit\u00e9 vaccinale lors de la derni\u00e8re campagne antigrippale.<br \/>\nSi votre pharmacie est pr\u00e9sente dans cet annuaire mais que vous ne souhaitez pas participer \u00e0 la vaccination contre la Covid-19, merci d&#8217;en informer votre URPS. Pour tout signalement r\u00e9pondre \u00e0 ce message ou \u00e9crire \u00e0 contact@urpspharma.re<\/p>\n<p><img loading=\"lazy\" decoding=\"async\" class=\"aligncenter wp-image-4576 size-full\" src=\"https:\/\/urpspharma.re\/wp-content\/uploads\/2021\/03\/bouton-inscription-annuaire-vaccination.png\" alt=\"\" width=\"762\" height=\"222\" srcset=\"https:\/\/urpspharma.re\/wp-content\/uploads\/2021\/03\/bouton-inscription-annuaire-vaccination.png 762w, https:\/\/urpspharma.re\/wp-content\/uploads\/2021\/03\/bouton-inscription-annuaire-vaccination-300x87.png 300w\" sizes=\"(max-width: 762px) 100vw, 762px\" \/><\/p>\n<\/div>\n<\/div>\n<p><a href=\"https:\/\/drive.google.com\/file\/d\/1TxUHxHRPtT1RHctswSkbW95ohGqQ2AHN\/view\" target=\"_blank\" rel=\"noopener noreferrer\">\u25baConsultez l&#8217;annuaire des pharmacies en cliquant ICI<\/a><\/p>\n","protected":false},"excerpt":{"rendered":"<p>Vaccination contre la Covid-19, feu vert pour les pharmacies&#8230;. mais pas encore \u00e0 La R\u00e9union. Le d\u00e9cret n\u00b0 2021-248 du 4 mars, pris apr\u00e8s l&#8217;avis de la HAS du 1er mars, autorise les pharmaciens \u00e0 vacciner contre la Covid-19 quel que soit le type de vaccin utilis\u00e9. Toutes les pharmacies ayant d\u00e9clar\u00e9 une activit\u00e9 vaccinale&hellip;<\/p>\n","protected":false},"author":3,"featured_media":0,"comment_status":"open","ping_status":"open","sticky":false,"template":"","format":"standard","meta":{"footnotes":""},"categories":[182],"tags":[466,467,464,465,239,91],"amp_enabled":true,"_links":{"self":[{"href":"https:\/\/urpspharma.re\/index.php?rest_route=\/wp\/v2\/posts\/4575"}],"collection":[{"href":"https:\/\/urpspharma.re\/index.php?rest_route=\/wp\/v2\/posts"}],"about":[{"href":"https:\/\/urpspharma.re\/index.php?rest_route=\/wp\/v2\/types\/post"}],"author":[{"embeddable":true,"href":"https:\/\/urpspharma.re\/index.php?rest_route=\/wp\/v2\/users\/3"}],"replies":[{"embeddable":true,"href":"https:\/\/urpspharma.re\/index.php?rest_route=%2Fwp%2Fv2%2Fcomments&post=4575"}],"version-history":[{"count":1,"href":"https:\/\/urpspharma.re\/index.php?rest_route=\/wp\/v2\/posts\/4575\/revisions"}],"predecessor-version":[{"id":4577,"href":"https:\/\/urpspharma.re\/index.php?rest_route=\/wp\/v2\/posts\/4575\/revisions\/4577"}],"wp:attachment":[{"href":"https:\/\/urpspharma.re\/index.php?rest_route=%2Fwp%2Fv2%2Fmedia&parent=4575"}],"wp:term":[{"taxonomy":"category","embeddable":true,"href":"https:\/\/urpspharma.re\/index.php?rest_route=%2Fwp%2Fv2%2Fcategories&post=4575"},{"taxonomy":"post_tag","embeddable":true,"href":"https:\/\/urpspharma.re\/index.php?rest_route=%2Fwp%2Fv2%2Ftags&post=4575"}],"curies":[{"name":"wp","href":"https:\/\/api.w.org\/{rel}","templated":true}]}}