{"id":4622,"date":"2021-04-02T10:51:03","date_gmt":"2021-04-02T06:51:03","guid":{"rendered":"https:\/\/urpspharma.re\/?p=4622"},"modified":"2021-05-03T10:58:05","modified_gmt":"2021-05-03T06:58:05","slug":"deploiement-progressif-de-la-vaccination-contre-la-covid-en-proximite","status":"publish","type":"post","link":"https:\/\/urpspharma.re\/?p=4622","title":{"rendered":"D\u00e9ploiement progressif de la vaccination contre la Covid en proximit\u00e9 !"},"content":{"rendered":"<h3 style=\"text-align: center;\">Semaine du 05 avril au 10 avril 2021<\/h3>\n<h4 class=\"mc-toc-title\"><span style=\"color: #3366cc;\">Exp\u00e9rimentation de la campagne vaccination anti-Covid-19 du 29 mars au 3 avril 2021<\/span><\/h4>\n<div style=\"text-align: justify;\">Cette phase test est lanc\u00e9e depuis ce lundi aupr\u00e8s de quelques professionnels comme annonc\u00e9 dans notre<a href=\"https:\/\/us8.campaign-archive.com\/?u=07e1c2e988d75c3f3beefa643&amp;id=7aaa015835\" target=\"_blank\" rel=\"noopener noreferrer\">\u00a0communication du 19 mars 2021<\/a>.<br \/>\nCette semaine exp\u00e9rimentale concerne 22 pharmacies et 32 m\u00e9decins g\u00e9n\u00e9ralistes r\u00e9partis sur le territoire.<br \/>\nUn retour des exp\u00e9rimentateurs est attendu\u00a0pour fin de semaine afin d&#8217;optimiser le d\u00e9poilement progressif\u00a0dans l&#8217;Ile pour la semaine du 5 avril.<\/div>\n<h4 class=\"mc-toc-title\"><span style=\"color: #3366cc;\">Semaine du 5 avril &#8211; Lancement de la vaccination et mise \u00e0 disposition du vaccin Pfizer Comirnaty\u00b0 dans 75\u00a0officines\u00a0<\/span><\/h4>\n<div style=\"text-align: justify;\">Le grossiste PHARMAR nous indique qu&#8217;il sera en mesure de livrer un maximum de 75\u00a0pharmacies pour la semaine du 5 avril.<br \/>\nPour \u00e9laborer la liste d\u00e9finitive des officines habilit\u00e9es \u00e0 commander le vaccin de Pfizer COMIRNATY\u00b0 le 2 avril, votre URPS priorise les crit\u00e8res suivants \u00e0 partir de vos r\u00e9ponses dans notre enqu\u00eate flash du 19 mars\u00a0:<br \/>\n&#8211; d\u00e9claration d&#8217;activit\u00e9 de vaccination,<br \/>\n&#8211; \u00e9quipement en sonde conform\u00e9ment au cahier des charges de l&#8217;ARS<br \/>\net pour une r\u00e9partition adapt\u00e9e des points de d\u00e9livrance sur le territoire, une liste de m\u00e9decins volontaires transmise par leurs repr\u00e9sentants a \u00e9t\u00e9 prise en compte.<br \/>\n\u25ba<a href=\"https:\/\/docs.google.com\/spreadsheets\/d\/1neOfboLb_nLAT5Kt-4-i_u6Qqka5-gZeDNzm4mFfeZY\/edit?usp=sharing\" target=\"_blank\" rel=\"noopener noreferrer\">Liste provisoire des pharmacies\u00a0habilit\u00e9es pour la semaine du 5 avril<\/a><\/p>\n<p>Cette liste sera compl\u00e9t\u00e9e ce jeudi et les pharmacies concern\u00e9es recevront dans la journ\u00e9e tous\u00a0les \u00e9l\u00e9ments d&#8217;information n\u00e9cessaires dont la liste officielle des m\u00e9decins volontaires. Elles devront pour chaque ordonnance re\u00e7ue, d\u00e9clarer \u00e0 l&#8217;URPS Pharmaciens l&#8217;identit\u00e9 du prescripteur d\u00e9sirant s&#8217;approvisionner en vaccin dans leur officine\u00a0<strong>avant vendredi 15h00.\u00a0<\/strong>Un lien vers un formulaire en ligne d\u00e9di\u00e9 sera communiqu\u00e9 demain.<br \/>\nPour\u00a0la semaine du 5 avril, ces pharmacies devront passer commande\u00a0<strong>avant samedi midi.<\/strong><br \/>\n<strong>D\u00e8s maintenant les pharmaciens vaccinateurs peuvent s&#8217;inscrire \u00e0 une s\u00e9ance de d\u00e9monstration de reconstitution en centre de vaccination. Pour y acc\u00e9der\u00a0<\/strong><strong><a href=\"https:\/\/forms.gle\/rwEqzbBGPKRZep249\" target=\"_blank\" rel=\"noopener noreferrer\">cliquez ICI<\/a><\/strong><br \/>\n<span style=\"color: #cc0000;\"><strong>Chaque professionnel (pharmacie ou m\u00e9decin) ne pourra\u00a0recevoir qu&#8217;1 flacon de vaccin pour la semaine. Attention, l&#8217;ARS doit encore nous confirmer si le nombre de doses disponibles sera suffisant.<\/strong><\/span><\/div>\n<h4 class=\"mc-toc-title\"><span style=\"color: #3366cc;\">Continuez \u00e0 d\u00e9clarer\u00a0votre candidature pour la suite du d\u00e9ploiement de la vaccination\u00a0!<\/span><\/h4>\n<div style=\"text-align: justify;\">Pour les semaines \u00e0 venir, l&#8217;objectif est d&#8217;\u00eatre en mesure d&#8217;approvisionner la totalit\u00e9 des\u00a0pharmacies qui le souhaitent et qui r\u00e9pondent au cahier des charges.<\/p>\n<p>Vous \u00eates invit\u00e9 \u00e0\u00a0consulter\u00a0les documents ci-dessous\u00a0avant de nous faire savoir tr\u00e8s vite \u00e0 quel niveau vous souhaitez vous impliquer.<\/p>\n<p><strong>\u25ba<a href=\"https:\/\/drive.google.com\/file\/d\/1v7-LNfsWpYSpsvMbpXbG9qZYuPtTNF7e\/view?usp=sharing\" target=\"_blank\" rel=\"noopener noreferrer\">Points cl\u00e9s du cahier des charges mis \u00e0 jour au 31\/03\/2021<\/a><\/strong><br \/>\n<strong>\u25ba<a href=\"https:\/\/drive.google.com\/file\/d\/1nUmcJ5BSY0jGIoVbnOnTgTpLdW6XUh-0\/view?usp=sharing\" target=\"_blank\" rel=\"noopener noreferrer\">Cahier des charges de l&#8217;ARS\u00a0<\/a><a href=\"https:\/\/drive.google.com\/file\/d\/1nUmcJ5BSY0jGIoVbnOnTgTpLdW6XUh-0\/view?usp=sharing\">au 21\/03\/2021<\/a><\/strong><br \/>\n<strong>\u25ba<a href=\"https:\/\/drive.google.com\/file\/d\/1fZMQlxPVWNDl-kWhGWawcLkZOQMlJ7Fa\/view?usp=sharing\" target=\"_blank\" rel=\"noopener noreferrer\">Questionnaire pr\u00e9vaccinal<\/a><\/strong><br \/>\n<strong>\u25ba<a href=\"https:\/\/drive.google.com\/file\/d\/1yqbkjVgsO59ZLuzrPrJxnp7p_0K0_D-P\/view?usp=sharing\" target=\"_blank\" rel=\"noopener noreferrer\">Derni\u00e8re liste d&#8217;\u00e9ligibilit\u00e9 transmise par l&#8217;ARS<\/a><\/strong><\/p>\n<p>Vous pouvez prendre connaissance du\u00a0<a href=\"https:\/\/drive.google.com\/file\/d\/1kNSZTh_BewhDLNjddsn4Ch_VIIvT4w4k\/view?usp=sharing\" target=\"_blank\" rel=\"noopener noreferrer\">courrier du Pr\u00e9sident de votre URPS<\/a>\u00a0adress\u00e9 \u00e0 l&#8217;ARS visant \u00e0 solliciter une aide exceptionnelle pour les officines. Nous avons le plaisir de vous annoncer que la Directrice G\u00e9n\u00e9rale nous a r\u00e9pondu favorablement par une proposition de remboursement des frais engag\u00e9s \u00e0 compter du 26 mars 2021 pour tout\u00a0 \u00e9quipement visant \u00e0 s\u00e9curiser la cha\u00eene du froid. Les modalit\u00e9s vous seront pr\u00e9cis\u00e9es ult\u00e9rieurement.<\/p>\n<h4><span style=\"color: #cc0000;\">Vaccinateur ou dispensateur ?<\/span><\/h4>\n<p><strong>&#8211; Si vous n&#8217;avez pas encore r\u00e9pondu, merci de nous indiquer \u00e0 quel niveau vous souhaitez vous impliquer dans la suite du d\u00e9ploiement,<\/strong><br \/>\n<strong>&#8211; Si vous avez chang\u00e9 d&#8217;avis depuis votre premi\u00e8re r\u00e9ponse ou que vous \u00eates dor\u00e9navant \u00e9quip\u00e9 merci de renseigner \u00e0 nouveau notre formulaire.<\/strong><\/p>\n<\/div>\n<p><a href=\"https:\/\/docs.google.com\/forms\/d\/e\/1FAIpQLScNBXCvK26nsh2aI6cYa0vqtAUap0fq5oxk4NqjVkoJsumvWw\/viewform\" target=\"_blank\" rel=\"noopener noreferrer\"><strong>\u25baRenseignez notre appel \u00e0 candidature en cliquant ICI<\/strong><\/a><\/p>\n","protected":false},"excerpt":{"rendered":"<p>Semaine du 05 avril au 10 avril 2021 Exp\u00e9rimentation de la campagne vaccination anti-Covid-19 du 29 mars au 3 avril 2021 Cette phase test est lanc\u00e9e depuis ce lundi aupr\u00e8s de quelques professionnels comme annonc\u00e9 dans notre\u00a0communication du 19 mars 2021. Cette semaine exp\u00e9rimentale concerne 22 pharmacies et 32 m\u00e9decins g\u00e9n\u00e9ralistes r\u00e9partis sur le territoire.&hellip;<\/p>\n","protected":false},"author":3,"featured_media":0,"comment_status":"open","ping_status":"open","sticky":false,"template":"","format":"standard","meta":{"footnotes":""},"categories":[182],"tags":[80,468,464,465,239,91,68],"amp_enabled":true,"_links":{"self":[{"href":"https:\/\/urpspharma.re\/index.php?rest_route=\/wp\/v2\/posts\/4622"}],"collection":[{"href":"https:\/\/urpspharma.re\/index.php?rest_route=\/wp\/v2\/posts"}],"about":[{"href":"https:\/\/urpspharma.re\/index.php?rest_route=\/wp\/v2\/types\/post"}],"author":[{"embeddable":true,"href":"https:\/\/urpspharma.re\/index.php?rest_route=\/wp\/v2\/users\/3"}],"replies":[{"embeddable":true,"href":"https:\/\/urpspharma.re\/index.php?rest_route=%2Fwp%2Fv2%2Fcomments&post=4622"}],"version-history":[{"count":2,"href":"https:\/\/urpspharma.re\/index.php?rest_route=\/wp\/v2\/posts\/4622\/revisions"}],"predecessor-version":[{"id":4624,"href":"https:\/\/urpspharma.re\/index.php?rest_route=\/wp\/v2\/posts\/4622\/revisions\/4624"}],"wp:attachment":[{"href":"https:\/\/urpspharma.re\/index.php?rest_route=%2Fwp%2Fv2%2Fmedia&parent=4622"}],"wp:term":[{"taxonomy":"category","embeddable":true,"href":"https:\/\/urpspharma.re\/index.php?rest_route=%2Fwp%2Fv2%2Fcategories&post=4622"},{"taxonomy":"post_tag","embeddable":true,"href":"https:\/\/urpspharma.re\/index.php?rest_route=%2Fwp%2Fv2%2Ftags&post=4622"}],"curies":[{"name":"wp","href":"https:\/\/api.w.org\/{rel}","templated":true}]}}