{"id":4632,"date":"2021-04-23T11:32:17","date_gmt":"2021-04-23T07:32:17","guid":{"rendered":"https:\/\/urpspharma.re\/?p=4632"},"modified":"2021-05-03T11:40:18","modified_gmt":"2021-05-03T07:40:18","slug":"bravo-succes-du-deploiement-de-la-vaccination-en-proximite","status":"publish","type":"post","link":"https:\/\/urpspharma.re\/?p=4632","title":{"rendered":"Bravo ! Succ\u00e8s du d\u00e9ploiement de la vaccination en proximit\u00e9 !"},"content":{"rendered":"<h3 style=\"text-align: center;\">Bravo aux pharmaciens volontaires !<\/h3>\n<div><strong>\u25ba La R\u00e9union, seule r\u00e9gion de France \u00e0 b\u00e9n\u00e9ficier du vaccin Pfizer en ville<br \/>\n\u25ba 172 pharmacies habilit\u00e9es \u00e0 d\u00e9livrer\u00a0et\/ou \u00e0 vacciner<br \/>\n\u25ba 410\u00a0m\u00e9decins volontaires vaccinateurs<br \/>\n\u25ba 1200 flacons pour les professionnels en ville pour la semaine du 26 avril, soit plus de 8000 vaccinations potentielles<\/strong><\/div>\n<h4 style=\"text-align: center;\">\nVotre engagement est d\u00e9terminant dans la course contre la montre pour une meilleure couverture vaccinale.<\/p>\n<p><strong>Restons mobilis\u00e9s !<\/strong><\/h4>\n<h4><\/h4>\n<h4 class=\"mc-toc-title\"><span style=\"color: #3366cc;\">Elargissement des crit\u00e8res d&#8217;\u00e9ligibilit\u00e9s aux personnes de +55 ans sans pathologies<\/span><\/h4>\n<p style=\"text-align: justify;\">Depuis le 22 avril 2021, les personnes de\u00a055 ans et plus (sans autres crit\u00e8res de pathologies) peuvent b\u00e9n\u00e9ficier de la vaccination en officine,\u00a0en cabinet ou en centre.<br \/>\nPour ce public, le centre de vaccination de Pierrefonds g\u00e8re une priorisation pour les professionnels les plus expos\u00e9s en prenant\u00a0rendez-vous par t\u00e9l\u00e9phone au 02 62 72 04 04 (de 8h \u00e0 17h).<br \/>\n\u25ba\u00a0<a href=\"https:\/\/www.lareunion.ars.sante.fr\/covid-19-ou-et-comment-se-faire-vacciner\" target=\"_blank\" rel=\"noopener noreferrer\">Liste d&#8217;\u00e9ligibilit\u00e9 accessible sur le site de l&#8217;ARS<\/a><\/p>\n<h2 class=\"mc-toc-title\"><span style=\"color: #3366cc;\">Bient\u00f4t\u00a0 1 nouveau vaccin disponible \u00e0 La R\u00e9union<\/span><\/h2>\n<p style=\"text-align: justify;\">D\u00e8s la semaine du 3 mai, les vaccinateurs, dont les infirmiers, devraient disposer du vaccin du laboratoire\u00a0Janssen\u00ae\u00a0qui n\u00e9cessite qu&#8217;une seule injection.\u00a0Plus souple d&#8217;utilisation, les modalit\u00e9s de commande de ce vaccin vous seront pr\u00e9cis\u00e9es ult\u00e9rieurement.<\/p>\n<h4 class=\"mc-toc-title\"><span style=\"color: #3366cc;\">Vaccination et mise \u00e0 disposition du vaccin Pfizer Comirnaty\u00b0\u00a0<\/span><\/h4>\n<div style=\"text-align: justify;\">Au 19\u00a0avril , 172\u00a0officines ont \u00e9t\u00e9 habilit\u00e9es \u00e0 commander le vaccin de Pfizer COMIRNATY\u00b0 d\u00e8s ce mercredi 21\u00a0avril jusqu&#8217;au vendredi 23\u00a0avril \u00e0 midi, car elles sont en mesure de respecter le cahier des charges de l&#8217;ARS.<br \/>\nCes pharmacies ont re\u00e7u\u00a0tous les renseignements utiles concernant leurs suivi de commande et le planning de livraison depuis hier.<\/div>\n<div style=\"text-align: justify;\">\n<p>L&#8217;int\u00e9gration des nouvelles pharmacies inscrites apr\u00e8s le 19 avril ne pourra se faire que pour les commandes \u00e0 compter du 5 mai. Il est encore temps de faire acte de candidature en remplissant notre formulaire ci-dessous si ce n&#8217;est d\u00e9j\u00e0 fait.<br \/>\nEn attendant, merci d&#8217;orienter les m\u00e9decins volontaires vers la pharmacie habilit\u00e9e la plus proche, et d&#8217;inviter vos patients \u00e0 se rendre en centre de vaccination.<\/p>\n<h4><span style=\"color: #cc0000;\">Vaccinateur ou dispensateur ?<\/span><\/h4>\n<p><strong>&#8211; Si vous n&#8217;avez pas encore r\u00e9pondu, merci de nous indiquer \u00e0 quel niveau vous souhaitez vous impliquer dans la suite du d\u00e9ploiement,<\/strong><br \/>\n<strong>&#8211; Si vous avez chang\u00e9 d&#8217;avis depuis votre premi\u00e8re r\u00e9ponse ou que vous \u00eates dor\u00e9navant \u00e9quip\u00e9 merci de renseigner \u00e0 nouveau notre formulaire.<\/strong><\/p>\n<\/div>\n<p><a href=\"https:\/\/docs.google.com\/forms\/d\/e\/1FAIpQLScNBXCvK26nsh2aI6cYa0vqtAUap0fq5oxk4NqjVkoJsumvWw\/viewform\" target=\"_blank\" rel=\"noopener noreferrer\"><strong>\u25baRenseignez notre appel \u00e0 candidature en cliquant ICI<\/strong><\/a><\/p>\n<h4 class=\"mc-toc-title\"><span style=\"color: #3366cc;\">Autotests en vente en pharmacie<\/span><\/h4>\n<p style=\"text-align: justify;\">Disponibles en vente libre en pharmacie depuis le 12 avril 2021 en m\u00e9tropole, les autotests viennent compl\u00e9ter le dispositif de test bas\u00e9 sur les RT-PCR et les tests antig\u00e9niques r\u00e9alis\u00e9s par les professionnels de sant\u00e9.<br \/>\nPour La R\u00e9union,\u00a0 les autotests seront bient\u00f4t disponibles en pharmacies.<\/p>\n<p><a href=\"https:\/\/www.ameli.fr\/la-reunion\/assure\/actualites\/les-autotests-en-vente-en-pharmacie-mode-demploi\" target=\"_blank\" rel=\"noopener noreferrer\">\u25ba D\u00e9tails sur ameli.fr\u00a0en cliquant ICI<\/a><\/p>\n","protected":false},"excerpt":{"rendered":"<p>Bravo aux pharmaciens volontaires ! \u25ba La R\u00e9union, seule r\u00e9gion de France \u00e0 b\u00e9n\u00e9ficier du vaccin Pfizer en ville \u25ba 172 pharmacies habilit\u00e9es \u00e0 d\u00e9livrer\u00a0et\/ou \u00e0 vacciner \u25ba 410\u00a0m\u00e9decins volontaires vaccinateurs \u25ba 1200 flacons pour les professionnels en ville pour la semaine du 26 avril, soit plus de 8000 vaccinations potentielles Votre engagement est d\u00e9terminant&hellip;<\/p>\n","protected":false},"author":3,"featured_media":0,"comment_status":"open","ping_status":"open","sticky":false,"template":"","format":"standard","meta":{"footnotes":""},"categories":[182],"tags":[472,80,471,464,465,239,91,68],"amp_enabled":true,"_links":{"self":[{"href":"https:\/\/urpspharma.re\/index.php?rest_route=\/wp\/v2\/posts\/4632"}],"collection":[{"href":"https:\/\/urpspharma.re\/index.php?rest_route=\/wp\/v2\/posts"}],"about":[{"href":"https:\/\/urpspharma.re\/index.php?rest_route=\/wp\/v2\/types\/post"}],"author":[{"embeddable":true,"href":"https:\/\/urpspharma.re\/index.php?rest_route=\/wp\/v2\/users\/3"}],"replies":[{"embeddable":true,"href":"https:\/\/urpspharma.re\/index.php?rest_route=%2Fwp%2Fv2%2Fcomments&post=4632"}],"version-history":[{"count":1,"href":"https:\/\/urpspharma.re\/index.php?rest_route=\/wp\/v2\/posts\/4632\/revisions"}],"predecessor-version":[{"id":4633,"href":"https:\/\/urpspharma.re\/index.php?rest_route=\/wp\/v2\/posts\/4632\/revisions\/4633"}],"wp:attachment":[{"href":"https:\/\/urpspharma.re\/index.php?rest_route=%2Fwp%2Fv2%2Fmedia&parent=4632"}],"wp:term":[{"taxonomy":"category","embeddable":true,"href":"https:\/\/urpspharma.re\/index.php?rest_route=%2Fwp%2Fv2%2Fcategories&post=4632"},{"taxonomy":"post_tag","embeddable":true,"href":"https:\/\/urpspharma.re\/index.php?rest_route=%2Fwp%2Fv2%2Ftags&post=4632"}],"curies":[{"name":"wp","href":"https:\/\/api.w.org\/{rel}","templated":true}]}}