{"id":4675,"date":"2021-05-11T14:52:40","date_gmt":"2021-05-11T10:52:40","guid":{"rendered":"https:\/\/urpspharma.re\/?p=4675"},"modified":"2021-06-08T14:55:23","modified_gmt":"2021-06-08T10:55:23","slug":"15-000-doses-du-vaccin-janssen-disponibles-a-la-reunion","status":"publish","type":"post","link":"https:\/\/urpspharma.re\/?p=4675","title":{"rendered":"15 000 doses du vaccin Janssen disponibles \u00e0 La R\u00e9union"},"content":{"rendered":"<h2 class=\"mc-toc-title\" style=\"text-align: center;\"><span style=\"color: #000000;\">Les infirmiers en renfort !<\/span><\/h2>\n<div style=\"text-align: justify;\">D\u00e8s ce lundi 10 mai,\u00a0les pharmacies pourront passer commande du vaccin Janssen aupr\u00e8s de leur grossiste principal, que ce soit pour leur propre usage de vaccinateur, ou pour les besoins\u00a0des m\u00e9decins ou infirmiers rattach\u00e9s \u00e0 l&#8217;officine. Ces professionnels pourront vous passer commande pour leur usage professionnel sur\u00a0simple ordonnance.<\/div>\n<div style=\"text-align: justify;\">\nLes modalit\u00e9s de commande pour\u00a0ce vaccin vous seront communiqu\u00e9es par votre grossiste.<\/div>\n<div style=\"text-align: justify;\">\n<strong>Attention : Pour ce vaccin, aucune liste URPS d&#8217;habilitation n&#8217;est pr\u00e9vue, ni de liste officielle de m\u00e9decins ou d&#8217;infirmiers.\u00a0En revanche, par votre commande vous vous engagez\u00a0\u00e0 respecter\u00a0le cahier des charges sp\u00e9cifique \u00e0 ce vaccin JANSSEN qui impose l&#8217;utilisation d&#8217;une sonde enregistreuse de temp\u00e9rature.\u00a0<\/strong><\/p>\n<p>Nous vous\u00a0invitons \u00e0 prendre connaissance du cahier des charges ci-apr\u00e8s.<\/p><\/div>\n<div><a href=\"https:\/\/drive.google.com\/file\/d\/1KwNY5lHntrvX7Hedk5HxjH20-Rd2rmw3\/view?usp=sharing\" target=\"_blank\" rel=\"noopener noreferrer\">\u25ba Cahiers des charges JANSSEN en cliquant ICI<\/a><br \/>\n<a href=\"https:\/\/www.has-sante.fr\/jcms\/p_3260321\/fr\/strategie-vaccinale-contre-la-covid-19-impact-potentiel-de-la-circulation-des-variants-du-sars-cov-2-sur-la-strategie\" target=\"_blank\" rel=\"noopener noreferrer\">\u25ba Recommandation vaccinale HAS en cliquant ICI<\/a><\/div>\n<p><a href=\"https:\/\/www.lareunion.ars.sante.fr\/covid-19-ou-et-comment-se-faire-vacciner\" target=\"_blank\" rel=\"noopener noreferrer\">\u25ba Liste d&#8217;\u00e9ligibilit\u00e9 accessible sur le site de l&#8217;ARS<\/a><\/p>\n","protected":false},"excerpt":{"rendered":"<p>Les infirmiers en renfort ! D\u00e8s ce lundi 10 mai,\u00a0les pharmacies pourront passer commande du vaccin Janssen aupr\u00e8s de leur grossiste principal, que ce soit pour leur propre usage de vaccinateur, ou pour les besoins\u00a0des m\u00e9decins ou infirmiers rattach\u00e9s \u00e0 l&#8217;officine. Ces professionnels pourront vous passer commande pour leur usage professionnel sur\u00a0simple ordonnance. Les modalit\u00e9s&hellip;<\/p>\n","protected":false},"author":3,"featured_media":0,"comment_status":"open","ping_status":"open","sticky":false,"template":"","format":"standard","meta":{"footnotes":""},"categories":[182],"tags":[80,475,476,239,91,68],"amp_enabled":true,"_links":{"self":[{"href":"https:\/\/urpspharma.re\/index.php?rest_route=\/wp\/v2\/posts\/4675"}],"collection":[{"href":"https:\/\/urpspharma.re\/index.php?rest_route=\/wp\/v2\/posts"}],"about":[{"href":"https:\/\/urpspharma.re\/index.php?rest_route=\/wp\/v2\/types\/post"}],"author":[{"embeddable":true,"href":"https:\/\/urpspharma.re\/index.php?rest_route=\/wp\/v2\/users\/3"}],"replies":[{"embeddable":true,"href":"https:\/\/urpspharma.re\/index.php?rest_route=%2Fwp%2Fv2%2Fcomments&post=4675"}],"version-history":[{"count":1,"href":"https:\/\/urpspharma.re\/index.php?rest_route=\/wp\/v2\/posts\/4675\/revisions"}],"predecessor-version":[{"id":4676,"href":"https:\/\/urpspharma.re\/index.php?rest_route=\/wp\/v2\/posts\/4675\/revisions\/4676"}],"wp:attachment":[{"href":"https:\/\/urpspharma.re\/index.php?rest_route=%2Fwp%2Fv2%2Fmedia&parent=4675"}],"wp:term":[{"taxonomy":"category","embeddable":true,"href":"https:\/\/urpspharma.re\/index.php?rest_route=%2Fwp%2Fv2%2Fcategories&post=4675"},{"taxonomy":"post_tag","embeddable":true,"href":"https:\/\/urpspharma.re\/index.php?rest_route=%2Fwp%2Fv2%2Ftags&post=4675"}],"curies":[{"name":"wp","href":"https:\/\/api.w.org\/{rel}","templated":true}]}}