{"id":4677,"date":"2021-06-03T14:59:26","date_gmt":"2021-06-03T10:59:26","guid":{"rendered":"https:\/\/urpspharma.re\/?p=4677"},"modified":"2021-06-08T15:02:48","modified_gmt":"2021-06-08T11:02:48","slug":"felicitations-a-vos-nouveaux-elus","status":"publish","type":"post","link":"https:\/\/urpspharma.re\/?p=4677","title":{"rendered":"F\u00e9licitations \u00e0 vos nouveaux \u00e9lus"},"content":{"rendered":"<h3 style=\"text-align: center;\"><span style=\"color: #000000;\">Assembl\u00e9e G\u00e9n\u00e9rale constitutive le 4 juin 2021<\/span><\/h3>\n<div>\n<div><\/div>\n<\/div>\n<div>\n<div>\n<div><span style=\"color: #000000;\">Vos nouveaux \u00e9lus se r\u00e9uniront pour la premi\u00e8re fois \u00e0 l\u2019occasion d\u2019une Assembl\u00e9e G\u00e9n\u00e9rale constitutive le 4 juin 2021.<\/span><br \/>\n<span style=\"color: #000000;\">A cette occasion, ils \u00e9lieront le ou la pr\u00e9sident(e) ainsi que les autres membres du bureau.<\/span><\/div>\n<\/div>\n<\/div>\n<div><\/div>\n<div><img loading=\"lazy\" decoding=\"async\" class=\"aligncenter wp-image-4678 size-large\" src=\"https:\/\/urpspharma.re\/wp-content\/uploads\/2021\/06\/LES-6-MEMBRES-DE-LURPS-2021-1024x231.png\" alt=\"\" width=\"1024\" height=\"231\" srcset=\"https:\/\/urpspharma.re\/wp-content\/uploads\/2021\/06\/LES-6-MEMBRES-DE-LURPS-2021-1024x231.png 1024w, https:\/\/urpspharma.re\/wp-content\/uploads\/2021\/06\/LES-6-MEMBRES-DE-LURPS-2021-300x68.png 300w, https:\/\/urpspharma.re\/wp-content\/uploads\/2021\/06\/LES-6-MEMBRES-DE-LURPS-2021-768x173.png 768w, https:\/\/urpspharma.re\/wp-content\/uploads\/2021\/06\/LES-6-MEMBRES-DE-LURPS-2021.png 1435w\" sizes=\"(max-width: 1024px) 100vw, 1024px\" \/><\/div>\n<p><a class=\"mcnButton \" title=\"\u25ba Cliquer-ici pour \u00e9couter le message de M. Eric CADET aux pharmaciens de La R\u00e9union\" href=\"https:\/\/mcusercontent.com\/07e1c2e988d75c3f3beefa643\/files\/2b2d94ce-aa89-3370-683c-d68f116a20e3\/message_du_Pr%C3%A9sident_de_l_URPS_pharmaciens_du_3_juin_2021_1_.mp3\" target=\"_blank\" rel=\"noopener noreferrer\">\u25ba Cliquer-ici pour \u00e9couter le message de M. Eric CADET aux pharmaciens de La R\u00e9union<\/a><\/p>\n<p style=\"text-align: justify;\">\n","protected":false},"excerpt":{"rendered":"<p>Assembl\u00e9e G\u00e9n\u00e9rale constitutive le 4 juin 2021 Vos nouveaux \u00e9lus se r\u00e9uniront pour la premi\u00e8re fois \u00e0 l\u2019occasion d\u2019une Assembl\u00e9e G\u00e9n\u00e9rale constitutive le 4 juin 2021. A cette occasion, ils \u00e9lieront le ou la pr\u00e9sident(e) ainsi que les autres membres du bureau. \u25ba Cliquer-ici pour \u00e9couter le message de M. Eric CADET aux pharmaciens de&hellip;<\/p>\n","protected":false},"author":3,"featured_media":0,"comment_status":"open","ping_status":"open","sticky":false,"template":"","format":"standard","meta":{"footnotes":""},"categories":[182],"tags":[477,473,478,239],"amp_enabled":true,"_links":{"self":[{"href":"https:\/\/urpspharma.re\/index.php?rest_route=\/wp\/v2\/posts\/4677"}],"collection":[{"href":"https:\/\/urpspharma.re\/index.php?rest_route=\/wp\/v2\/posts"}],"about":[{"href":"https:\/\/urpspharma.re\/index.php?rest_route=\/wp\/v2\/types\/post"}],"author":[{"embeddable":true,"href":"https:\/\/urpspharma.re\/index.php?rest_route=\/wp\/v2\/users\/3"}],"replies":[{"embeddable":true,"href":"https:\/\/urpspharma.re\/index.php?rest_route=%2Fwp%2Fv2%2Fcomments&post=4677"}],"version-history":[{"count":1,"href":"https:\/\/urpspharma.re\/index.php?rest_route=\/wp\/v2\/posts\/4677\/revisions"}],"predecessor-version":[{"id":4679,"href":"https:\/\/urpspharma.re\/index.php?rest_route=\/wp\/v2\/posts\/4677\/revisions\/4679"}],"wp:attachment":[{"href":"https:\/\/urpspharma.re\/index.php?rest_route=%2Fwp%2Fv2%2Fmedia&parent=4677"}],"wp:term":[{"taxonomy":"category","embeddable":true,"href":"https:\/\/urpspharma.re\/index.php?rest_route=%2Fwp%2Fv2%2Fcategories&post=4677"},{"taxonomy":"post_tag","embeddable":true,"href":"https:\/\/urpspharma.re\/index.php?rest_route=%2Fwp%2Fv2%2Ftags&post=4677"}],"curies":[{"name":"wp","href":"https:\/\/api.w.org\/{rel}","templated":true}]}}