{"id":4685,"date":"2021-06-09T16:39:43","date_gmt":"2021-06-09T12:39:43","guid":{"rendered":"https:\/\/urpspharma.re\/?p=4685"},"modified":"2021-06-09T16:39:45","modified_gmt":"2021-06-09T12:39:45","slug":"urps-pharmaciens-nouveau-bureau","status":"publish","type":"post","link":"https:\/\/urpspharma.re\/?p=4685","title":{"rendered":"URPS Pharmaciens : nouveau bureau"},"content":{"rendered":"<h1 class=\"null\" style=\"text-align: center;\">Composition de l&#8217;URPS Pharmaciens<\/h1>\n<div>\n<div><\/div>\n<\/div>\n<div><strong>Le nouveau bureau de l\u2019URPS mixte a \u00e9t\u00e9 \u00e9lu \u00e0 l\u2019unanimit\u00e9 suite \u00e0 n<\/strong><strong>otre assembl\u00e9e g\u00e9n\u00e9rale ordinaire du 4 juin 2021 \u00e0 Saint Paul.<\/strong><\/div>\n<div><\/div>\n<h3 style=\"text-align: center;\">\u25bc Bureau \u25bc<\/h3>\n<div><img loading=\"lazy\" decoding=\"async\" class=\"aligncenter wp-image-4686 size-large\" src=\"https:\/\/urpspharma.re\/wp-content\/uploads\/2021\/06\/BUREAU-URPS-2021-1024x374.png\" alt=\"\" width=\"1024\" height=\"374\" srcset=\"https:\/\/urpspharma.re\/wp-content\/uploads\/2021\/06\/BUREAU-URPS-2021-1024x374.png 1024w, https:\/\/urpspharma.re\/wp-content\/uploads\/2021\/06\/BUREAU-URPS-2021-300x110.png 300w, https:\/\/urpspharma.re\/wp-content\/uploads\/2021\/06\/BUREAU-URPS-2021-768x280.png 768w, https:\/\/urpspharma.re\/wp-content\/uploads\/2021\/06\/BUREAU-URPS-2021.png 1400w\" sizes=\"(max-width: 1024px) 100vw, 1024px\" \/><\/div>\n<div><\/div>\n<h3 style=\"text-align: center;\"><strong>\u25bc Commission de contr\u00f4le \u25bc<\/strong><\/h3>\n<div><img loading=\"lazy\" decoding=\"async\" class=\"aligncenter wp-image-4687 size-large\" src=\"https:\/\/urpspharma.re\/wp-content\/uploads\/2021\/06\/COMMISSION-DE-CONTROLE-2021-1024x380.png\" alt=\"\" width=\"1024\" height=\"380\" srcset=\"https:\/\/urpspharma.re\/wp-content\/uploads\/2021\/06\/COMMISSION-DE-CONTROLE-2021-1024x380.png 1024w, https:\/\/urpspharma.re\/wp-content\/uploads\/2021\/06\/COMMISSION-DE-CONTROLE-2021-300x111.png 300w, https:\/\/urpspharma.re\/wp-content\/uploads\/2021\/06\/COMMISSION-DE-CONTROLE-2021-768x285.png 768w, https:\/\/urpspharma.re\/wp-content\/uploads\/2021\/06\/COMMISSION-DE-CONTROLE-2021.png 1400w\" sizes=\"(max-width: 1024px) 100vw, 1024px\" \/><\/div>\n<p style=\"text-align: justify;\">\n","protected":false},"excerpt":{"rendered":"<p>Composition de l&#8217;URPS Pharmaciens Le nouveau bureau de l\u2019URPS mixte a \u00e9t\u00e9 \u00e9lu \u00e0 l\u2019unanimit\u00e9 suite \u00e0 notre assembl\u00e9e g\u00e9n\u00e9rale ordinaire du 4 juin 2021 \u00e0 Saint Paul. \u25bc Bureau \u25bc \u25bc Commission de contr\u00f4le \u25bc<\/p>\n","protected":false},"author":3,"featured_media":0,"comment_status":"open","ping_status":"open","sticky":false,"template":"","format":"standard","meta":{"footnotes":""},"categories":[182],"tags":[477,473,479,239],"amp_enabled":true,"_links":{"self":[{"href":"https:\/\/urpspharma.re\/index.php?rest_route=\/wp\/v2\/posts\/4685"}],"collection":[{"href":"https:\/\/urpspharma.re\/index.php?rest_route=\/wp\/v2\/posts"}],"about":[{"href":"https:\/\/urpspharma.re\/index.php?rest_route=\/wp\/v2\/types\/post"}],"author":[{"embeddable":true,"href":"https:\/\/urpspharma.re\/index.php?rest_route=\/wp\/v2\/users\/3"}],"replies":[{"embeddable":true,"href":"https:\/\/urpspharma.re\/index.php?rest_route=%2Fwp%2Fv2%2Fcomments&post=4685"}],"version-history":[{"count":1,"href":"https:\/\/urpspharma.re\/index.php?rest_route=\/wp\/v2\/posts\/4685\/revisions"}],"predecessor-version":[{"id":4688,"href":"https:\/\/urpspharma.re\/index.php?rest_route=\/wp\/v2\/posts\/4685\/revisions\/4688"}],"wp:attachment":[{"href":"https:\/\/urpspharma.re\/index.php?rest_route=%2Fwp%2Fv2%2Fmedia&parent=4685"}],"wp:term":[{"taxonomy":"category","embeddable":true,"href":"https:\/\/urpspharma.re\/index.php?rest_route=%2Fwp%2Fv2%2Fcategories&post=4685"},{"taxonomy":"post_tag","embeddable":true,"href":"https:\/\/urpspharma.re\/index.php?rest_route=%2Fwp%2Fv2%2Ftags&post=4685"}],"curies":[{"name":"wp","href":"https:\/\/api.w.org\/{rel}","templated":true}]}}