{"id":4744,"date":"2021-09-15T13:51:41","date_gmt":"2021-09-15T09:51:41","guid":{"rendered":"https:\/\/urpspharma.re\/?p=4744"},"modified":"2021-09-29T09:27:31","modified_gmt":"2021-09-29T05:27:31","slug":"dastri-les-territoires-ont-la-parole-2021","status":"publish","type":"post","link":"https:\/\/urpspharma.re\/?p=4744","title":{"rendered":"Dastri : Les territoires ont la parole 2021"},"content":{"rendered":"<h3 style=\"text-align: center;\"><strong>Rendez-vous annuel,&nbsp;\u00ab&nbsp;les territoires ont la parole&nbsp;\u00bb le lundi 27 septembre 2021<\/strong><\/h3>\n<div style=\"text-align: justify;\">Depuis plusieurs ann\u00e9es, DASTRI a institutionnalis\u00e9 un rendez-vous annuel,&nbsp;<strong>\u00ab&nbsp;les territoires ont la parole&nbsp;\u00bb,<\/strong>&nbsp;avec l\u2019ensemble des parties prenantes, au plus pr\u00e8s des territoires.<\/p>\n<p>Objectif : faire le point sur le fonctionnement de la fili\u00e8re et identifier les actions \u00e0 mener sur les diff\u00e9rents territoires.<\/p>\n<\/div>\n<h4 style=\"text-align: center;\"><strong><em>Le 27 septembre 2021<\/em><br \/>\nde 10h \u00e0 12h00<\/strong><br \/>\n<strong><em>Dans les locaux de l\u2019ARS de La R\u00e9union<\/em><\/strong><br \/>\n<em>2 bis, Avenue Georges Brassens 97743 Saint Denis<\/em><br \/>\n<em>Salle de conf\u00e9rence<\/em><\/h4>\n<p style=\"text-align: justify;\"><strong>Nous vous invitons d\u00e8s pr\u00e9sent \u00e0 vous inscrire via le&nbsp;<a href=\"https:\/\/www.dastri.fr\/reunions-regionales-tolp\/inscriptions-tolp\/\" target=\"_blank\" rel=\"noopener noreferrer\">formulaire en cliquant ICI<\/a><\/strong><br \/>\nAttention : Nombre de places limit\u00e9es<\/p>\n<p><strong>Il sera \u00e9galement possible de suivre cette r\u00e9union par webconf\u00e9rence<\/strong>&nbsp;\u00e0 l\u2019adresse suivante :&nbsp;<a href=\"https:\/\/meet.starleaf.com\/4272634320\/app\">https:\/\/meet.starleaf.com\/4272634320\/app<\/a><\/p>\n<p>Pour plus d\u2019information rendez-vous&nbsp;sur le site&nbsp;<a href=\"https:\/\/www.dastri.fr\/reunions-regionales-tolp\/tour-de-france-dastri-la-reunion\/\" target=\"_blank\" rel=\"noopener noreferrer\">dastri<\/a><\/p>\n","protected":false},"excerpt":{"rendered":"<p>Rendez-vous annuel,&nbsp;\u00ab&nbsp;les territoires ont la parole&nbsp;\u00bb le lundi 27 septembre 2021 Depuis plusieurs ann\u00e9es, DASTRI a institutionnalis\u00e9 un rendez-vous annuel,&nbsp;\u00ab&nbsp;les territoires ont la parole&nbsp;\u00bb,&nbsp;avec l\u2019ensemble des parties prenantes, au plus pr\u00e8s des territoires. Objectif : faire le point sur le fonctionnement de la fili\u00e8re et identifier les actions \u00e0 mener sur les diff\u00e9rents territoires. Le&hellip;<\/p>\n","protected":false},"author":3,"featured_media":0,"comment_status":"open","ping_status":"open","sticky":false,"template":"","format":"standard","meta":{"footnotes":""},"categories":[182],"tags":[490,489,239],"amp_enabled":true,"_links":{"self":[{"href":"https:\/\/urpspharma.re\/index.php?rest_route=\/wp\/v2\/posts\/4744"}],"collection":[{"href":"https:\/\/urpspharma.re\/index.php?rest_route=\/wp\/v2\/posts"}],"about":[{"href":"https:\/\/urpspharma.re\/index.php?rest_route=\/wp\/v2\/types\/post"}],"author":[{"embeddable":true,"href":"https:\/\/urpspharma.re\/index.php?rest_route=\/wp\/v2\/users\/3"}],"replies":[{"embeddable":true,"href":"https:\/\/urpspharma.re\/index.php?rest_route=%2Fwp%2Fv2%2Fcomments&post=4744"}],"version-history":[{"count":2,"href":"https:\/\/urpspharma.re\/index.php?rest_route=\/wp\/v2\/posts\/4744\/revisions"}],"predecessor-version":[{"id":4782,"href":"https:\/\/urpspharma.re\/index.php?rest_route=\/wp\/v2\/posts\/4744\/revisions\/4782"}],"wp:attachment":[{"href":"https:\/\/urpspharma.re\/index.php?rest_route=%2Fwp%2Fv2%2Fmedia&parent=4744"}],"wp:term":[{"taxonomy":"category","embeddable":true,"href":"https:\/\/urpspharma.re\/index.php?rest_route=%2Fwp%2Fv2%2Fcategories&post=4744"},{"taxonomy":"post_tag","embeddable":true,"href":"https:\/\/urpspharma.re\/index.php?rest_route=%2Fwp%2Fv2%2Ftags&post=4744"}],"curies":[{"name":"wp","href":"https:\/\/api.w.org\/{rel}","templated":true}]}}