{"id":4755,"date":"2021-09-06T17:12:30","date_gmt":"2021-09-06T13:12:30","guid":{"rendered":"https:\/\/urpspharma.re\/?p=4755"},"modified":"2021-09-29T09:26:29","modified_gmt":"2021-09-29T05:26:29","slug":"covid-19-rappel-de-la-vaccination","status":"publish","type":"post","link":"https:\/\/urpspharma.re\/?p=4755","title":{"rendered":"Covid-19 : Rappel de la vaccination"},"content":{"rendered":"<h1 class=\"m_-5861047077001017228default-heading1\" style=\"text-align: center;\"><strong>Lancement de la campagne de rappel vaccinal contre la covid-19 aux populations \u00e9ligibles<\/strong><\/h1>\n<div><\/div>\n<p>&#8211; Les r\u00e9sidents des EHPAD et des USLD ;<br \/>\n&#8211; Les personnes de plus de 65 ans ;<br \/>\n&#8211;&nbsp;Les personnes \u00e0 tr\u00e8s haut risque de forme grave2 ;<br \/>\n&#8211; Les personnes pr\u00e9sentant des pathologies facteurs de risque de forme grave<br \/>\n&#8211; Les personnes s\u00e9v\u00e8rement immunod\u00e9prim\u00e9es ;<br \/>\n&#8211; Les personnes ayant re\u00e7u le vaccin Covid-19 Janssen.<\/p>\n<div>La prise de rendez-vous pour une dose de rappel est ouverte \u00e0 ces cat\u00e9gories de population depuis le 30 ao\u00fbt avec un d\u00e9marrage des injections d\u00e8s le 1er septembre&nbsp;<strong>en ville comme en centre de vaccination.<\/strong><\/div>\n<div><\/div>\n<div><span style=\"color: #cc0000;\">Attention :<\/span><br \/>\n<span style=\"color: #cc0000;\">La dose de rappel peut \u00eatre trac\u00e9e d\u00e8s maintenant en choisissant&nbsp;\u00ab &nbsp;autre vaccination \u00bb dans la base de donn\u00e9es ameli en attendant le 14 ou l\u2019onglet \u00ab &nbsp;rappel \u00bb appara\u00eetra. Cela permettra \u00e9galement de conserver le m\u00eame QR code.<\/span><br \/>\n<span style=\"color: #cc0000;\">L&#8217;int\u00e9gration de ces changements dans le syst\u00e8me d&#8217;information &#8220;Vaccin Covid&#8221; sera op\u00e9rationnelle qu&#8217;\u00e0 partir du 14 septembre 2021.&nbsp;<\/span><\/div>\n<p><a href=\"http:\/\/www.ordre.pharmacien.fr\/Communications\/Les-actualites\/Lancement-de-la-campagne-de-rappel-vaccinal-contre-la-COVID-19-pour-les-populations-prioritaires\" target=\"_blank\" rel=\"noopener noreferrer\">Communiqu\u00e9 de l&#8217;ordre des pharmaciens du 28 ao\u00fbt 2021<\/a><br \/>\n<a href=\"https:\/\/solidarites-sante.gouv.fr\/IMG\/pdf\/dgs_urgent_90_rappel_vaccinal.pdf\" target=\"_blank\" rel=\"noopener noreferrer\">DGS-URGENT N\u00b02021-90&nbsp;<\/a><\/p>\n<p style=\"text-align: justify;\">\n","protected":false},"excerpt":{"rendered":"<p>Lancement de la campagne de rappel vaccinal contre la covid-19 aux populations \u00e9ligibles &#8211; Les r\u00e9sidents des EHPAD et des USLD ; &#8211; Les personnes de plus de 65 ans ; &#8211;&nbsp;Les personnes \u00e0 tr\u00e8s haut risque de forme grave2 ; &#8211; Les personnes pr\u00e9sentant des pathologies facteurs de risque de forme grave &#8211; Les&hellip;<\/p>\n","protected":false},"author":3,"featured_media":0,"comment_status":"open","ping_status":"open","sticky":false,"template":"","format":"standard","meta":{"footnotes":""},"categories":[182],"tags":[488,239],"amp_enabled":true,"_links":{"self":[{"href":"https:\/\/urpspharma.re\/index.php?rest_route=\/wp\/v2\/posts\/4755"}],"collection":[{"href":"https:\/\/urpspharma.re\/index.php?rest_route=\/wp\/v2\/posts"}],"about":[{"href":"https:\/\/urpspharma.re\/index.php?rest_route=\/wp\/v2\/types\/post"}],"author":[{"embeddable":true,"href":"https:\/\/urpspharma.re\/index.php?rest_route=\/wp\/v2\/users\/3"}],"replies":[{"embeddable":true,"href":"https:\/\/urpspharma.re\/index.php?rest_route=%2Fwp%2Fv2%2Fcomments&post=4755"}],"version-history":[{"count":2,"href":"https:\/\/urpspharma.re\/index.php?rest_route=\/wp\/v2\/posts\/4755\/revisions"}],"predecessor-version":[{"id":4781,"href":"https:\/\/urpspharma.re\/index.php?rest_route=\/wp\/v2\/posts\/4755\/revisions\/4781"}],"wp:attachment":[{"href":"https:\/\/urpspharma.re\/index.php?rest_route=%2Fwp%2Fv2%2Fmedia&parent=4755"}],"wp:term":[{"taxonomy":"category","embeddable":true,"href":"https:\/\/urpspharma.re\/index.php?rest_route=%2Fwp%2Fv2%2Fcategories&post=4755"},{"taxonomy":"post_tag","embeddable":true,"href":"https:\/\/urpspharma.re\/index.php?rest_route=%2Fwp%2Fv2%2Ftags&post=4755"}],"curies":[{"name":"wp","href":"https:\/\/api.w.org\/{rel}","templated":true}]}}