{"id":4757,"date":"2021-09-03T14:15:10","date_gmt":"2021-09-03T10:15:10","guid":{"rendered":"https:\/\/urpspharma.re\/?p=4757"},"modified":"2021-09-29T09:24:57","modified_gmt":"2021-09-29T05:24:57","slug":"autotests-en-officine","status":"publish","type":"post","link":"https:\/\/urpspharma.re\/?p=4757","title":{"rendered":"Autotests en officine"},"content":{"rendered":"<h1 class=\"m_-5861047077001017228default-heading1\" style=\"text-align: center;\"><strong>Prise en charge et d\u00e9livrance des autotests par l&#8217;Assurance Maladie<\/strong><\/h1>\n<div><strong>\u25baD\u00e9livrance et prise en charge<\/strong><br \/>\nLa d\u00e9livrance d\u2019autotest sera assur\u00e9e sur pr\u00e9sentation d\u2019un justificatif professionnel dans la limite de 10 autotests par mois avec une prise en charge \u00e0 100% par l&#8217;Assurance Maladie uniquement pour les cat\u00e9gories suivantes :<br \/>\n<strong>Pour les professionnels travaillant au sein de services d\u2019aide \u00e0 domicile&nbsp;<\/strong>:<\/p>\n<ul>\n<li>service d&#8217;aide et d&#8217;accompagnement \u00e0 domicile (Saad) en service prestataire,<\/li>\n<li>intervenants mandataires, particuliers employeurs,<\/li>\n<li>salari\u00e9s des services de soins infirmiers \u00e0 domicile (Ssiad),<\/li>\n<li>salari\u00e9s de service pour personnes handicap\u00e9es ;<\/li>\n<\/ul>\n<p><strong>Pour les accueillants familiaux<\/strong>.<\/p>\n<\/div>\n<div><\/div>\n<div>En savoir plus sur le site&nbsp;<a href=\"https:\/\/www.ameli.fr\/la-reunion\/assure\/actualites\/les-autotests-en-vente-en-pharmacie-mode-demploi\" target=\"_blank\" rel=\"noopener noreferrer\">ameli.fr<\/a><\/div>\n<div><\/div>\n<div><\/div>\n<div><strong>\u25baPrise en charge uniquement dans le cadre du passe sanitaire<\/strong><\/p>\n<div>La prise en charge de&nbsp;l&#8217;autotest&nbsp;est applicable UNIQUEMENT si la r\u00e9alisation de celui-ci est supervis\u00e9e par un professionnel de sant\u00e9. En dehors de ce cadre, l&#8217;autotest&nbsp;doit&nbsp;\u00eatre factur\u00e9.<\/div>\n<div><strong>Le professionnel de sant\u00e9 pourra b\u00e9n\u00e9ficier comme pour le grand public de l&#8217;autotest pour usage personnel sous supervision d&#8217;un professionnel de sant\u00e9.<\/strong><br \/>\n<strong>Qui peut s\u2019autotester ?<\/strong><br \/>\nToute personne sans sympt\u00f4mes, de plus de 18 ans n\u2019ayant pas encore de sch\u00e9ma vaccinal complet ou sans certificat de gu\u00e9rison de plus de 11 jours et de moins de 6 mois, qui souhaite r\u00e9aliser une activit\u00e9 soumise au passe sanitaire.<\/div>\n<p>En savoir plus sur le site&nbsp;<a href=\"https:\/\/www.ameli.fr\/la-reunion\/assure\/actualites\/autotest-supervise-par-un-professionnel-de-sante-nouvelle-preuve-integree-au-passe-sanitaire\" target=\"_blank\" rel=\"noopener noreferrer\">ameli.fr<\/a><\/p>\n<table class=\"mcnTextBlock\" border=\"0\" width=\"100%\" cellspacing=\"0\" cellpadding=\"0\">\n<tbody class=\"mcnTextBlockOuter\">\n<tr>\n<td class=\"mcnTextBlockInner\" valign=\"top\">\n<table class=\"mcnTextContentContainer\" border=\"0\" width=\"100%\" cellspacing=\"0\" cellpadding=\"0\" align=\"left\">\n<tbody>\n<tr>\n<td class=\"mcnTextContent\" valign=\"top\">\n<div>Votre URPS vous informe qu&#8217;une demande de l&#8217;Assurance Maladie a \u00e9t\u00e9 formul\u00e9e aupr\u00e8s du national afin d&#8217;\u00e9tendre ce dispositif de d\u00e9livrance avec une prise en charge pour les professionnels de sant\u00e9 au m\u00eame titre que les professionnels travaillant au contact des personnes \u00e2g\u00e9es ou handicap\u00e9es. Le retour du national indique que le&nbsp;<a href=\"https:\/\/solidarites-sante.gouv.fr\/IMG\/pdf\/dgs-urgent_79_evolution_de_la_strategie_de_depistage.pdf\" target=\"_blank\" rel=\"noopener noreferrer\" data-saferedirecturl=\"https:\/\/www.google.com\/url?q=https:\/\/solidarites-sante.gouv.fr\/IMG\/pdf\/dgs-urgent_79_evolution_de_la_strategie_de_depistage.pdf&amp;source=gmail&amp;ust=1630576023372000&amp;usg=AFQjCNGJU9FxpDt4juLKAngvAM7_Scd-cg\">DGS URGENT n\u00b0 79<\/a>&nbsp;reste d&#8217;actualit\u00e9 et que seuls les professionnels engag\u00e9s&nbsp;dans la&nbsp;supervision d&#8217;un lieu de r\u00e9alisation&nbsp;d&#8217;autotests peuvent b\u00e9n\u00e9ficier gratuitement de cette d\u00e9livrance. Un justificatif de l&#8217;entit\u00e9 organisatrice&nbsp;du d\u00e9pistage (pr\u00e9alablement d\u00e9clar\u00e9e aupr\u00e8s de la Pr\u00e9fecture et de l&#8217;ARS) devra \u00eatre pr\u00e9sent\u00e9.<\/div>\n<div><\/div>\n<\/td>\n<\/tr>\n<\/tbody>\n<\/table>\n<\/td>\n<\/tr>\n<\/tbody>\n<\/table>\n<table class=\"mcnTextBlock\" border=\"0\" width=\"100%\" cellspacing=\"0\" cellpadding=\"0\">\n<tbody class=\"mcnTextBlockOuter\">\n<tr>\n<td class=\"mcnTextBlockInner\" valign=\"top\">\n<table class=\"mcnTextContentContainer\" border=\"0\" width=\"100%\" cellspacing=\"0\" cellpadding=\"0\" align=\"left\">\n<tbody>\n<tr>\n<td class=\"mcnTextContent\" valign=\"top\"><strong>\u25ba Tests antig\u00e9niques et autotests supervis\u00e9s&nbsp;: Collecte des r\u00e9sultats dans SI-DEP<\/strong><br \/>\n<a href=\"https:\/\/solidarites-sante.gouv.fr\/IMG\/pdf\/dgs-urgent_91_rappel_regles_de_collecte_si-dep_des_resultats_des_tag.pdf\" target=\"_blank\" rel=\"noopener noreferrer\">DGS-URGENT N\u00b02021-91<\/a><\/td>\n<\/tr>\n<\/tbody>\n<\/table>\n<\/td>\n<\/tr>\n<\/tbody>\n<\/table>\n<\/div>\n<p style=\"text-align: justify;\">\n","protected":false},"excerpt":{"rendered":"<p>Prise en charge et d\u00e9livrance des autotests par l&#8217;Assurance Maladie \u25baD\u00e9livrance et prise en charge La d\u00e9livrance d\u2019autotest sera assur\u00e9e sur pr\u00e9sentation d\u2019un justificatif professionnel dans la limite de 10 autotests par mois avec une prise en charge \u00e0 100% par l&#8217;Assurance Maladie uniquement pour les cat\u00e9gories suivantes : Pour les professionnels travaillant au sein&hellip;<\/p>\n","protected":false},"author":3,"featured_media":0,"comment_status":"open","ping_status":"open","sticky":false,"template":"","format":"standard","meta":{"footnotes":""},"categories":[182],"tags":[486,239],"amp_enabled":true,"_links":{"self":[{"href":"https:\/\/urpspharma.re\/index.php?rest_route=\/wp\/v2\/posts\/4757"}],"collection":[{"href":"https:\/\/urpspharma.re\/index.php?rest_route=\/wp\/v2\/posts"}],"about":[{"href":"https:\/\/urpspharma.re\/index.php?rest_route=\/wp\/v2\/types\/post"}],"author":[{"embeddable":true,"href":"https:\/\/urpspharma.re\/index.php?rest_route=\/wp\/v2\/users\/3"}],"replies":[{"embeddable":true,"href":"https:\/\/urpspharma.re\/index.php?rest_route=%2Fwp%2Fv2%2Fcomments&post=4757"}],"version-history":[{"count":3,"href":"https:\/\/urpspharma.re\/index.php?rest_route=\/wp\/v2\/posts\/4757\/revisions"}],"predecessor-version":[{"id":4779,"href":"https:\/\/urpspharma.re\/index.php?rest_route=\/wp\/v2\/posts\/4757\/revisions\/4779"}],"wp:attachment":[{"href":"https:\/\/urpspharma.re\/index.php?rest_route=%2Fwp%2Fv2%2Fmedia&parent=4757"}],"wp:term":[{"taxonomy":"category","embeddable":true,"href":"https:\/\/urpspharma.re\/index.php?rest_route=%2Fwp%2Fv2%2Fcategories&post=4757"},{"taxonomy":"post_tag","embeddable":true,"href":"https:\/\/urpspharma.re\/index.php?rest_route=%2Fwp%2Fv2%2Ftags&post=4757"}],"curies":[{"name":"wp","href":"https:\/\/api.w.org\/{rel}","templated":true}]}}