{"id":4777,"date":"2021-09-28T09:18:00","date_gmt":"2021-09-28T05:18:00","guid":{"rendered":"https:\/\/urpspharma.re\/?p=4777"},"modified":"2021-10-05T15:50:01","modified_gmt":"2021-10-05T11:50:01","slug":"cpts-sud-ouest-appel-aux-professionnels-de-sante","status":"publish","type":"post","link":"https:\/\/urpspharma.re\/?p=4777","title":{"rendered":"CPTS SUD OUEST : Appel aux professionnels de sant\u00e9"},"content":{"rendered":"<h3 style=\"text-align: center;\">Cilaos, Etang Sal\u00e9, Les Avirons,<\/h3>\n<h3 style=\"text-align: center;\">Saint Louis, Saint Leu<\/h3>\n<div>\n<div><\/div>\n<\/div>\n<div>\n<div>\n<div style=\"text-align: justify;\">Cher cons\u0153urs&nbsp;et conf\u00e8res,<\/p>\n<p>Des professionnels de sant\u00e9 prennent actuellement l&#8217;initiative de co-construire la CPTS du territoire SUD OUEST (Cilaos, Etang Sal\u00e9, Les Avirons, Saint Louis, Saint Leu).<\/p>\n<p>Cette structure aura notamment pour vocation d\u2019am\u00e9liorer l\u2019acc\u00e8s aux soins, l\u2019organisation des soins non programm\u00e9s (SNP), les parcours pluriprofessionnels autour du patient ainsi que l\u2019efficience des actions de pr\u00e9vention.<\/p>\n<p>Ils vous invitent \u00e0 leur faire savoir ce que vous en pensez, que vous souhaitiez ou non vous impliquer \u00e0 leurs c\u00f4t\u00e9s, en remplissant le formulaire ci-dessous !<\/p>\n<\/div>\n<\/div>\n<\/div>\n<p><strong>\u25ba<a href=\"https:\/\/docs.google.com\/forms\/d\/e\/1FAIpQLSeA2IZXYpmpHBDun3rMZzMjcCAEbN4oC9BWoMfMFR-jzpC7VQ\/viewform\" target=\"_blank\" rel=\"noopener noreferrer\">Acc\u00e8s au formulaire en cliquant ICI<\/a><\/strong><\/p>\n<p style=\"text-align: justify;\">\n","protected":false},"excerpt":{"rendered":"<p>Cilaos, Etang Sal\u00e9, Les Avirons, Saint Louis, Saint Leu Cher cons\u0153urs&nbsp;et conf\u00e8res, Des professionnels de sant\u00e9 prennent actuellement l&#8217;initiative de co-construire la CPTS du territoire SUD OUEST (Cilaos, Etang Sal\u00e9, Les Avirons, Saint Louis, Saint Leu). Cette structure aura notamment pour vocation d\u2019am\u00e9liorer l\u2019acc\u00e8s aux soins, l\u2019organisation des soins non programm\u00e9s (SNP), les parcours pluriprofessionnels&hellip;<\/p>\n","protected":false},"author":3,"featured_media":0,"comment_status":"open","ping_status":"open","sticky":false,"template":"","format":"standard","meta":{"footnotes":""},"categories":[182],"tags":[485,334,484,218,239],"amp_enabled":true,"_links":{"self":[{"href":"https:\/\/urpspharma.re\/index.php?rest_route=\/wp\/v2\/posts\/4777"}],"collection":[{"href":"https:\/\/urpspharma.re\/index.php?rest_route=\/wp\/v2\/posts"}],"about":[{"href":"https:\/\/urpspharma.re\/index.php?rest_route=\/wp\/v2\/types\/post"}],"author":[{"embeddable":true,"href":"https:\/\/urpspharma.re\/index.php?rest_route=\/wp\/v2\/users\/3"}],"replies":[{"embeddable":true,"href":"https:\/\/urpspharma.re\/index.php?rest_route=%2Fwp%2Fv2%2Fcomments&post=4777"}],"version-history":[{"count":2,"href":"https:\/\/urpspharma.re\/index.php?rest_route=\/wp\/v2\/posts\/4777\/revisions"}],"predecessor-version":[{"id":4829,"href":"https:\/\/urpspharma.re\/index.php?rest_route=\/wp\/v2\/posts\/4777\/revisions\/4829"}],"wp:attachment":[{"href":"https:\/\/urpspharma.re\/index.php?rest_route=%2Fwp%2Fv2%2Fmedia&parent=4777"}],"wp:term":[{"taxonomy":"category","embeddable":true,"href":"https:\/\/urpspharma.re\/index.php?rest_route=%2Fwp%2Fv2%2Fcategories&post=4777"},{"taxonomy":"post_tag","embeddable":true,"href":"https:\/\/urpspharma.re\/index.php?rest_route=%2Fwp%2Fv2%2Ftags&post=4777"}],"curies":[{"name":"wp","href":"https:\/\/api.w.org\/{rel}","templated":true}]}}