{"id":4783,"date":"2021-09-29T09:27:53","date_gmt":"2021-09-29T05:27:53","guid":{"rendered":"https:\/\/urpspharma.re\/?p=4783"},"modified":"2021-09-29T09:34:13","modified_gmt":"2021-09-29T05:34:13","slug":"reseau-sourds-et-sante-reunion-sensibilisation-a-laccueil-des-patients-sourds","status":"publish","type":"post","link":"https:\/\/urpspharma.re\/?p=4783","title":{"rendered":"R\u00e9seau sourds et sant\u00e9 R\u00e9union : sensibilisation \u00e0 l&#8217;accueil des patients sourds"},"content":{"rendered":"<h3 style=\"text-align: center;\">Invitation<\/h3>\n<div>\n<div style=\"text-align: justify;\">\n<h4 style=\"text-align: center;\"><strong>Vendredi 1er octobre 2021<br \/>\n9h \u00e0 12h<br \/>\n24 Rue Caumont<br \/>\n97410 SAINT-PIERRE<\/strong><\/h4>\n<p><strong>Inscription par mail \u00e0 : contact@rssr.re<\/strong><\/p>\n<p>1er dispositif d\u2019acce\u0300s a\u0300 la sante\u0301 pour les Sourds a\u0300 la Re\u0301union, le Re\u0301seau Sourds et Sante\u0301 Re\u0301union a e\u0301te\u0301 cre\u0301\u00e9 en 2020 apre\u0300s 2 anne\u0301es de co-construction avec des personnes Sourdes, des professionnels de sante\u0301 et l\u2019Agence Re\u0301gionale de Sante\u0301 de la Re\u0301union.<\/p>\n<p style=\"text-align: center;\"><em>Le R\u00e9seau Sourds et Sant\u00e9 R\u00e9union<\/em><br \/>\n<em>propose gratuitement<\/em><br \/>\n<em>des actions de m\u00e9diation aupr\u00e8s des professionnels de sant\u00e9,<\/em><br \/>\n<em>gr\u00e2ce au soutien de l&#8217; ARS La R\u00e9union,\u00a0afin d&#8217;am\u00e9liorer l&#8217;acc\u00e8s \u00e0 la sant\u00e9 et aux soins des patients.<\/em><\/p>\n<p><strong>\u25ba <a href=\"https:\/\/www.rssr.re\/sensibilisation-pro\/\" target=\"_blank\" rel=\"noopener noreferrer\">En savoir plus en cliquant ICI<\/a><\/strong><\/p>\n<p><img loading=\"lazy\" decoding=\"async\" class=\"aligncenter wp-image-4784 size-full\" src=\"https:\/\/urpspharma.re\/wp-content\/uploads\/2021\/09\/invitation-vendredi-1-octobre-2021.png\" alt=\"\" width=\"747\" height=\"745\" srcset=\"https:\/\/urpspharma.re\/wp-content\/uploads\/2021\/09\/invitation-vendredi-1-octobre-2021.png 747w, https:\/\/urpspharma.re\/wp-content\/uploads\/2021\/09\/invitation-vendredi-1-octobre-2021-150x150.png 150w, https:\/\/urpspharma.re\/wp-content\/uploads\/2021\/09\/invitation-vendredi-1-octobre-2021-300x300.png 300w\" sizes=\"(max-width: 747px) 100vw, 747px\" \/><\/p>\n<\/div>\n<\/div>\n<p style=\"text-align: justify;\">\n","protected":false},"excerpt":{"rendered":"<p>Invitation Vendredi 1er octobre 2021 9h \u00e0 12h 24 Rue Caumont 97410 SAINT-PIERRE Inscription par mail \u00e0 : contact@rssr.re 1er dispositif d\u2019acce\u0300s a\u0300 la sante\u0301 pour les Sourds a\u0300 la Re\u0301union, le Re\u0301seau Sourds et Sante\u0301 Re\u0301union a e\u0301te\u0301 cre\u0301\u00e9 en 2020 apre\u0300s 2 anne\u0301es de co-construction avec des personnes Sourdes, des professionnels de sante\u0301&hellip;<\/p>\n","protected":false},"author":3,"featured_media":0,"comment_status":"open","ping_status":"open","sticky":false,"template":"","format":"standard","meta":{"footnotes":""},"categories":[182],"tags":[493,491,239,492],"amp_enabled":true,"_links":{"self":[{"href":"https:\/\/urpspharma.re\/index.php?rest_route=\/wp\/v2\/posts\/4783"}],"collection":[{"href":"https:\/\/urpspharma.re\/index.php?rest_route=\/wp\/v2\/posts"}],"about":[{"href":"https:\/\/urpspharma.re\/index.php?rest_route=\/wp\/v2\/types\/post"}],"author":[{"embeddable":true,"href":"https:\/\/urpspharma.re\/index.php?rest_route=\/wp\/v2\/users\/3"}],"replies":[{"embeddable":true,"href":"https:\/\/urpspharma.re\/index.php?rest_route=%2Fwp%2Fv2%2Fcomments&post=4783"}],"version-history":[{"count":1,"href":"https:\/\/urpspharma.re\/index.php?rest_route=\/wp\/v2\/posts\/4783\/revisions"}],"predecessor-version":[{"id":4785,"href":"https:\/\/urpspharma.re\/index.php?rest_route=\/wp\/v2\/posts\/4783\/revisions\/4785"}],"wp:attachment":[{"href":"https:\/\/urpspharma.re\/index.php?rest_route=%2Fwp%2Fv2%2Fmedia&parent=4783"}],"wp:term":[{"taxonomy":"category","embeddable":true,"href":"https:\/\/urpspharma.re\/index.php?rest_route=%2Fwp%2Fv2%2Fcategories&post=4783"},{"taxonomy":"post_tag","embeddable":true,"href":"https:\/\/urpspharma.re\/index.php?rest_route=%2Fwp%2Fv2%2Ftags&post=4783"}],"curies":[{"name":"wp","href":"https:\/\/api.w.org\/{rel}","templated":true}]}}