{"id":4876,"date":"2021-10-11T10:44:33","date_gmt":"2021-10-11T06:44:33","guid":{"rendered":"https:\/\/urpspharma.re\/?p=4876"},"modified":"2021-11-22T09:16:30","modified_gmt":"2021-11-22T05:16:30","slug":"les-pharmaciens-acteurs-de-moissanstabac-inscrivez-vous-des-maintenant","status":"publish","type":"post","link":"https:\/\/urpspharma.re\/?p=4876","title":{"rendered":"Les pharmaciens, acteurs de #MoisSansTabac, inscrivez-vous d\u00e8s maintenant!"},"content":{"rendered":"<h3 class=\"null\" style=\"text-align: center;\">Le #MoisSansTabac approche&#8230;<\/h3>\n<p style=\"text-align: justify;\">En premi\u00e8re ligne pour conseiller les usagers \u00e0 l\u2019arr\u00eat du tabac et les accompagner dans leur sevrage tabagique, \u00a0votre URPS vous invite \u00e0 participer \u00e0 l&#8217;\u00e9dition #MoisSansTabac 2021 \u00e0 travers son op\u00e9ration r\u00e9gionale baptis\u00e9e :<\/p>\n<p><img loading=\"lazy\" decoding=\"async\" class=\"aligncenter wp-image-4788 size-full\" src=\"https:\/\/urpspharma.re\/wp-content\/uploads\/2021\/09\/sticker-sans-crc-efface-par-mois-fond-jaune.png\" alt=\"\" width=\"1431\" height=\"401\" srcset=\"https:\/\/urpspharma.re\/wp-content\/uploads\/2021\/09\/sticker-sans-crc-efface-par-mois-fond-jaune.png 1431w, https:\/\/urpspharma.re\/wp-content\/uploads\/2021\/09\/sticker-sans-crc-efface-par-mois-fond-jaune-300x84.png 300w, https:\/\/urpspharma.re\/wp-content\/uploads\/2021\/09\/sticker-sans-crc-efface-par-mois-fond-jaune-768x215.png 768w, https:\/\/urpspharma.re\/wp-content\/uploads\/2021\/09\/sticker-sans-crc-efface-par-mois-fond-jaune-1024x287.png 1024w\" sizes=\"(max-width: 1431px) 100vw, 1431px\" \/><\/p>\n<div>\n<div style=\"text-align: justify;\">\n<h2 style=\"text-align: center;\"><strong>Si ce n&#8217;est d\u00e9j\u00e0 fait, rejoignez-nous d\u00e8s aujourd&#8217;hui !<\/strong><a href=\"https:\/\/urpspharma.re\/?page_id=4805\" target=\"_blank\" rel=\"noopener noreferrer\"><img loading=\"lazy\" decoding=\"async\" class=\"aligncenter wp-image-4877 size-full\" src=\"https:\/\/urpspharma.re\/wp-content\/uploads\/2021\/10\/inscription-de-votre-pharmacie_bouton.png\" alt=\"\" width=\"702\" height=\"69\" srcset=\"https:\/\/urpspharma.re\/wp-content\/uploads\/2021\/10\/inscription-de-votre-pharmacie_bouton.png 702w, https:\/\/urpspharma.re\/wp-content\/uploads\/2021\/10\/inscription-de-votre-pharmacie_bouton-300x29.png 300w\" sizes=\"(max-width: 702px) 100vw, 702px\" \/><\/a><\/h2>\n<h2 style=\"text-align: center;\"><span style=\"color: #ff6600;\"><strong>Quand ?<br \/>\nComment y participer ?<br \/>\nPour qui ?<br \/>\nQuelle indemnisation ?<\/strong><\/span><\/h2>\n<h3><strong>\u25baQuand commence l&#8217;op\u00e9ration Mes soignants de proximit\u00e9 avec #MoisSansTabac 2021<\/strong><\/h3>\n<p style=\"font-weight: 400;\">Du 15 octobre jusqu&#8217;au 30 novembre 2021.<\/p>\n<h3><strong>\u25baComment y participer<\/strong><\/h3>\n<p style=\"text-align: left;\"><b><\/b><span style=\"font-weight: 400;\">&#x2714;\u00a0En inscrivant ma pharmacie*<br \/>\n&#x2714;\u00a0En remettant des coupons aux usagers<br \/>\n&#x2714; En prodiguant le conseil minimal et en d\u00e9livrant un pack de substituts nicotiniques pour 1 semaine issu de votre stock (1 forme orale + 1 forme transdermique ou 2 formes orales ou 2 formes transdermiques) en fonction du besoin de l&#8217;usager<\/span><br style=\"font-weight: 400;\" \/><br style=\"font-weight: 400;\" \/><span style=\"font-weight: 400;\"><em>*Toutes les officines inscrites para\u00eetront dans notre annuaire pharmacies sp\u00e9cial #MoisSansTabac qui sera publi\u00e9 et diffus\u00e9 d\u00e8s le 14 octobre 2021 aupr\u00e8s du grand public et des professionnels de sant\u00e9 gr\u00e2ce au QR CODE plac\u00e9 sur nos outils de communication.<\/em><\/span><br style=\"font-weight: 400;\" \/><span style=\"font-weight: 400;\">\u00a0<\/span><b><\/b><\/p>\n<h3><strong>\u25baPour qui ?<\/strong><\/h3>\n<p style=\"font-weight: 400;\">&#x2714; Tous les usagers volontaires SANS ORDONNANCE<\/p>\n<p style=\"font-weight: 400;\"><em>A prioriser en particulier : les b\u00e9n\u00e9ficiaires de la CMU (Couverture Maladie Universelle), de l&#8217;ACS (Aide Compl\u00e9mentaire Sant\u00e9),\u00a0d&#8217;une couverture ALD (Personnes ayant une maladie chronique), les jeunes de &#8211; de 30 ans, les femmes enceintes<\/em><\/p>\n<h3><strong>\u25baQuelle indemnisation ?<\/strong><\/h3>\n<p style=\"font-weight: 400;\">Forfait de 25\u20ac TTC*\u00a0correspondant \u00e0<br \/>\n&#x2714;\u00a01 Conseil minimal personnalis\u00e9<br \/>\n&#x2714;\u00a01 Pack de substituts nicotiniques pour 1 semaine (issu\u00a0de votre stock)<br \/>\n&#x2714;\u00a01 inscription de l\u2019usager sur le formulaire en ligne de l\u2019URPS<br \/>\n<em>*dans la limite des 500 premi\u00e8res demandes<\/em><\/p>\n<p style=\"font-weight: 400;\"><strong>Attention : La d\u00e9livrance du PACK GRATUIT de substituts nicotiniques est IMP\u00c9RATIVE pour pouvoir b\u00e9n\u00e9ficier de l&#8217;indemnisation du formulaire de l&#8217;URPS.<\/strong><\/p>\n<h2 style=\"font-weight: 400; text-align: center;\"><span style=\"color: #ff6600;\"><strong>Ensemble, relevons le d\u00e9fi des 500 !<br \/>\nFaites le BUZZ aupr\u00e8s des usagers !<\/strong><\/span><\/h2>\n<h4 style=\"text-align: center;\"><img loading=\"lazy\" decoding=\"async\" class=\"aligncenter wp-image-4788 size-full\" src=\"https:\/\/urpspharma.re\/wp-content\/uploads\/2021\/09\/sticker-sans-crc-efface-par-mois-fond-jaune.png\" alt=\"\" width=\"1431\" height=\"401\" srcset=\"https:\/\/urpspharma.re\/wp-content\/uploads\/2021\/09\/sticker-sans-crc-efface-par-mois-fond-jaune.png 1431w, https:\/\/urpspharma.re\/wp-content\/uploads\/2021\/09\/sticker-sans-crc-efface-par-mois-fond-jaune-300x84.png 300w, https:\/\/urpspharma.re\/wp-content\/uploads\/2021\/09\/sticker-sans-crc-efface-par-mois-fond-jaune-768x215.png 768w, https:\/\/urpspharma.re\/wp-content\/uploads\/2021\/09\/sticker-sans-crc-efface-par-mois-fond-jaune-1024x287.png 1024w\" sizes=\"(max-width: 1431px) 100vw, 1431px\" \/><\/h4>\n<div><\/div>\n<\/div>\n<div><\/div>\n<div><\/div>\n<\/div>\n<p style=\"text-align: justify;\">\n","protected":false},"excerpt":{"rendered":"<p>Le #MoisSansTabac approche&#8230; En premi\u00e8re ligne pour conseiller les usagers \u00e0 l\u2019arr\u00eat du tabac et les accompagner dans leur sevrage tabagique, \u00a0votre URPS vous invite \u00e0 participer \u00e0 l&#8217;\u00e9dition #MoisSansTabac 2021 \u00e0 travers son op\u00e9ration r\u00e9gionale baptis\u00e9e : Si ce n&#8217;est d\u00e9j\u00e0 fait, rejoignez-nous d\u00e8s aujourd&#8217;hui ! Quand ? Comment y participer ? Pour qui&hellip;<\/p>\n","protected":false},"author":3,"featured_media":0,"comment_status":"open","ping_status":"open","sticky":false,"template":"","format":"standard","meta":{"footnotes":""},"categories":[331,182],"tags":[494,497,495,18,239,496],"amp_enabled":true,"_links":{"self":[{"href":"https:\/\/urpspharma.re\/index.php?rest_route=\/wp\/v2\/posts\/4876"}],"collection":[{"href":"https:\/\/urpspharma.re\/index.php?rest_route=\/wp\/v2\/posts"}],"about":[{"href":"https:\/\/urpspharma.re\/index.php?rest_route=\/wp\/v2\/types\/post"}],"author":[{"embeddable":true,"href":"https:\/\/urpspharma.re\/index.php?rest_route=\/wp\/v2\/users\/3"}],"replies":[{"embeddable":true,"href":"https:\/\/urpspharma.re\/index.php?rest_route=%2Fwp%2Fv2%2Fcomments&post=4876"}],"version-history":[{"count":4,"href":"https:\/\/urpspharma.re\/index.php?rest_route=\/wp\/v2\/posts\/4876\/revisions"}],"predecessor-version":[{"id":4933,"href":"https:\/\/urpspharma.re\/index.php?rest_route=\/wp\/v2\/posts\/4876\/revisions\/4933"}],"wp:attachment":[{"href":"https:\/\/urpspharma.re\/index.php?rest_route=%2Fwp%2Fv2%2Fmedia&parent=4876"}],"wp:term":[{"taxonomy":"category","embeddable":true,"href":"https:\/\/urpspharma.re\/index.php?rest_route=%2Fwp%2Fv2%2Fcategories&post=4876"},{"taxonomy":"post_tag","embeddable":true,"href":"https:\/\/urpspharma.re\/index.php?rest_route=%2Fwp%2Fv2%2Ftags&post=4876"}],"curies":[{"name":"wp","href":"https:\/\/api.w.org\/{rel}","templated":true}]}}