{"id":4964,"date":"2021-11-12T12:01:11","date_gmt":"2021-11-12T08:01:11","guid":{"rendered":"https:\/\/urpspharma.re\/?p=4964"},"modified":"2021-11-22T12:12:19","modified_gmt":"2021-11-22T08:12:19","slug":"14-novembre-2021-journee-mondiale-du-diabete","status":"publish","type":"post","link":"https:\/\/urpspharma.re\/?p=4964","title":{"rendered":"14 novembre 2021 : Journ\u00e9e mondiale du diab\u00e8te"},"content":{"rendered":"<h2 style=\"text-align: center;\">Une forte mobilisation des acteurs R\u00e9unionnais<\/h2>\n<p style=\"text-align: left;\">Le diab\u00e8te est une maladie chronique fr\u00e9quente sur l\u2019\u00eele: pr\u00e8s de 79 900 patients pris en charge en 2019, soit pr\u00e8s de 10% de la population.<\/p>\n<h2 style=\"font-weight: 400;\">Le diab\u00e8te concerne de nombreux R\u00e9unionnais<\/h2>\n<p style=\"font-weight: 400;\"><b><strong>Le diab\u00e8te est une maladie chronique fr\u00e9quente sur l\u2019\u00eele<\/strong><\/b><b><strong>\u00a0<\/strong><\/b><b><strong>:<\/strong><\/b><\/p>\n<ul style=\"font-weight: 400;\">\n<li>pr\u00e8s de\u00a0<b><strong>79<\/strong><\/b><b><strong>\u00a0<\/strong><\/b><b><strong>900<\/strong><\/b>\u00a0patients pris en charge en 2019, soit pr\u00e8s de\u00a0<b><strong>10%<\/strong><\/b><b><strong>\u00a0<\/strong><\/b>de la population<\/li>\n<\/ul>\n<p style=\"font-weight: 400;\"><b><strong>La maladie concerne davantage les femmes et augmente avec l\u2019\u00e2ge<\/strong><\/b><b><strong>\u00a0<\/strong><\/b><b><strong>:<\/strong><\/b><\/p>\n<ul style=\"font-weight: 400;\">\n<li><b><strong>3<\/strong><\/b><b><strong>\u00a0<\/strong><\/b><b><strong>personnes sur 10<\/strong><\/b>\u00a0sont diab\u00e9tiques apr\u00e8s 65 ans<\/li>\n<\/ul>\n<p style=\"font-weight: 400;\"><b><strong>La part du diab\u00e8te gestationnel se maintient autour de<\/strong><\/b>\u00a0<b><strong>20%<\/strong><\/b><b><strong>\u00a0des femmes enceintes\u00a0<\/strong><\/b>:<\/p>\n<ul style=\"font-weight: 400;\">\n<li><b><strong>3 000<\/strong><\/b><b><strong>\u00a0<\/strong><\/b>femmes enceintes\u00a0concern\u00e9es par le diab\u00e8te gestationnel en 2020<\/li>\n<\/ul>\n<p><a href=\"https:\/\/www.lareunion.ars.sante.fr\/journee-mondiale-du-diabete-2021-une-forte-mobilisation-des-acteurs-reunionnais\" target=\"_blank\" rel=\"noopener noreferrer\">En savoir plus : site ARS la R\u00e9union<\/a><\/p>\n<h2 style=\"text-align: center;\">\u25ba <a href=\"https:\/\/www.lareunion.ars.sante.fr\/system\/files\/2021-11\/ORS_Chiffres-cl%C3%A9s-diabete_%202021_%2009.11.2021.pdf\" target=\"_blank\" rel=\"noopener noreferrer\">Chiffres cl\u00e9s : 14 indicateurs<\/a><\/h2>\n<h2 style=\"text-align: center;\">\u25ba<span style=\"color: #3366ff;\"><a style=\"color: #3366ff;\" href=\"https:\/\/www.lareunion.ars.sante.fr\/system\/files\/2021-11\/Programme%20actions%20diab%C3%A8te_nov%202021.pdf\" target=\"_blank\" rel=\"noopener noreferrer\">Actions organis\u00e9es \u00e0 la R\u00e9union<\/a><\/span><\/h2>\n<div>\n<h2 style=\"font-weight: 400; text-align: center;\"><span style=\"color: #ff6600;\"><strong>\u00a0<\/strong><\/span><\/h2>\n<h4 style=\"text-align: center;\"><\/h4>\n<div><\/div>\n<div><\/div>\n<div><\/div>\n<\/div>\n<p style=\"text-align: justify;\">\n","protected":false},"excerpt":{"rendered":"<p>Une forte mobilisation des acteurs R\u00e9unionnais Le diab\u00e8te est une maladie chronique fr\u00e9quente sur l\u2019\u00eele: pr\u00e8s de 79 900 patients pris en charge en 2019, soit pr\u00e8s de 10% de la population. Le diab\u00e8te concerne de nombreux R\u00e9unionnais Le diab\u00e8te est une maladie chronique fr\u00e9quente sur l\u2019\u00eele\u00a0: pr\u00e8s de\u00a079\u00a0900\u00a0patients pris en charge en 2019, soit&hellip;<\/p>\n","protected":false},"author":3,"featured_media":0,"comment_status":"open","ping_status":"open","sticky":false,"template":"","format":"standard","meta":{"footnotes":""},"categories":[182,183],"tags":[506,328,508,171,214,57,239],"amp_enabled":true,"_links":{"self":[{"href":"https:\/\/urpspharma.re\/index.php?rest_route=\/wp\/v2\/posts\/4964"}],"collection":[{"href":"https:\/\/urpspharma.re\/index.php?rest_route=\/wp\/v2\/posts"}],"about":[{"href":"https:\/\/urpspharma.re\/index.php?rest_route=\/wp\/v2\/types\/post"}],"author":[{"embeddable":true,"href":"https:\/\/urpspharma.re\/index.php?rest_route=\/wp\/v2\/users\/3"}],"replies":[{"embeddable":true,"href":"https:\/\/urpspharma.re\/index.php?rest_route=%2Fwp%2Fv2%2Fcomments&post=4964"}],"version-history":[{"count":1,"href":"https:\/\/urpspharma.re\/index.php?rest_route=\/wp\/v2\/posts\/4964\/revisions"}],"predecessor-version":[{"id":4965,"href":"https:\/\/urpspharma.re\/index.php?rest_route=\/wp\/v2\/posts\/4964\/revisions\/4965"}],"wp:attachment":[{"href":"https:\/\/urpspharma.re\/index.php?rest_route=%2Fwp%2Fv2%2Fmedia&parent=4964"}],"wp:term":[{"taxonomy":"category","embeddable":true,"href":"https:\/\/urpspharma.re\/index.php?rest_route=%2Fwp%2Fv2%2Fcategories&post=4964"},{"taxonomy":"post_tag","embeddable":true,"href":"https:\/\/urpspharma.re\/index.php?rest_route=%2Fwp%2Fv2%2Ftags&post=4964"}],"curies":[{"name":"wp","href":"https:\/\/api.w.org\/{rel}","templated":true}]}}