{"id":5051,"date":"2022-02-16T11:05:05","date_gmt":"2022-02-16T07:05:05","guid":{"rendered":"https:\/\/urpspharma.re\/?p=5051"},"modified":"2022-03-24T11:12:30","modified_gmt":"2022-03-24T07:12:30","slug":"vaccination-et-infection-covid-19","status":"publish","type":"post","link":"https:\/\/urpspharma.re\/?p=5051","title":{"rendered":"Vaccination et infection Covid-19"},"content":{"rendered":"<h3 class=\"null\" style=\"text-align: center;\">Crit\u00e8res de maintien \u00e0 domicile<\/h3>\n<div>\n<div>\n<p>Chers cons\u0153urs&nbsp;et confr\u00e8res,<\/p>\n<p>Afin de vous aider dans la prise en charge de vos patients atteints par le Covid-19, nous vous invitons \u00e0 t\u00e9l\u00e9charger ces&nbsp;<strong>fiches pratiques<\/strong>&nbsp;ainsi que le&nbsp;<strong>s<\/strong><strong>ch\u00e9ma vaccinal&nbsp;<\/strong>reprenant les diff\u00e9rents cas de figure concernant la vaccination (Pfizer et Janssen) avec la prise en compte de l\u2019infection Covid comme stimulation immunitaire \u00e0 part enti\u00e8re dans le nombre de doses \u00e0 effectuer.<\/p>\n<\/div>\n<p><strong>Crit\u00e8res de maintien \u00e0 domicile&nbsp;<\/strong>ou d&#8217;exclusion du maintien \u00e0 domicile pour les patients atteints du Covid-19 confirm\u00e9 par RT-PCR (ID Now) n\u00e9cessitant de l&#8217;oxyg\u00e9noth\u00e9rapie<br \/>\n<img loading=\"lazy\" decoding=\"async\" src=\"https:\/\/fonts.gstatic.com\/s\/e\/notoemoji\/14.0\/1f449\/72.png\" alt=\"&#x1f449;\" width=\"20\" height=\"20\" aria-label=\"&#x1f449;\" data-emoji=\"&#x1f449;\">&nbsp;T\u00e9l\u00e9charger la fiche en cliquant&nbsp;<a href=\"https:\/\/drive.google.com\/file\/d\/1EL1vmvciFMFbBh7vziVNi0SAeQO7IaYu\/view?usp=sharing\" target=\"_blank\" rel=\"noopener noreferrer\"><u>ICI<\/u><\/a><\/p>\n<p><strong>Conseils aux patients covid+<\/strong>&nbsp;post d\u00e9pistage positif<\/p>\n<p><img loading=\"lazy\" decoding=\"async\" src=\"https:\/\/fonts.gstatic.com\/s\/e\/notoemoji\/14.0\/1f449\/72.png\" alt=\"&#x1f449;\" width=\"20\" height=\"20\" aria-label=\"&#x1f449;\" data-emoji=\"&#x1f449;\">&nbsp;T\u00e9l\u00e9charger la fiche en cliquant&nbsp;<a href=\"https:\/\/drive.google.com\/file\/d\/1kmt4EQEGCXWl1k0Wer7tY0xHToxs-5Kk\/view?usp=sharing\" target=\"_blank\" rel=\"noopener noreferrer\">ICI<\/a><\/p>\n<p><strong>Suivi des patients Covid+<\/strong><br \/>\n<img loading=\"lazy\" decoding=\"async\" src=\"https:\/\/fonts.gstatic.com\/s\/e\/notoemoji\/14.0\/1f449\/72.png\" alt=\"&#x1f449;\" width=\"20\" height=\"20\" aria-label=\"&#x1f449;\" data-emoji=\"&#x1f449;\">&nbsp;T\u00e9l\u00e9charger les fiches en cliquant&nbsp;<a href=\"https:\/\/drive.google.com\/file\/d\/1gm6DKU4vh91fn_UA4jiC4k66ry8R1g4r\/view?usp=sharing\" target=\"_blank\" rel=\"noopener noreferrer\"><u>ICI<\/u><\/a><\/p>\n<p><strong>O\u00f9 trouver de l&#8217;oxyg\u00e8ne en ville<br \/>\n<img loading=\"lazy\" decoding=\"async\" src=\"https:\/\/fonts.gstatic.com\/s\/e\/notoemoji\/14.0\/1f449\/72.png\" alt=\"&#x1f449;\" width=\"20\" height=\"20\" aria-label=\"&#x1f449;\" data-emoji=\"&#x1f449;\">&nbsp;<\/strong>T\u00e9l\u00e9charger la fiche en cliquant&nbsp;<a href=\"https:\/\/drive.google.com\/file\/d\/1gEOTDt_uK_0Tx3sxhRVTtU4k_TEKF7q8\/view?usp=sharing\" target=\"_blank\" rel=\"noopener noreferrer\">ICI<\/a><\/p>\n<p><strong>Conduite \u00e0 tenir devant un patient Covid-19 positif en ambulatoire<\/strong><br \/>\n<img loading=\"lazy\" decoding=\"async\" src=\"https:\/\/fonts.gstatic.com\/s\/e\/notoemoji\/14.0\/1f449\/72.png\" alt=\"&#x1f449;\" width=\"20\" height=\"20\" aria-label=\"&#x1f449;\" data-emoji=\"&#x1f449;\">&nbsp;T\u00e9l\u00e9charger le sch\u00e9ma vaccinal&nbsp;en cliquant&nbsp;<a href=\"https:\/\/drive.google.com\/file\/d\/1Sw1j2ZSStlkat6J-YJedUnpZbvLEOJkt\/view?usp=sharing\" target=\"_blank\" rel=\"noopener noreferrer\">ICI<\/a><\/p>\n<\/div>\n<div>\n<div><\/div>\n<\/div>\n","protected":false},"excerpt":{"rendered":"<p>Crit\u00e8res de maintien \u00e0 domicile Chers cons\u0153urs&nbsp;et confr\u00e8res, Afin de vous aider dans la prise en charge de vos patients atteints par le Covid-19, nous vous invitons \u00e0 t\u00e9l\u00e9charger ces&nbsp;fiches pratiques&nbsp;ainsi que le&nbsp;sch\u00e9ma vaccinal&nbsp;reprenant les diff\u00e9rents cas de figure concernant la vaccination (Pfizer et Janssen) avec la prise en compte de l\u2019infection Covid comme stimulation&hellip;<\/p>\n","protected":false},"author":3,"featured_media":0,"comment_status":"open","ping_status":"open","sticky":false,"template":"","format":"standard","meta":{"footnotes":""},"categories":[182],"tags":[124],"amp_enabled":true,"_links":{"self":[{"href":"https:\/\/urpspharma.re\/index.php?rest_route=\/wp\/v2\/posts\/5051"}],"collection":[{"href":"https:\/\/urpspharma.re\/index.php?rest_route=\/wp\/v2\/posts"}],"about":[{"href":"https:\/\/urpspharma.re\/index.php?rest_route=\/wp\/v2\/types\/post"}],"author":[{"embeddable":true,"href":"https:\/\/urpspharma.re\/index.php?rest_route=\/wp\/v2\/users\/3"}],"replies":[{"embeddable":true,"href":"https:\/\/urpspharma.re\/index.php?rest_route=%2Fwp%2Fv2%2Fcomments&post=5051"}],"version-history":[{"count":2,"href":"https:\/\/urpspharma.re\/index.php?rest_route=\/wp\/v2\/posts\/5051\/revisions"}],"predecessor-version":[{"id":5053,"href":"https:\/\/urpspharma.re\/index.php?rest_route=\/wp\/v2\/posts\/5051\/revisions\/5053"}],"wp:attachment":[{"href":"https:\/\/urpspharma.re\/index.php?rest_route=%2Fwp%2Fv2%2Fmedia&parent=5051"}],"wp:term":[{"taxonomy":"category","embeddable":true,"href":"https:\/\/urpspharma.re\/index.php?rest_route=%2Fwp%2Fv2%2Fcategories&post=5051"},{"taxonomy":"post_tag","embeddable":true,"href":"https:\/\/urpspharma.re\/index.php?rest_route=%2Fwp%2Fv2%2Ftags&post=5051"}],"curies":[{"name":"wp","href":"https:\/\/api.w.org\/{rel}","templated":true}]}}